{"id":56868,"date":"2023-03-14T16:18:50","date_gmt":"2023-03-14T16:18:50","guid":{"rendered":"https:\/\/www.ole.com.ar\/futbol-internacional\/italia\/tremendo-elogio-guillermo-barros-schelotto-comparo-a-mateo-retegui-con-un-campeon-del-mundo-italia_0_fFBJHxbu3n.html"},"modified":"2023-03-14T16:18:50","modified_gmt":"2023-03-14T16:18:50","slug":"tremendo-elogio-guillermo-barros-schelotto-comparo-a-mateo-retegui-con-un-campeon-del-mundo","status":"publish","type":"post","link":"http:\/\/hoycordobaweb.com\/index.php\/2023\/03\/14\/tremendo-elogio-guillermo-barros-schelotto-comparo-a-mateo-retegui-con-un-campeon-del-mundo\/","title":{"rendered":"Tremendo elogio: Guillermo Barros Schelotto compar\u00f3 a Mateo Retegui con un campe\u00f3n del mundo"},"content":{"rendered":"<p><img src=\"http:\/\/hoycordobaweb.com\/wp-content\/uploads\/2023\/03\/tremendo-elogio-guillermo-barros-schelotto-comparo-a-mateo-retegui-con-un-campeon-del-mundo.jpg\"><\/p>\n<p><time class=\"createDate\" datetime=\"2023-03-14T13:18:50-03:00\">14\/03\/2023 13:18hs.<\/time><time class=\"modificatedDate\" datetime=\"2023\/03\/14T13:18:50-03:00\"><\/time><\/p>\n<div id=\"storyBody\">\n<div class=\"custom-text \" readability=\"35.943396226415\">\n<p><a href=\"https:\/\/www.ole.com.ar\/tema\/guillermo-barros-schelotto.html\" title=\"Guillermo barros Schelotto\" alt=\"Guillermo barros Schelotto\" class=\"slug\"><strong>Guillermo Barros Schelotto<\/strong><\/a> es, sin dudas, una palabra autorizada para hablar del presente de<a href=\"https:\/\/www.ole.com.ar\/tema\/mateo-retegui.html\" title=\"Mateo Retegui\" alt=\"Mateo Retegui\" class=\"slug\"><strong> Mateo Retegui<\/strong><\/a>. <strong>Es que el actual DT de la selecci\u00f3n de Paraguay fue el encargado de hacer debutar al delantero en Primera<\/strong>, cuando integraba el plantel de <a href=\"https:\/\/www.ole.com.ar\/tema\/boca-juniors.html\" title=\"Boca Juniors\" alt=\"Boca Juniors\" class=\"slug\"><strong>Boca<\/strong><\/a>: el 17 de noviembre de 2018,<strong> lo mand\u00f3 a la cancha en reemplazo de Carlos Tevez para disputar los \u00faltimos minutos del partido frente a Patronato, por la Superliga 2018\/19. <\/strong><\/p>\n<\/div>\n<div class=\"custom-text \" readability=\"37.877984084881\">\n<p>As\u00ed, luego de que se confirmara su convocatoria para la <a href=\"https:\/\/www.ole.com.ar\/tema\/seleccion-de-italia.html\" title=\"Selecci\u00f3n de Italia\" alt=\"Selecci\u00f3n de Italia\" class=\"slug\"><strong>selecci\u00f3n de Italia<\/strong><\/a>, el Melli se refiri\u00f3 al tema en una entrevista con La Gazzetta dello Sport y no escatim\u00f3 en elogios para el goleador del f\u00fatbol argentino: <strong>\u00abTiene mucha personalidad, viene de una familia con buena educaci\u00f3n, una base s\u00f3lida, tiene capacidad de adaptaci\u00f3n y se est\u00e1 preparando para este paso<\/strong>\u00ab.<\/p>\n<\/div>\n<div class=\"sc-489cef11-0 eZyHVk\" readability=\"6\">\n<section readability=\"2\"><picture><img class=\"img\" src=\"http:\/\/hoycordobaweb.com\/wp-content\/uploads\/2023\/03\/tremendo-elogio-guillermo-barros-schelotto-comparo-a-mateo-retegui-con-un-campeon-del-mundo-2.jpg\" alt=\"El tremendo elogio de Mancini para Retegui\" height=\"290\" width=\"290\" loading=\"lazy\"><\/picture>\n<p><span>Mir\u00e1 tambi\u00e9n<\/span><\/p>\n<hr>\n<h3>El tremendo elogio de Mancini para Retegui<\/h3>\n<\/p>\n<\/section>\n<\/div>\n<div class=\"custom-text \" readability=\"38\">\n<p>Adem\u00e1s, en la misma l\u00ednea, agreg\u00f3: <strong>\u00abItalia, m\u00e1s all\u00e1 de Immobile, no tiene un 9 como Retegui.<\/strong> Y creo que esta convocatoria tambi\u00e9n le abrir\u00e1 las puertas para llegar a un club europeo. Aqu\u00ed me enter\u00e9 del Milan\u00bb. <\/p>\n<\/div>\n<div class=\"sc-489cef11-0 eZyHVk\" readability=\"6\">\n<section readability=\"2\"><picture><img class=\"img\" src=\"http:\/\/hoycordobaweb.com\/wp-content\/uploads\/2023\/03\/tremendo-elogio-guillermo-barros-schelotto-comparo-a-mateo-retegui-con-un-campeon-del-mundo-3.jpg\" alt=\"Lo confirm\u00f3 el presidente de Tigre: Retegui jugar\u00e1 para la selecci\u00f3n de Italia\" height=\"290\" width=\"290\" loading=\"lazy\"><\/picture>\n<p><span>Mir\u00e1 tambi\u00e9n<\/span><\/p>\n<hr>\n<h3>Lo confirm\u00f3 el presidente de Tigre: Retegui jugar\u00e1 para la selecci\u00f3n de Italia<\/h3>\n<\/p>\n<\/section>\n<\/div>\n<div class=\"custom-text \" readability=\"41\">\n<p>Para cerrar, describi\u00f3: <strong>\u00abEs un 9 poderoso. <\/strong>Ser\u00e1 excelente para Italia, puede jugar f\u00e1cilmente por su f\u00edsico y valor. <strong>Es un goleador y en Italia no hay ninguno con sus caracter\u00edsticas: me recuerda, con m\u00e1s garra, a Gio Simeone, o al Luca Toni de 2006&#8243;. <\/strong>Toni convirti\u00f3 dos goles para la selecci\u00f3n italiana en el Mundial de Alemania 2006, donde se consagraron campeones.<\/p>\n<\/div>\n<div class=\"sc-489cef11-0 eZyHVk\" readability=\"6\">\n<section readability=\"2\"><picture><img class=\"img\" src=\"http:\/\/hoycordobaweb.com\/wp-content\/uploads\/2023\/03\/tremendo-elogio-guillermo-barros-schelotto-comparo-a-mateo-retegui-con-un-campeon-del-mundo-4.jpg\" alt=\"\u00bfC\u00f3mo le fue a Retegui post convocatoria a la selecci\u00f3n italiana?\" height=\"290\" width=\"290\" loading=\"lazy\"><\/picture>\n<p><span>Mir\u00e1 tambi\u00e9n<\/span><\/p>\n<hr>\n<h3>\u00bfC\u00f3mo le fue a Retegui post convocatoria a la selecci\u00f3n italiana?<\/h3>\n<\/p>\n<\/section>\n<\/div>\n<\/div>\n","protected":false},"excerpt":{"rendered":"<p>14\/03\/2023 13:18hs. Guillermo Barros Schelotto es, sin dudas, una palabra autorizada para hablar del presente de Mateo Retegui. Es que el actual DT de la selecci\u00f3n de Paraguay fue el encargado de hacer debutar al delantero en Primera, cuando integraba el plantel de Boca: el 17 de noviembre de 2018, lo mand\u00f3 a la cancha [&hellip;]<\/p>\n","protected":false},"author":1,"featured_media":56869,"comment_status":"open","ping_status":"closed","sticky":false,"template":"","format":"standard","meta":[],"categories":[16],"tags":[],"_links":{"self":[{"href":"http:\/\/hoycordobaweb.com\/index.php\/wp-json\/wp\/v2\/posts\/56868"}],"collection":[{"href":"http:\/\/hoycordobaweb.com\/index.php\/wp-json\/wp\/v2\/posts"}],"about":[{"href":"http:\/\/hoycordobaweb.com\/index.php\/wp-json\/wp\/v2\/types\/post"}],"author":[{"embeddable":true,"href":"http:\/\/hoycordobaweb.com\/index.php\/wp-json\/wp\/v2\/users\/1"}],"replies":[{"embeddable":true,"href":"http:\/\/hoycordobaweb.com\/index.php\/wp-json\/wp\/v2\/comments?post=56868"}],"version-history":[{"count":0,"href":"http:\/\/hoycordobaweb.com\/index.php\/wp-json\/wp\/v2\/posts\/56868\/revisions"}],"wp:featuredmedia":[{"embeddable":true,"href":"http:\/\/hoycordobaweb.com\/index.php\/wp-json\/wp\/v2\/media\/56869"}],"wp:attachment":[{"href":"http:\/\/hoycordobaweb.com\/index.php\/wp-json\/wp\/v2\/media?parent=56868"}],"wp:term":[{"taxonomy":"category","embeddable":true,"href":"http:\/\/hoycordobaweb.com\/index.php\/wp-json\/wp\/v2\/categories?post=56868"},{"taxonomy":"post_tag","embeddable":true,"href":"http:\/\/hoycordobaweb.com\/index.php\/wp-json\/wp\/v2\/tags?post=56868"}],"curies":[{"name":"wp","href":"https:\/\/api.w.org\/{rel}","templated":true}]}}