{"id":56866,"date":"2023-03-14T17:08:02","date_gmt":"2023-03-14T17:08:02","guid":{"rendered":"https:\/\/www.ole.com.ar\/ecuador\/aucas\/aucas-reconocimiento-condecoracion-asamblea-nacional-ecuador-premio-vicente-rocafuerte_0_4iDfCqdKzL.html"},"modified":"2023-03-14T17:08:02","modified_gmt":"2023-03-14T17:08:02","slug":"aucas-tuvo-su-reconocimiento-nacional-por-el-titulo-de-ligapro","status":"publish","type":"post","link":"http:\/\/hoycordobaweb.com\/index.php\/2023\/03\/14\/aucas-tuvo-su-reconocimiento-nacional-por-el-titulo-de-ligapro\/","title":{"rendered":"Aucas tuvo su reconocimiento nacional por el t\u00edtulo de LigaPro"},"content":{"rendered":"<p><img src=\"http:\/\/hoycordobaweb.com\/wp-content\/uploads\/2023\/03\/aucas-tuvo-su-reconocimiento-nacional-por-el-titulo-de-ligapro.jpg\"><\/p>\n<p><time class=\"createDate\" datetime=\"2023-03-14T14:08:02-03:00\">14\/03\/2023 14:08hs.<\/time><time class=\"modificatedDate\" datetime=\"2023\/03\/14T14:08:01-03:00\"><\/time><\/p>\n<div id=\"storyBody\">\n<div class=\"custom-text \" readability=\"37.515306122449\">\n<p>Ya pasaron meses desde que <a href=\"https:\/\/www.ole.com.ar\/tema\/aucas.html\" title=\"Aucas\" alt=\"Aucas\" class=\"slug\"><strong>Aucas <\/strong><\/a>alcanz\u00f3 la gloria tras ser campe\u00f3n del f\u00fatbol ecuatoriano, pero el hito quedar\u00e1 grabado en la historia por siempre, y ahora <strong>los campeones tuvieron su reconocimiento a nivel pa\u00eds. <\/strong>Se llev\u00f3 a cabo una condecoraci\u00f3n al Equipo del Pueblo ganador de la LigaPro 2022 en la <strong>Asamblea Nacional del Ecuador, donde se les entreg\u00f3 el galard\u00f3n Vicente Rocafuerte.<\/strong><\/p>\n<\/div>\n<div class=\"sc-489cef11-0 eZyHVk\" readability=\"6\">\n<section readability=\"2\"><picture><img class=\"img\" src=\"http:\/\/hoycordobaweb.com\/wp-content\/uploads\/2023\/03\/aucas-tuvo-su-reconocimiento-nacional-por-el-titulo-de-ligapro-2.jpg\" alt=\"Miguel \u00c1ngel Loor da la cara: &quot;El sacrificio va a valer la pena&quot;\" height=\"290\" width=\"290\" loading=\"lazy\"><\/picture>\n<p><span>Mir\u00e1 tambi\u00e9n<\/span><\/p>\n<hr>\n<h3>Miguel \u00c1ngel Loor da la cara: \u00abEl sacrificio va a valer la pena\u00bb<\/h3>\n<\/p>\n<\/section>\n<\/div>\n<div class=\"sc-489cef11-0 eZyHVk\" readability=\"6.5\">\n<section readability=\"3\"><picture><img class=\"img\" src=\"http:\/\/hoycordobaweb.com\/wp-content\/uploads\/2023\/03\/aucas-tuvo-su-reconocimiento-nacional-por-el-titulo-de-ligapro-3.jpg\" alt=\"C\u00e9sar Far\u00edas, \u00bfen la mira de una selecci\u00f3n?\" height=\"290\" width=\"290\" loading=\"lazy\"><\/picture>\n<p><span>Mir\u00e1 tambi\u00e9n<\/span><\/p>\n<hr>\n<h3>C\u00e9sar Far\u00edas, \u00bfen la mira de una selecci\u00f3n?<\/h3>\n<\/p>\n<\/section>\n<\/div>\n<div class=\"custom-text \" readability=\"37\">\n<p>El premio que recibieron los campeones es denominado la m\u00e1xima presea al m\u00e9rito deportivo. En la asamblea con la presencia de 94 legisladores, <strong>se instal\u00f3 la continuaci\u00f3n de la sesi\u00f3n N\u00b0 849 para la entrega de condecoraci\u00f3n y reconocimiento al club,<\/strong> en la que se homenaje\u00f3 a jugadores y staff.<\/p>\n<\/div>\n<div class=\"sc-489cef11-0 eZyHVk\" readability=\"6\">\n<section readability=\"2\"><picture><img class=\"img\" src=\"http:\/\/hoycordobaweb.com\/wp-content\/uploads\/2023\/03\/aucas-tuvo-su-reconocimiento-nacional-por-el-titulo-de-ligapro-4.jpg\" alt=\"El campe\u00f3n se refuerza: Aucas anunci\u00f3 dos fichajes\" height=\"290\" width=\"290\" loading=\"lazy\"><\/picture>\n<p><span>Mir\u00e1 tambi\u00e9n<\/span><\/p>\n<hr>\n<h3>El campe\u00f3n se refuerza: Aucas anunci\u00f3 dos fichajes<\/h3>\n<\/p>\n<\/section>\n<\/div>\n<p><h2><strong>El reconocimiento de los pol\u00edticos<\/strong><\/h2>\n<\/p>\n<div class=\"custom-text \" readability=\"36\">\n<p><strong>Varias figuras de la pol\u00edtica ecuatoriana, m\u00e1s precisamente de Pichincha, se pronunciaron para brindar sus felicitaciones<\/strong> al equipo que hizo historia cuando derrot\u00f3 a Barcelona en la \u00faltima final de la Serie A de Ecuador.<\/p>\n<\/div>\n<div class=\"sc-489cef11-0 eZyHVk\" readability=\"6\">\n<section readability=\"2\"><picture><img class=\"img\" src=\"http:\/\/hoycordobaweb.com\/wp-content\/uploads\/2023\/03\/aucas-tuvo-su-reconocimiento-nacional-por-el-titulo-de-ligapro-5.jpg\" alt=\"Desde la CDP aclaran sobre la demolici\u00f3n del Atahualpa\" height=\"290\" width=\"290\" loading=\"lazy\"><\/picture>\n<p><span>Mir\u00e1 tambi\u00e9n<\/span><\/p>\n<hr>\n<h3>Desde la CDP aclaran sobre la demolici\u00f3n del Atahualpa<\/h3>\n<\/p>\n<\/section>\n<\/div>\n<div class=\"custom-text \" readability=\"38\">\n<p>El primero de ellos fue Marlon Cadena, Asamble\u00edsta por Pichincha, que expres\u00f3: <strong>\u201cEl reconocimiento no es una cortes\u00eda, es una necesidad humana, <\/strong>un acto de justicia para aquellos que pasaron su vida esperando que el Papa Aucas sea reconocido\u201d.<\/p>\n<\/div>\n<div class=\"custom-text \" readability=\"36\">\n<p>Tambi\u00e9n, la asamble\u00edsta Jessica Castillo mostr\u00f3 su reconocimiento<strong>: \u201cMi felicitaci\u00f3n al equipo por todo su esfuerzo y por el amor a su hinchada que luego de 77 a\u00f1os recibi\u00f3 el campeonato\u201d<\/strong>. Y su colega Alejandro Jamarillo se sum\u00f3:<strong> \u201cUstedes son la inspiraci\u00f3n de sus familias y de miles de j\u00f3venes que ven en el futbol la oportunidad de cambiar sus vidas\u201d.<\/strong><\/p>\n<\/div>\n<div class=\"sc-996041c8-0 iUjELL\"><img alt=\"Jessica Castilloen la Asamblea. (@AsambleaEcuador)\" src=\"http:\/\/hoycordobaweb.com\/wp-content\/uploads\/2023\/03\/aucas-tuvo-su-reconocimiento-nacional-por-el-titulo-de-ligapro-6.jpg\" width=\"720\" height=\"0\" decoding=\"async\" data-nimg=\"future\" loading=\"lazy\"><span>Jessica Castilloen la Asamblea. (@AsambleaEcuador)<\/span><\/div>\n<div class=\"custom-text \" readability=\"38\">\n<p>Posteriormente, el presidente de la legislatura, <strong>Virgilio Saquicela, junto a otros legisladores hizo entrega del acuerdo y condecoraci\u00f3n a Gonzalo Pozo Ripalda,<\/strong> exfutbolista de Aucas fallecido en el 2019.<\/p>\n<\/div>\n<div class=\"custom-text \" readability=\"38\">\n<p>Quien recibi\u00f3 el reconocimiento fue Mauricio Pozo, hijo del homenajeado. <strong>\u201cFue un orgullo para nuestra familia, fue un icono del futbol ecuatoriano, el estadio de Aucas que lleva su nombre es un justo reconocimiento a su vida\u201d<\/strong>, expres\u00f3 Pozo hijo en su discurso de agradecimiento.<\/p>\n<\/div>\n<div class=\"sc-996041c8-0 iUjELL\"><img alt=\"Mauricio Pozzo en la Asamblea. (@AsambleaEcuador)\" src=\"http:\/\/hoycordobaweb.com\/wp-content\/uploads\/2023\/03\/aucas-tuvo-su-reconocimiento-nacional-por-el-titulo-de-ligapro-7.jpg\" width=\"720\" height=\"0\" decoding=\"async\" data-nimg=\"future\" loading=\"lazy\"><span>Mauricio Pozzo en la Asamblea. (@AsambleaEcuador)<\/span><\/div>\n<div class=\"sc-489cef11-0 eZyHVk\" readability=\"6.5\">\n<section readability=\"3\"><picture><img class=\"img\" src=\"http:\/\/hoycordobaweb.com\/wp-content\/uploads\/2023\/03\/aucas-tuvo-su-reconocimiento-nacional-por-el-titulo-de-ligapro-8.jpg\" alt=\"Muentes le respondi\u00f3 a Loor: &quot;Nosotros no necesitamos que nadie nos conozca o desconozca&quot;\" height=\"290\" width=\"290\" loading=\"lazy\"><\/picture>\n<p><span>Mir\u00e1 tambi\u00e9n<\/span><\/p>\n<hr>\n<h3>Muentes le respondi\u00f3 a Loor: \u00abNosotros no necesitamos que nadie nos conozca o desconozca\u00bb<\/h3>\n<\/p>\n<\/section>\n<\/div>\n<div class=\"sc-489cef11-0 eZyHVk\" readability=\"6\">\n<section readability=\"2\"><picture><img class=\"img\" src=\"http:\/\/hoycordobaweb.com\/wp-content\/uploads\/2023\/03\/aucas-tuvo-su-reconocimiento-nacional-por-el-titulo-de-ligapro-9.jpg\" alt=\"\u00c1rbitros pidieron no jugar torneos hasta que FEF les pague; Loor les respondi\u00f3\" height=\"290\" width=\"290\" loading=\"lazy\"><\/picture>\n<p><span>Mir\u00e1 tambi\u00e9n<\/span><\/p>\n<hr>\n<h3>\u00c1rbitros pidieron no jugar torneos hasta que FEF les pague; Loor les respondi\u00f3<\/h3>\n<\/p>\n<\/section>\n<\/div>\n<p><h2><strong>C\u00e9sar Far\u00edas presente<\/strong><\/h2>\n<\/p>\n<div class=\"custom-text \" readability=\"33.43949044586\">\n<p>El principal gestor de lo que fue la coronaci\u00f3n del Equipo del Pueblo tambi\u00e9n tuvo su momento en el micr\u00f3fono.<strong> <\/strong><a href=\"https:\/\/www.ole.com.ar\/tema\/cesar-farias.html\" title=\"C\u00e9sar Far\u00edas\" alt=\"C\u00e9sar Far\u00edas\" class=\"slug\"><strong>C\u00e9sar Far\u00edas<\/strong><\/a><strong> cont\u00f3 que desde su llegada se ha comenzado a desarrollar un proyecto que tiene como objetivo ubicar a Aucas como equipo protagonista del f\u00fatbol ecuatoriano en un lapso de cinco a\u00f1os.<\/strong><\/p>\n<\/div>\n<div class=\"sc-996041c8-0 iUjELL\"><img alt=\"C\u00e9sar Far\u00edas en la Asamblea. (@AsambleaEcuador)\" src=\"http:\/\/hoycordobaweb.com\/wp-content\/uploads\/2023\/03\/aucas-tuvo-su-reconocimiento-nacional-por-el-titulo-de-ligapro-10.jpg\" width=\"720\" height=\"0\" decoding=\"async\" data-nimg=\"future\" loading=\"lazy\"><span>C\u00e9sar Far\u00edas en la Asamblea. (@AsambleaEcuador)<\/span><\/div>\n<div class=\"custom-text \" readability=\"35\">\n<p>Los jugadores recibieron su reconocimiento y, por supuesto, festejaron con el trofeo una vez m\u00e1s la alegr\u00eda que quedar\u00e1 grabada por siempre en los libros de la historia del futbol tricolor.<\/p>\n<\/div>\n<\/div>\n","protected":false},"excerpt":{"rendered":"<p>14\/03\/2023 14:08hs. Ya pasaron meses desde que Aucas alcanz\u00f3 la gloria tras ser campe\u00f3n del f\u00fatbol ecuatoriano, pero el hito quedar\u00e1 grabado en la historia por siempre, y ahora los campeones tuvieron su reconocimiento a nivel pa\u00eds. Se llev\u00f3 a cabo una condecoraci\u00f3n al Equipo del Pueblo ganador de la LigaPro 2022 en la Asamblea [&hellip;]<\/p>\n","protected":false},"author":1,"featured_media":56867,"comment_status":"open","ping_status":"closed","sticky":false,"template":"","format":"standard","meta":[],"categories":[16],"tags":[],"_links":{"self":[{"href":"http:\/\/hoycordobaweb.com\/index.php\/wp-json\/wp\/v2\/posts\/56866"}],"collection":[{"href":"http:\/\/hoycordobaweb.com\/index.php\/wp-json\/wp\/v2\/posts"}],"about":[{"href":"http:\/\/hoycordobaweb.com\/index.php\/wp-json\/wp\/v2\/types\/post"}],"author":[{"embeddable":true,"href":"http:\/\/hoycordobaweb.com\/index.php\/wp-json\/wp\/v2\/users\/1"}],"replies":[{"embeddable":true,"href":"http:\/\/hoycordobaweb.com\/index.php\/wp-json\/wp\/v2\/comments?post=56866"}],"version-history":[{"count":0,"href":"http:\/\/hoycordobaweb.com\/index.php\/wp-json\/wp\/v2\/posts\/56866\/revisions"}],"wp:featuredmedia":[{"embeddable":true,"href":"http:\/\/hoycordobaweb.com\/index.php\/wp-json\/wp\/v2\/media\/56867"}],"wp:attachment":[{"href":"http:\/\/hoycordobaweb.com\/index.php\/wp-json\/wp\/v2\/media?parent=56866"}],"wp:term":[{"taxonomy":"category","embeddable":true,"href":"http:\/\/hoycordobaweb.com\/index.php\/wp-json\/wp\/v2\/categories?post=56866"},{"taxonomy":"post_tag","embeddable":true,"href":"http:\/\/hoycordobaweb.com\/index.php\/wp-json\/wp\/v2\/tags?post=56866"}],"curies":[{"name":"wp","href":"https:\/\/api.w.org\/{rel}","templated":true}]}}