{"id":56864,"date":"2023-03-14T17:18:53","date_gmt":"2023-03-14T17:18:53","guid":{"rendered":"https:\/\/www.ole.com.ar\/independiente\/respuesta-doman-stillitano-no-me-voy-independiente_0_KO22YVAXks.html"},"modified":"2023-03-14T17:18:53","modified_gmt":"2023-03-14T17:18:53","slug":"la-respuesta-de-stillitano-a-doman-no-me-voy-a-ir","status":"publish","type":"post","link":"http:\/\/hoycordobaweb.com\/index.php\/2023\/03\/14\/la-respuesta-de-stillitano-a-doman-no-me-voy-a-ir\/","title":{"rendered":"La respuesta de Stillitano a Doman: \u00abNo me voy a ir\u00bb"},"content":{"rendered":"<p><img src=\"http:\/\/hoycordobaweb.com\/wp-content\/uploads\/2023\/03\/la-respuesta-de-stillitano-a-doman-no-me-voy-a-ir.jpg\"><\/p>\n<p><time class=\"createDate\" datetime=\"2023-03-14T14:18:53-03:00\">14\/03\/2023 14:18hs.<\/time><time class=\"modificatedDate\" datetime=\"2023\/03\/14T14:18:53-03:00\"><\/time><\/p>\n<div id=\"storyBody\">\n<div class=\"custom-text \" readability=\"28.614730878187\">\n<p><a href=\"https:\/\/www.ole.com.ar\/independiente\/doman-stillitano-independiente-colon_0_EkFIyzVOR9.html\"><strong>\u00abLo que pase o no pase el s\u00e1bado, depende de \u00e9l\u00bb<\/strong><\/a>. Las palabras de<a href=\"https:\/\/www.ole.com.ar\/tema\/fabian-doman.html\" title=\"Fabi\u00e1n Doman\" alt=\"Fabi\u00e1n Doman\" class=\"slug\"> Fabi\u00e1n Doman<\/a>, presidente de <a href=\"https:\/\/www.ole.com.ar\/tema\/club-atletico-independiente.html\" title=\"Club Atl\u00e9tico Independiente\" alt=\"Club Atl\u00e9tico Independiente\" class=\"slug\">Independiente<\/a>, dejaron entrever que el futuro de <a href=\"https:\/\/www.ole.com.ar\/tema\/leandro-stillitano.html\" target=\"_blank\" title=\"Leandro Stillitano\" alt=\"Leandro Stillitano\" class=\"slug\" rel=\"noopener noreferrer\">Leandro Stillitano<\/a> podr\u00eda estar en duda si no se da una victoria frente a Col\u00f3n el fin de semana que viene. Este martes, el DT del Rojo se refiri\u00f3 a estas declaraciones y <strong>le marc\u00f3 la cancha al dirigente.<\/strong><\/p>\n<\/div>\n<div class=\"custom-text \" readability=\"41\">\n<p>\u00abNo escuch\u00e9 las declaraciones del presidente. Todos queremos ganar, presidente, jugadores y entrenado. Vivo en Avellaneda y veo que los hinchas entienden el momento del club y siguen apoyando\u00bb, asegur\u00f3 Stilliano, y dijo que se siente con fuerza en su cargo: \u00ab<strong>No me voy a ir, estoy muy bien, est\u00e1 muy bien el cuerpo t\u00e9cnico con los jugadores\u00bb.<\/strong><\/p>\n<\/div>\n<div class=\"sc-996041c8-0 iUjELL\"><img alt=\"Cavallero y Doman en la presentaci\u00f3n de Stillitano.\" src=\"http:\/\/hoycordobaweb.com\/wp-content\/uploads\/2023\/03\/la-respuesta-de-stillitano-a-doman-no-me-voy-a-ir-2.jpg\" width=\"720\" height=\"0\" decoding=\"async\" data-nimg=\"future\" loading=\"lazy\"><span>Cavallero y Doman en la presentaci\u00f3n de Stillitano.<\/span><\/div>\n<div class=\"custom-text \" readability=\"37\">\n<p>En charla con D Sport Radio, el t\u00e9cnico del Rojo record\u00f3 que \u00abcuando me llamaron, el club fue claro con la situaci\u00f3n en la que se encontraba\u00bb, sostuvo que \u00abla relaci\u00f3n con los dirigentes es muy buena\u00bb y reconoci\u00f3:<strong> \u00abEntiendo las reglas del f\u00fatbol y que hay que ganar\u00bb.<\/strong><\/p>\n<\/div>\n<div class=\"sc-489cef11-0 eZyHVk\" readability=\"6\">\n<section readability=\"2\"><picture><img class=\"img\" src=\"http:\/\/hoycordobaweb.com\/wp-content\/uploads\/2023\/03\/la-respuesta-de-stillitano-a-doman-no-me-voy-a-ir-3.jpg\" alt=\"Doman sobre Stillitano: &quot;Depende de \u00e9l&quot;\" height=\"290\" width=\"290\" loading=\"lazy\"><\/picture>\n<p><span>Mir\u00e1 tambi\u00e9n<\/span><\/p>\n<hr>\n<h3>Doman sobre Stillitano: \u00abDepende de \u00e9l\u00bb<\/h3>\n<\/p>\n<\/section>\n<\/div>\n<div class=\"custom-text \" readability=\"34\">\n<p>Stillitano admiti\u00f3 que <strong>\u00abno hemos podido convencer en puntos lo que hicimos y venimos trabajando.<\/strong> El \u00fanico camino es seguir trabajando. La realidad de hoy se da por resultados. Algunas lesiones nos perjudicaron y no permitieron a mi repetir el once\u00bb.<\/p>\n<\/div>\n<div class=\"sc-996041c8-0 iUjELL\"><img alt=\"Col\u00f3n ser\u00e1 un partido clave para el entrenador (Foto: Fernando de la Orden).\" src=\"http:\/\/hoycordobaweb.com\/wp-content\/uploads\/2023\/03\/la-respuesta-de-stillitano-a-doman-no-me-voy-a-ir-4.jpg\" width=\"720\" height=\"0\" decoding=\"async\" data-nimg=\"future\" loading=\"lazy\"><span>Col\u00f3n ser\u00e1 un partido clave para el entrenador (Foto: Fernando de la Orden).<\/span><\/div>\n<div class=\"custom-text \" readability=\"37\">\n<p>Por \u00faltimo, el entrenador valor\u00f3: \u201cPlatense y Defensa nos quitaron confianza, pero contra Instituto vi respuesta de los jugadores y en el partido con Barracas tambi\u00e9n. <strong>El equipo debe jugar mejor y ganar.<\/strong> Trato de mirar lo positivo y estoy convencido que el s\u00e1bado vamos a hacer un buen partido\u00bb.<\/p>\n<\/div>\n<p><h2><strong>El momento de Independiente<\/strong><\/h2>\n<\/p>\n<div class=\"custom-text \" readability=\"38\">\n<p>El Rojo recibir\u00e1 a Col\u00f3n de Santa Fe el pr\u00f3ximo s\u00e1bado, por la octava fecha de la Liga Profesional, y est\u00e1 obligado a levantar lo que desde la llegada de Stillitano fue una floja producci\u00f3n futbol\u00edstica. <strong>El Rojo consigui\u00f3 una sola victoria en lo que va del torneo y marcha en la 22\u00b0 posici\u00f3n de la tabla, con siete puntos (cuatro empates y dos derrotas).<\/strong><\/p>\n<\/div>\n<div class=\"sc-489cef11-0 eZyHVk\" readability=\"6\">\n<section readability=\"2\"><picture><img class=\"img\" src=\"http:\/\/hoycordobaweb.com\/wp-content\/uploads\/2023\/03\/la-respuesta-de-stillitano-a-doman-no-me-voy-a-ir-5.jpg\" alt=\"Angelici confirm\u00f3 la bomba de Ol\u00e9: Macri participar\u00e1 de las elecciones en Boca\" height=\"290\" width=\"290\" loading=\"lazy\"><\/picture>\n<p><span>Mir\u00e1 tambi\u00e9n<\/span><\/p>\n<hr>\n<h3>Angelici confirm\u00f3 la bomba de Ol\u00e9: Macri participar\u00e1 de las elecciones en Boca<\/h3>\n<\/p>\n<\/section>\n<\/div>\n<div class=\"sc-489cef11-0 eZyHVk\" readability=\"6\">\n<section readability=\"2\"><picture><img class=\"img\" src=\"http:\/\/hoycordobaweb.com\/wp-content\/uploads\/2023\/03\/la-respuesta-de-stillitano-a-doman-no-me-voy-a-ir-6.jpg\" alt=\"Garnacho se despidi\u00f3 de la Selecci\u00f3n Argentina\" height=\"290\" width=\"290\" loading=\"lazy\"><\/picture>\n<p><span>Mir\u00e1 tambi\u00e9n<\/span><\/p>\n<hr>\n<h3>Garnacho se despidi\u00f3 de la Selecci\u00f3n Argentina<\/h3>\n<\/p>\n<\/section>\n<\/div>\n<\/div>\n","protected":false},"excerpt":{"rendered":"<p>14\/03\/2023 14:18hs. \u00abLo que pase o no pase el s\u00e1bado, depende de \u00e9l\u00bb. Las palabras de Fabi\u00e1n Doman, presidente de Independiente, dejaron entrever que el futuro de Leandro Stillitano podr\u00eda estar en duda si no se da una victoria frente a Col\u00f3n el fin de semana que viene. Este martes, el DT del Rojo se [&hellip;]<\/p>\n","protected":false},"author":1,"featured_media":56865,"comment_status":"open","ping_status":"closed","sticky":false,"template":"","format":"standard","meta":[],"categories":[16],"tags":[],"_links":{"self":[{"href":"http:\/\/hoycordobaweb.com\/index.php\/wp-json\/wp\/v2\/posts\/56864"}],"collection":[{"href":"http:\/\/hoycordobaweb.com\/index.php\/wp-json\/wp\/v2\/posts"}],"about":[{"href":"http:\/\/hoycordobaweb.com\/index.php\/wp-json\/wp\/v2\/types\/post"}],"author":[{"embeddable":true,"href":"http:\/\/hoycordobaweb.com\/index.php\/wp-json\/wp\/v2\/users\/1"}],"replies":[{"embeddable":true,"href":"http:\/\/hoycordobaweb.com\/index.php\/wp-json\/wp\/v2\/comments?post=56864"}],"version-history":[{"count":0,"href":"http:\/\/hoycordobaweb.com\/index.php\/wp-json\/wp\/v2\/posts\/56864\/revisions"}],"wp:featuredmedia":[{"embeddable":true,"href":"http:\/\/hoycordobaweb.com\/index.php\/wp-json\/wp\/v2\/media\/56865"}],"wp:attachment":[{"href":"http:\/\/hoycordobaweb.com\/index.php\/wp-json\/wp\/v2\/media?parent=56864"}],"wp:term":[{"taxonomy":"category","embeddable":true,"href":"http:\/\/hoycordobaweb.com\/index.php\/wp-json\/wp\/v2\/categories?post=56864"},{"taxonomy":"post_tag","embeddable":true,"href":"http:\/\/hoycordobaweb.com\/index.php\/wp-json\/wp\/v2\/tags?post=56864"}],"curies":[{"name":"wp","href":"https:\/\/api.w.org\/{rel}","templated":true}]}}