{"id":56862,"date":"2023-03-14T17:26:16","date_gmt":"2023-03-14T17:26:16","guid":{"rendered":"https:\/\/www.ole.com.ar\/fuera-de-juego\/copa-de-penales-de-la-liga-profesional-velez-torneo-argentina-patea_0_G3kOQgE7dx.html"},"modified":"2023-03-14T17:26:16","modified_gmt":"2023-03-14T17:26:16","slug":"atencion-la-copa-de-penales-de-la-liga-arranca-en-velez","status":"publish","type":"post","link":"http:\/\/hoycordobaweb.com\/index.php\/2023\/03\/14\/atencion-la-copa-de-penales-de-la-liga-arranca-en-velez\/","title":{"rendered":"\u00a1Atenci\u00f3n! La Copa de Penales de la Liga arranca en V\u00e9lez"},"content":{"rendered":"<p><img src=\"http:\/\/hoycordobaweb.com\/wp-content\/uploads\/2023\/03\/atencion-la-copa-de-penales-de-la-liga-arranca-en-velez.jpg\"><\/p>\n<p><time class=\"createDate\" datetime=\"2023-03-14T14:26:16-03:00\">14\/03\/2023 14:26hs.<\/time><time class=\"modificatedDate\" datetime=\"2023\/03\/14T14:26:16-03:00\"><\/time><\/p>\n<div id=\"storyBody\">\n<div class=\"custom-text \" readability=\"10\">\n<p><strong>La Copa de Penales de la Liga Profesional de F\u00fatbol<\/strong> ya est\u00e1 en marcha: en el marco de Argentina Patea, el pr\u00f3ximo domingo 19 de marzo <strong>se celebrar\u00e1 el primer torneo del Club Atl\u00e9tico V\u00e9lez Sarsfield.<\/strong><\/p>\n<\/div>\n<div class=\"custom-text \" readability=\"11\">\n<p>El evento<strong> se desarrollar\u00e1 desde las 11 en el Campus Victorio Spinetto<\/strong>, el complejo deportivo anexo al estadio Jos\u00e9 Amalfitani de Liniers. Y si sos socio de V\u00e9lez, prest\u00e1 atenci\u00f3n:<strong> \u00a1la inscripci\u00f3n para vos es gratuita!<\/strong><\/p>\n<\/div>\n<div class=\"sc-996041c8-0 iUjELL\"><img alt=\"Se viene el Argentina Patea en V\u00e9lez.\" src=\"http:\/\/hoycordobaweb.com\/wp-content\/uploads\/2023\/03\/atencion-la-copa-de-penales-de-la-liga-arranca-en-velez-2.jpg\" width=\"720\" height=\"0\" decoding=\"async\" data-nimg=\"future\" loading=\"lazy\"><span>Se viene el Argentina Patea en V\u00e9lez.<\/span><\/div>\n<div class=\"custom-text \" readability=\"12\">\n<p>A trav\u00e9s de este torneo, la instituci\u00f3n<strong> ir\u00e1 reclutando a sus mejores ejecutantes para elegir al top 10 que representar\u00e1 al club -junto a cinco profesionales y a un arquero- en la gran final del campeonato que se desarrollar\u00e1 en agosto en el predio de la AFA en Ezeiza<\/strong>, la casa de los campeones del mundo.<\/p>\n<\/div>\n<div class=\"custom-text \" readability=\"9.6558139534884\">\n<p>\u00bfQu\u00e9 ten\u00e9s que hacer? Ingresar a <a href=\"http:\/\/www.argentinapatea.com\" target=\"_blank\" rel=\"noopener noreferrer\">www.argentinapatea.com<\/a>, seleccionar la pesta\u00f1a Torneos 2023 y elegir la competencia a la que quer\u00e9s participar. En este caso, la interna de V\u00e9lez. O bien, <a href=\"https:\/\/argentinapatea.com\/products\/argentina-patea-en-velez?variant=43465443967235\" target=\"_blank\" rel=\"noopener noreferrer\">haciendo click aqu\u00ed<\/a>.<\/p>\n<\/div>\n<div class=\"custom-text \" readability=\"9\">\n<p>\u00a1Y listo! S\u00f3lo queda practicar en la cancha del barrio para ir calibrando tu remate. \u00bfLe peg\u00e1s con la calidad y la potencia de Jos\u00e9 Luis Chilavert? \u00bfLa acarici\u00e1s contra un palo? Vos eleg\u00ed tu estilo. \u00a1Y a patear!<\/p>\n<\/div>\n<p><h2>\u00bfC\u00f3mo se juega la Copa de Penales de la Liga?<\/h2>\n<\/p>\n<div class=\"sc-996041c8-0 iUjELL\"><img alt=\"Argentina Patea\" src=\"http:\/\/hoycordobaweb.com\/wp-content\/uploads\/2023\/03\/atencion-la-copa-de-penales-de-la-liga-arranca-en-velez-3.jpg\" width=\"720\" height=\"0\" decoding=\"async\" data-nimg=\"future\" loading=\"lazy\"><span>Argentina Patea<\/span><\/div>\n<div class=\"custom-text \" readability=\"9\">\n<p>Los clubes que integran la LPF van a organizar sus propios torneos para definir a los diez mejores ejecutantes amateurs que van a representar a su club en la <strong>Copa de Penales de la LPF<\/strong> junto a cinco profesionales y dos arqueros.<\/p>\n<\/div>\n<div class=\"custom-text \" readability=\"14\">\n<p>Este inicio de competencia viene a continuar el camino que inici\u00f3 en el 2022, cuando se celebr\u00f3 la primera edici\u00f3n de la <strong>Copa de Penales de la Liga Profesional<\/strong>, cuya definici\u00f3n se llev\u00f3 a cabo en el predio que la AFA posee en Ezeiza, la casa de la Selecci\u00f3n. Exactamente el a\u00f1o en el que salimos campeones del mundo por penales, \u00bfuna se\u00f1al?<\/p>\n<\/div>\n<div class=\"sc-e6588e40-0 jdjGfi\">\n<div class=\"sc-e6588e40-1 hsKqox videoText\" id=\"contentTitleundefinedAbmpmiGC\" readability=\"6\"><svg fill=\"#ffffff\"><symbol id=\"play\" viewBox=\"0 0 512 512\"><path d=\"M512 256C512 397.4 397.4 512 256 512C114.6 512 0 397.4 0 256C0 114.6 114.6 0 256 0C397.4 0 512 114.6 512 256zM176 168V344C176 352.7 180.7 360.7 188.3 364.9C195.8 369.2 205.1 369 212.5 364.5L356.5 276.5C363.6 272.1 368 264.4 368 256C368 247.6 363.6 239.9 356.5 235.5L212.5 147.5C205.1 142.1 195.8 142.8 188.3 147.1C180.7 151.3 176 159.3 176 168V168z\" \/><\/symbol><use xlink:href=\"#play\" \/><\/svg><\/p>\n<div class=\"right\" readability=\"7\">\n<p>Jorge Vivaldo<!-- --> &#8211;<!-- --> <span>14-3-2023<\/span><\/p>\n<h2 class=\"title-vid\">Jorge Vivaldo palpit\u00f3 la Copa de Penales de la LPF<\/h2>\n<\/div>\n<\/div>\n<p><span class=\"back\" id=\"spanBackundefinedAbmpmiGC\"><\/span><\/div>\n<div class=\"custom-text \" readability=\"10\">\n<p>Con la participaci\u00f3n de los 28 clubes que integran la LPF, el a\u00f1o pasado en total ejecutaron penales 25.000 pateadores, lo que valida el impacto positivo que Argentina Patea tuvo en los hinchas.<\/p>\n<\/div>\n<div class=\"custom-text \" readability=\"11\">\n<p>En total se celebraron 28 fechas de clasificaci\u00f3n y 12 campeonatos de finales internas que sirvieron para designar a los ejecutantes que estuvieron en Ezeiza en una jornada \u00fanica de la que participaron m\u00e1s de 500 personas, quienes disfrutaron de un torneo sin precedentes acompa\u00f1adas de las figuras del f\u00fatbol nacional.<\/p>\n<\/div>\n<div class=\"custom-text \" readability=\"9\">\n<p>Para conocer las fechas en las que se ir\u00e1n disputando los eventos de cada club s\u00f3lo ten\u00e9s que ingresar al sitio oficial de la competencia (https:\/\/argentinapatea.com\/). All\u00ed estar\u00e1n las fechas discriminadas por club para que f\u00e1cilmente puedas anotarte y participar.<\/p>\n<\/div>\n<div class=\"sc-489cef11-0 eZyHVk\" readability=\"6\">\n<section readability=\"2\"><picture><img class=\"img\" src=\"http:\/\/hoycordobaweb.com\/wp-content\/uploads\/2023\/03\/atencion-la-copa-de-penales-de-la-liga-arranca-en-velez-4.jpg\" alt=\"Reelecci\u00f3n para Gianni Infantino como presidente de la FIFA\" height=\"290\" width=\"290\" loading=\"lazy\"><\/picture>\n<p><span>Mir\u00e1 tambi\u00e9n<\/span><\/p>\n<hr>\n<h3>Reelecci\u00f3n para Gianni Infantino como presidente de la FIFA<\/h3>\n<\/p>\n<\/section>\n<\/div>\n<div class=\"sc-489cef11-0 eZyHVk\" readability=\"6\">\n<section readability=\"2\"><picture><img class=\"img\" src=\"http:\/\/hoycordobaweb.com\/wp-content\/uploads\/2023\/03\/atencion-la-copa-de-penales-de-la-liga-arranca-en-velez-5.jpg\" alt=\"El aviso de Gast\u00f3n Lodico: &quot;No respetaremos mucho lo que significa Boca&quot;\" height=\"290\" width=\"290\" loading=\"lazy\"><\/picture>\n<p><span>Mir\u00e1 tambi\u00e9n<\/span><\/p>\n<hr>\n<h3>El aviso de Gast\u00f3n Lodico: \u00abNo respetaremos mucho lo que significa Boca\u00bb<\/h3>\n<\/p>\n<\/section>\n<\/div>\n<\/div>\n","protected":false},"excerpt":{"rendered":"<p>14\/03\/2023 14:26hs. La Copa de Penales de la Liga Profesional de F\u00fatbol ya est\u00e1 en marcha: en el marco de Argentina Patea, el pr\u00f3ximo domingo 19 de marzo se celebrar\u00e1 el primer torneo del Club Atl\u00e9tico V\u00e9lez Sarsfield. El evento se desarrollar\u00e1 desde las 11 en el Campus Victorio Spinetto, el complejo deportivo anexo al [&hellip;]<\/p>\n","protected":false},"author":1,"featured_media":56863,"comment_status":"open","ping_status":"closed","sticky":false,"template":"","format":"standard","meta":[],"categories":[16],"tags":[],"_links":{"self":[{"href":"http:\/\/hoycordobaweb.com\/index.php\/wp-json\/wp\/v2\/posts\/56862"}],"collection":[{"href":"http:\/\/hoycordobaweb.com\/index.php\/wp-json\/wp\/v2\/posts"}],"about":[{"href":"http:\/\/hoycordobaweb.com\/index.php\/wp-json\/wp\/v2\/types\/post"}],"author":[{"embeddable":true,"href":"http:\/\/hoycordobaweb.com\/index.php\/wp-json\/wp\/v2\/users\/1"}],"replies":[{"embeddable":true,"href":"http:\/\/hoycordobaweb.com\/index.php\/wp-json\/wp\/v2\/comments?post=56862"}],"version-history":[{"count":0,"href":"http:\/\/hoycordobaweb.com\/index.php\/wp-json\/wp\/v2\/posts\/56862\/revisions"}],"wp:featuredmedia":[{"embeddable":true,"href":"http:\/\/hoycordobaweb.com\/index.php\/wp-json\/wp\/v2\/media\/56863"}],"wp:attachment":[{"href":"http:\/\/hoycordobaweb.com\/index.php\/wp-json\/wp\/v2\/media?parent=56862"}],"wp:term":[{"taxonomy":"category","embeddable":true,"href":"http:\/\/hoycordobaweb.com\/index.php\/wp-json\/wp\/v2\/categories?post=56862"},{"taxonomy":"post_tag","embeddable":true,"href":"http:\/\/hoycordobaweb.com\/index.php\/wp-json\/wp\/v2\/tags?post=56862"}],"curies":[{"name":"wp","href":"https:\/\/api.w.org\/{rel}","templated":true}]}}