{"id":56856,"date":"2023-03-14T14:11:30","date_gmt":"2023-03-14T14:11:30","guid":{"rendered":"https:\/\/ladecimaweb.com\/?p=16199"},"modified":"2023-03-14T14:11:30","modified_gmt":"2023-03-14T14:11:30","slug":"se-realiza-un-corte-total-de-transito-en-la-avenida-cruz-roja","status":"publish","type":"post","link":"http:\/\/hoycordobaweb.com\/index.php\/2023\/03\/14\/se-realiza-un-corte-total-de-transito-en-la-avenida-cruz-roja\/","title":{"rendered":"Se realiza un corte total de tr\u00e1nsito en la avenida Cruz Roja"},"content":{"rendered":"<div class=\"boldgrid-section\">\n<div class=\"container\">\n<div class=\"row\">\n<div class=\"col-md-12 col-xs-12 col-sm-12\">\n<p>La Direcci\u00f3n de Tr\u00e1nsito y Educaci\u00f3n Vial informa que a ra\u00edz de una obra de emergencia de la empresa Aguas Cordobesas se efect\u00faa un corte total del tr\u00e1nsito sobre Av. Cruz Roja Argentina intersecci\u00f3n con Av. Richieri.<\/p>\n<p class=\"\">Quienes circulen por Av. Richieri podr\u00e1n hacerlo de manera normal, sin embargo, los que circulen por Av. Cruz Roja ver\u00e1n afectado el tr\u00e1nsito con desv\u00edos indicados en el sector.<\/p>\n<p class=\"\">Seg\u00fan lo informado por la empresa, los trabajos llevar\u00e1n un tiempo estimado m\u00ednimo de 24 horas los que consistir\u00e1n en la reparaci\u00f3n de un conducto de 1000 mm. de di\u00e1metro.<\/p>\n<p>Se aconseja a los automovilistas evitar circular por la zona y se comunica que est\u00e1 prevista la presencia de la Polic\u00eda Municipal de Tr\u00e1nsito en el lugar a los fines de agilizar el tr\u00e1nsito con sus respectivos desv\u00edos.<\/p>\n<div class=\"ubm_banner\"><a href=\"https:\/\/www.cba.gov.ar\" target=\"_blank\" rel=\"dofollow noopener noreferrer\"><img src=\"http:\/\/hoycordobaweb.com\/wp-content\/uploads\/2023\/03\/se-realiza-un-corte-total-de-transito-en-la-avenida-cruz-roja.gif\" alt=\"\"><\/a><\/div>\n<\/div>\n<\/div>\n<\/div>\n<\/div>\n<p>La entrada <a rel=\"nofollow\" href=\"https:\/\/ladecimaweb.com\/se-realiza-un-corte-total-de-transito-en-la-avenida-cruz-roja\/\">Se realiza un corte total de tr\u00e1nsito en la avenida Cruz Roja<\/a> se public\u00f3 primero en <a rel=\"nofollow\" href=\"https:\/\/ladecimaweb.com\">LaDecima<\/a>.<\/p>\n","protected":false},"excerpt":{"rendered":"<p>La Direcci\u00f3n de Tr\u00e1nsito y Educaci\u00f3n Vial informa que a ra\u00edz de una obra de emergencia de la empresa Aguas Cordobesas se efect\u00faa un corte total del tr\u00e1nsito sobre Av. Cruz Roja Argentina intersecci\u00f3n con Av. Richieri. Quienes circulen por Av. Richieri podr\u00e1n hacerlo de manera normal, sin embargo, los que circulen por Av. Cruz [&hellip;]<\/p>\n","protected":false},"author":1,"featured_media":56857,"comment_status":"closed","ping_status":"closed","sticky":false,"template":"","format":"standard","meta":[],"categories":[19],"tags":[],"_links":{"self":[{"href":"http:\/\/hoycordobaweb.com\/index.php\/wp-json\/wp\/v2\/posts\/56856"}],"collection":[{"href":"http:\/\/hoycordobaweb.com\/index.php\/wp-json\/wp\/v2\/posts"}],"about":[{"href":"http:\/\/hoycordobaweb.com\/index.php\/wp-json\/wp\/v2\/types\/post"}],"author":[{"embeddable":true,"href":"http:\/\/hoycordobaweb.com\/index.php\/wp-json\/wp\/v2\/users\/1"}],"replies":[{"embeddable":true,"href":"http:\/\/hoycordobaweb.com\/index.php\/wp-json\/wp\/v2\/comments?post=56856"}],"version-history":[{"count":0,"href":"http:\/\/hoycordobaweb.com\/index.php\/wp-json\/wp\/v2\/posts\/56856\/revisions"}],"wp:featuredmedia":[{"embeddable":true,"href":"http:\/\/hoycordobaweb.com\/index.php\/wp-json\/wp\/v2\/media\/56857"}],"wp:attachment":[{"href":"http:\/\/hoycordobaweb.com\/index.php\/wp-json\/wp\/v2\/media?parent=56856"}],"wp:term":[{"taxonomy":"category","embeddable":true,"href":"http:\/\/hoycordobaweb.com\/index.php\/wp-json\/wp\/v2\/categories?post=56856"},{"taxonomy":"post_tag","embeddable":true,"href":"http:\/\/hoycordobaweb.com\/index.php\/wp-json\/wp\/v2\/tags?post=56856"}],"curies":[{"name":"wp","href":"https:\/\/api.w.org\/{rel}","templated":true}]}}