{"id":56840,"date":"2023-03-13T15:21:48","date_gmt":"2023-03-13T15:21:48","guid":{"rendered":"https:\/\/fono.fcm.unc.edu.ar\/?p=10398"},"modified":"2023-03-13T15:21:48","modified_gmt":"2023-03-13T15:21:48","slug":"60-aniversario-reunion-de-cifunyp","status":"publish","type":"post","link":"http:\/\/hoycordobaweb.com\/index.php\/2023\/03\/13\/60-aniversario-reunion-de-cifunyp\/","title":{"rendered":"60\u00b0 Aniversario \u2013 Reuni\u00f3n de CIFUNyP"},"content":{"rendered":"<h2 class=\"fusion-post-title\">60\u00b0 Aniversario \u2013 Reuni\u00f3n de CIFUNyP<\/h2>\n<div class=\"post-content\" readability=\"36\">\n<p><img loading=\"lazy\" class=\"alignright size-fusion-400 wp-image-10402\" src=\"https:\/\/fono.fcm.unc.edu.ar\/wp-content\/uploads\/sites\/14\/2023\/03\/EXAMENES-5-400x400.png\" alt width=\"400\" height=\"400\" srcset=\"https:\/\/fono.fcm.unc.edu.ar\/wp-content\/uploads\/sites\/14\/2023\/03\/EXAMENES-5-66x66.png 66w, https:\/\/fono.fcm.unc.edu.ar\/wp-content\/uploads\/sites\/14\/2023\/03\/EXAMENES-5-150x150.png 150w, https:\/\/fono.fcm.unc.edu.ar\/wp-content\/uploads\/sites\/14\/2023\/03\/EXAMENES-5-200x200.png 200w, https:\/\/fono.fcm.unc.edu.ar\/wp-content\/uploads\/sites\/14\/2023\/03\/EXAMENES-5-300x300.png 300w, https:\/\/fono.fcm.unc.edu.ar\/wp-content\/uploads\/sites\/14\/2023\/03\/EXAMENES-5-400x400.png 400w, https:\/\/fono.fcm.unc.edu.ar\/wp-content\/uploads\/sites\/14\/2023\/03\/EXAMENES-5-600x600.png 600w, https:\/\/fono.fcm.unc.edu.ar\/wp-content\/uploads\/sites\/14\/2023\/03\/EXAMENES-5-768x768.png 768w, https:\/\/fono.fcm.unc.edu.ar\/wp-content\/uploads\/sites\/14\/2023\/03\/EXAMENES-5-800x800.png 800w, https:\/\/fono.fcm.unc.edu.ar\/wp-content\/uploads\/sites\/14\/2023\/03\/EXAMENES-5-1024x1024.png 1024w, https:\/\/fono.fcm.unc.edu.ar\/wp-content\/uploads\/sites\/14\/2023\/03\/EXAMENES-5.png 1080w\" sizes=\"(max-width: 400px) 100vw, 400px\">Este fin de semana el CIFUNyP convoc\u00f3 a una nueva reuni\u00f3n a las Universidades de gesti\u00f3n p\u00fablica y privada de todo el pa\u00eds.<br \/>La finalidad fue elaborar los est\u00e1ndares de formaci\u00f3n que acrediten la calidad educativa que establece el art. 43 de la Ley de Educaci\u00f3n Superior como carrera de grado.<br \/>Es de destacar lo relevante del trabajo para la Fonoaudiolog\u00eda Argentina, sumado a la alta presencialidad de las autoridades de las diferentes instituciones.<br \/>Gracias al clima de cordialidad imperante se lograron acuerdos un\u00e1nimes.<br \/>Se fija un encuentro Nacional para el mes de Noviembre con motivo de la celebraci\u00f3n de los 30 a\u00f1os del inicio del movimiento universitario que devino en la actualidad en CIFUNyP.<\/p>\n<\/p><\/div>\n","protected":false},"excerpt":{"rendered":"<p>60\u00b0 Aniversario \u2013 Reuni\u00f3n de CIFUNyP Este fin de semana el CIFUNyP convoc\u00f3 a una nueva reuni\u00f3n a las Universidades de gesti\u00f3n p\u00fablica y privada de todo el pa\u00eds.La finalidad fue elaborar los est\u00e1ndares de formaci\u00f3n que acrediten la calidad educativa que establece el art. 43 de la Ley de Educaci\u00f3n Superior como carrera de [&hellip;]<\/p>\n","protected":false},"author":1,"featured_media":0,"comment_status":"closed","ping_status":"closed","sticky":false,"template":"","format":"standard","meta":[],"categories":[1],"tags":[],"_links":{"self":[{"href":"http:\/\/hoycordobaweb.com\/index.php\/wp-json\/wp\/v2\/posts\/56840"}],"collection":[{"href":"http:\/\/hoycordobaweb.com\/index.php\/wp-json\/wp\/v2\/posts"}],"about":[{"href":"http:\/\/hoycordobaweb.com\/index.php\/wp-json\/wp\/v2\/types\/post"}],"author":[{"embeddable":true,"href":"http:\/\/hoycordobaweb.com\/index.php\/wp-json\/wp\/v2\/users\/1"}],"replies":[{"embeddable":true,"href":"http:\/\/hoycordobaweb.com\/index.php\/wp-json\/wp\/v2\/comments?post=56840"}],"version-history":[{"count":0,"href":"http:\/\/hoycordobaweb.com\/index.php\/wp-json\/wp\/v2\/posts\/56840\/revisions"}],"wp:attachment":[{"href":"http:\/\/hoycordobaweb.com\/index.php\/wp-json\/wp\/v2\/media?parent=56840"}],"wp:term":[{"taxonomy":"category","embeddable":true,"href":"http:\/\/hoycordobaweb.com\/index.php\/wp-json\/wp\/v2\/categories?post=56840"},{"taxonomy":"post_tag","embeddable":true,"href":"http:\/\/hoycordobaweb.com\/index.php\/wp-json\/wp\/v2\/tags?post=56840"}],"curies":[{"name":"wp","href":"https:\/\/api.w.org\/{rel}","templated":true}]}}