{"id":56838,"date":"2023-03-14T02:40:00","date_gmt":"2023-03-14T02:40:00","guid":{"rendered":"http:\/\/hoycordobaweb.com\/index.php\/2023\/03\/14\/velez-en-el-estreno-de-gareca-no-pudo-como-local-ante-platense\/"},"modified":"2023-03-14T02:40:00","modified_gmt":"2023-03-14T02:40:00","slug":"velez-en-el-estreno-de-gareca-no-pudo-como-local-ante-platense","status":"publish","type":"post","link":"http:\/\/hoycordobaweb.com\/index.php\/2023\/03\/14\/velez-en-el-estreno-de-gareca-no-pudo-como-local-ante-platense\/","title":{"rendered":"V\u00e9lez, en el estreno de Gareca, no pudo como local ante Platense"},"content":{"rendered":"<p><img src=\"http:\/\/hoycordobaweb.com\/wp-content\/uploads\/2023\/03\/velez-en-el-estreno-de-gareca-no-pudo-como-local-ante-platense.jpg\"><\/p>\n<figure class=\"mb-3\"><img loading=\"lazy\" data-src=\"http:\/\/hoycordobaweb.com\/wp-content\/uploads\/2023\/03\/velez-en-el-estreno-de-gareca-no-pudo-como-local-ante-platense-2.jpg\" src=\"https:\/\/www.telam.com.ar\/assets\/img\/not_image.png\" class=\" lazy \" width=\"100%\" height=\"100%\" alt=\"Foto Maxi Luna\"><figcaption> Foto: Maxi Luna. <\/figcaption><\/figure>\n<p>V\u00e9lez (9 puntos), en el estreno de Ricardo Gareca como entrenador, igual\u00f3 esta noche 1-1 con Platense (7), en partido correspondiente a la 7ma. fecha del torneo de la Liga Profesional (LPF).<\/p>\n<p>En un estadio Jos\u00e9 Amalfitani que vivi\u00f3 una jornada de emociones por la vuelta del \u00eddolo al banco de los relevos se registr\u00f3 una igualdad en un partido chato, con escasas situaciones de gol frente a los arcos.<\/p>\n<p>El equipo de Liniers se situ\u00f3 en ventaja a los 41m. del primer tiempo, por mediaci\u00f3n del delantero Abiel Osorio, quien corrigi\u00f3 un remate de Valent\u00edn G\u00f3mez que rebot\u00f3 en un adversario.<\/p>\n<p>El conjunto orientado por Mart\u00edn Palermo, ubicado en zona de descenso, estableci\u00f3 la igualdad en la segunda etapa, a trav\u00e9s de un disparo de Nicol\u00e1s Castro (16m.), que golpe\u00f3 en el cuerpo de Lautaro Giannetti y descoloc\u00f3 al arquero Leonardo Buri\u00e1n.<\/p>\n<p><strong>El segundo ciclo de Gareca como DT, luego de diez a\u00f1os de haber finalizado el exitoso primer per\u00edodo<\/strong>, parec\u00eda comenzar con entusiasmo.<\/p>\n<p>Es que el equipo se plant\u00f3 en terreno rival, presion\u00f3 adelante y busc\u00f3 desequilibrar por las bandas. A los 3m., un pique por izquierda de Walter Bou (ingres\u00f3 a \u00faltimo momento en la formaci\u00f3n titular por una molestia que acus\u00f3 Lucas Janson) deriv\u00f3 en centro a la carrera que fue conectado por Lucas Pratto, quien la mand\u00f3 a la red. Sin embargo, el \u00e1rbitro Dar\u00edo Herrera anul\u00f3 posteriormente la maniobra, a instancia del VAR, por posici\u00f3n prohibida del exjugador de Gimnasia La Plata y Defensa y Justicia.<\/p>\n<p>Sigui\u00f3 insistiendo el \u2018Fort\u00edn\u2019, sin claridad, es cierto, pero con la voluntad f\u00e9rrea de desbordar a un Platense timorato que lleg\u00f3 con distintas bajas por lesiones.<\/p>\n<figure class=\"mb-3\"><img loading=\"lazy\" data-src=\"http:\/\/hoycordobaweb.com\/wp-content\/uploads\/2023\/03\/velez-en-el-estreno-de-gareca-no-pudo-como-local-ante-platense-3.jpg\" src=\"https:\/\/www.telam.com.ar\/assets\/img\/not_image.png\" class=\" lazy \" width=\"100%\" height=\"100%\" alt=\"Foto Maxi Luna\"><figcaption> Foto: Maxi Luna. <\/figcaption><\/figure>\n<p>Un remate de Bou desde afuera, un cabezazo de Giannetti y una entrada de Pratto que tap\u00f3 Macagno marcaron el pulso de un encuentro que ten\u00eda al local como dominador.<\/p>\n<p>El equipo de Vicente L\u00f3pez apenas pudo acercarse con una volea de Ignacio V\u00e1zquez que tap\u00f3 Buri\u00e1n, luego de un tiro de esquina.<\/p>\n<p>La emoci\u00f3n en las tribunas se convirti\u00f3 en delirio a los 41m., cuando G\u00f3mez (que pudo haberse ido expulsado por una patada sobre el paraguayo Ronald Mart\u00ednez) incursion\u00f3 por izquierda y remat\u00f3 al arco. Hubo un rebote, la pelota se elev\u00f3 y el pibe Osorio (9 goles en 50 partidos) salt\u00f3 antes que los zagueros rivales para colocar la pelota, lejos del alcance del guardavallas visitante.<\/p>\n<figure class=\"mb-3\"><img loading=\"lazy\" data-src=\"http:\/\/hoycordobaweb.com\/wp-content\/uploads\/2023\/03\/velez-en-el-estreno-de-gareca-no-pudo-como-local-ante-platense-4.jpg\" src=\"https:\/\/www.telam.com.ar\/assets\/img\/not_image.png\" class=\" lazy \" width=\"100%\" height=\"100%\" alt=\"Foto Ral Ferrari\"><figcaption> Foto: Ra\u00fal Ferrari. <\/figcaption><\/figure>\n<p>En el segundo per\u00edodo, entonces, con la ventaja a su favor, V\u00e9lez le dio prioridad a conservar la diferencia y se recost\u00f3 -tal vez en forma inconsciente- demasiado atr\u00e1s.<\/p>\n<p>El conjunto \u2018marr\u00f3n\u2019, que cont\u00f3 con el ingreso de Ignacio Schor (volvi\u00f3 tras una lesi\u00f3n en el hombro), gan\u00f3 en din\u00e1mica, pero le cost\u00f3 traducir ese mejor rendimiento en situaciones de riesgo.<\/p>\n<p>Hasta que a los 16m., el volante Castro prob\u00f3 al arco desde 30 metros, la pelota se desvi\u00f3 en Giannetti y descoloc\u00f3 a Buri\u00e1n para convertirse en el 1-1 definitivo.<\/p>\n<p>De all\u00ed hasta el final, V\u00e9lez no pudo resolver la ecuaci\u00f3n de un adversario que cerr\u00f3 filas y achic\u00f3 espacios para llevarse el punto.<\/p>\n<p>M\u00e1s all\u00e1 de los ingresos de los pibes Lobato y Prestianni al equipo del \u2018Flaco\u2019 Gareca le falt\u00f3 fluidez como para convertir el desnivel.<\/p>\n","protected":false},"excerpt":{"rendered":"<p>Foto: Maxi Luna. V\u00e9lez (9 puntos), en el estreno de Ricardo Gareca como entrenador, igual\u00f3 esta noche 1-1 con Platense (7), en partido correspondiente a la 7ma. fecha del torneo de la Liga Profesional (LPF). En un estadio Jos\u00e9 Amalfitani que vivi\u00f3 una jornada de emociones por la vuelta del \u00eddolo al banco de los [&hellip;]<\/p>\n","protected":false},"author":1,"featured_media":56839,"comment_status":"open","ping_status":"closed","sticky":false,"template":"","format":"standard","meta":[],"categories":[16],"tags":[],"_links":{"self":[{"href":"http:\/\/hoycordobaweb.com\/index.php\/wp-json\/wp\/v2\/posts\/56838"}],"collection":[{"href":"http:\/\/hoycordobaweb.com\/index.php\/wp-json\/wp\/v2\/posts"}],"about":[{"href":"http:\/\/hoycordobaweb.com\/index.php\/wp-json\/wp\/v2\/types\/post"}],"author":[{"embeddable":true,"href":"http:\/\/hoycordobaweb.com\/index.php\/wp-json\/wp\/v2\/users\/1"}],"replies":[{"embeddable":true,"href":"http:\/\/hoycordobaweb.com\/index.php\/wp-json\/wp\/v2\/comments?post=56838"}],"version-history":[{"count":0,"href":"http:\/\/hoycordobaweb.com\/index.php\/wp-json\/wp\/v2\/posts\/56838\/revisions"}],"wp:featuredmedia":[{"embeddable":true,"href":"http:\/\/hoycordobaweb.com\/index.php\/wp-json\/wp\/v2\/media\/56839"}],"wp:attachment":[{"href":"http:\/\/hoycordobaweb.com\/index.php\/wp-json\/wp\/v2\/media?parent=56838"}],"wp:term":[{"taxonomy":"category","embeddable":true,"href":"http:\/\/hoycordobaweb.com\/index.php\/wp-json\/wp\/v2\/categories?post=56838"},{"taxonomy":"post_tag","embeddable":true,"href":"http:\/\/hoycordobaweb.com\/index.php\/wp-json\/wp\/v2\/tags?post=56838"}],"curies":[{"name":"wp","href":"https:\/\/api.w.org\/{rel}","templated":true}]}}