{"id":56759,"date":"2023-03-12T14:42:12","date_gmt":"2023-03-12T14:42:12","guid":{"rendered":"https:\/\/ladecimaweb.com\/?p=16191"},"modified":"2023-03-12T14:42:12","modified_gmt":"2023-03-12T14:42:12","slug":"se-habilito-el-solo-bus-en-la-avenida-chacabuco","status":"publish","type":"post","link":"http:\/\/hoycordobaweb.com\/index.php\/2023\/03\/12\/se-habilito-el-solo-bus-en-la-avenida-chacabuco\/","title":{"rendered":"Se habilit\u00f3 el Solo Bus en la avenida Chacabuco"},"content":{"rendered":"<div class=\"boldgrid-section\">\n<div class=\"container\">\n<div class=\"row\">\n<div class=\"col-md-12 col-xs-12 col-sm-12\">\n<p>Desde este fin de semana qued\u00f3 habilitado el sistema de Solo Bus en la avenida Chacabuco. En las tres grandes d\u00e1rsenas se habilitaron nueve paradas (tres en cada una) para un total de 15 l\u00edneas que circulan por el sector.<\/p>\n<p>Las d\u00e1rsenas ubicadas entre calles Corrientes y Entre R\u00edos, San Jer\u00f3nimo y Rosario de Santa Fe y 25 de mayo y Av. Emilio Olmos, est\u00e1n equipadas con WiFi gratis, pantallas predictivas del arribo de los colectivos que funcionan en forma coordinada con el Observatorio de la Movilidad y la app Tu Bondi, mapas con los recorridos completos de las l\u00edneas y toda la informaci\u00f3n de cada una de las paradas.<\/p>\n<p class=\"\">De esta manera, la avenida Chacabuco tendr\u00e1 cinco carriles de circulaci\u00f3n de tr\u00e1nsito bien demarcadas: una para Solo Bus, una para taxis y colectivos, otra para frentistas y clientes de playas de estacionamiento y dos para veh\u00edculos particulares, adem\u00e1s de contar con el cantero central, donde est\u00e1n la ciclov\u00eda, la vereda y los 130 metros de paradas, divididos en tres garitas de 43 metros cada una.<\/p>\n<p class=\"\"><img loading=\"lazy\" class=\"alignnone wp-image-16192\" src=\"http:\/\/hoycordobaweb.com\/wp-content\/uploads\/2023\/03\/se-habilito-el-solo-bus-en-la-avenida-chacabuco.jpg\" alt=\"\" width=\"410\" height=\"300\" srcset=\"http:\/\/hoycordobaweb.com\/wp-content\/uploads\/2023\/03\/se-habilito-el-solo-bus-en-la-avenida-chacabuco.jpg 1280w, http:\/\/hoycordobaweb.com\/wp-content\/uploads\/2023\/03\/se-habilito-el-solo-bus-en-la-avenida-chacabuco-1.jpg 607w, http:\/\/hoycordobaweb.com\/wp-content\/uploads\/2023\/03\/se-habilito-el-solo-bus-en-la-avenida-chacabuco-2.jpg 768w\" sizes=\"(max-width: 410px) 100vw, 410px\" \/><\/p>\n<p>El secretario de Transporte de la Municipalidad, Marcelo Rodio, consider\u00f3 al respecto: \u201cEste nuevo sistema de Solo Bus en avenida Chacabuco es el primer paso de un recorrido que se extender\u00e1 hasta el r\u00edo Suqu\u00eda, hac\u00eda el norte, y hasta plaza Espa\u00f1a, hacia el sur, en un plan evolutivo de tres pasos\u201d.<\/p>\n<p>Est\u00e1 comprobado que, en las principales ciudades del mundo, los BRT (Bus Rapid Transporter) duplican la velocidad comercial, lo que disminuye sustancialmente el tiempo de traslado y mejora la frecuencia y, con ello, ofrece un servicio cada vez m\u00e1s conveniente y competitivo con otros sistemas\u201d, agreg\u00f3 Rodio.<\/p>\n<p>Las paradas de las diferentes l\u00edneas de colectivos quedar\u00e1n distribuidas de la siguiente forma:<\/p>\n<p>D\u00e1rsena 1 (entre calles Corrientes y Entre R\u00edos )<br \/>\nL\u00edneas: 12-15-17-34-65-41-52-83<br \/>\nParadas:<br \/>\n1-12-15-17<br \/>\n2-34-65<br \/>\n3-41-52-83<\/p>\n<p class=\"\">D\u00e1rsena 2 (entre calles San Jer\u00f3nimo y Rosario de Santa Fe)<br \/>\nL\u00edneas: 29-70-72-73-74-75-85<br \/>\nParadas:<br \/>\n1-29-70-72<br \/>\n2-73-74<br \/>\n3-75-85<\/p>\n<p class=\"\">D\u00e1rsena 3 (entre calles 25 de mayo y Av. Emilio Olmos)<br \/>\nL\u00edneas: 12-15-17-34-41-52-83<br \/>\nParadas:<br \/>\n1-12-15-17<br \/>\n2-34-41<br \/>\n3-52-83<\/p>\n<p class=\"\">&nbsp;<\/p>\n<p class=\"\">\n<div class=\"ubm_banner\"><a href=\"https:\/\/www.cba.gov.ar\" target=\"_blank\" rel=\"dofollow noopener noreferrer\"><img src=\"http:\/\/hoycordobaweb.com\/wp-content\/uploads\/2023\/03\/se-habilito-el-solo-bus-en-la-avenida-chacabuco.gif\" alt=\"\"><\/a><\/div>\n<\/div>\n<\/div>\n<\/div>\n<\/div>\n<p>La entrada <a rel=\"nofollow\" href=\"https:\/\/ladecimaweb.com\/se-habilito-el-solo-bus-en-la-avenida-chacabuco\/\">Se habilit\u00f3 el Solo Bus en la avenida Chacabuco<\/a> se public\u00f3 primero en <a rel=\"nofollow\" href=\"https:\/\/ladecimaweb.com\">LaDecima<\/a>.<\/p>\n","protected":false},"excerpt":{"rendered":"<p>Desde este fin de semana qued\u00f3 habilitado el sistema de Solo Bus en la avenida Chacabuco. En las tres grandes d\u00e1rsenas se habilitaron nueve paradas (tres en cada una) para un total de 15 l\u00edneas que circulan por el sector. Las d\u00e1rsenas ubicadas entre calles Corrientes y Entre R\u00edos, San Jer\u00f3nimo y Rosario de Santa [&hellip;]<\/p>\n","protected":false},"author":1,"featured_media":56760,"comment_status":"closed","ping_status":"closed","sticky":false,"template":"","format":"standard","meta":[],"categories":[19],"tags":[],"_links":{"self":[{"href":"http:\/\/hoycordobaweb.com\/index.php\/wp-json\/wp\/v2\/posts\/56759"}],"collection":[{"href":"http:\/\/hoycordobaweb.com\/index.php\/wp-json\/wp\/v2\/posts"}],"about":[{"href":"http:\/\/hoycordobaweb.com\/index.php\/wp-json\/wp\/v2\/types\/post"}],"author":[{"embeddable":true,"href":"http:\/\/hoycordobaweb.com\/index.php\/wp-json\/wp\/v2\/users\/1"}],"replies":[{"embeddable":true,"href":"http:\/\/hoycordobaweb.com\/index.php\/wp-json\/wp\/v2\/comments?post=56759"}],"version-history":[{"count":0,"href":"http:\/\/hoycordobaweb.com\/index.php\/wp-json\/wp\/v2\/posts\/56759\/revisions"}],"wp:featuredmedia":[{"embeddable":true,"href":"http:\/\/hoycordobaweb.com\/index.php\/wp-json\/wp\/v2\/media\/56760"}],"wp:attachment":[{"href":"http:\/\/hoycordobaweb.com\/index.php\/wp-json\/wp\/v2\/media?parent=56759"}],"wp:term":[{"taxonomy":"category","embeddable":true,"href":"http:\/\/hoycordobaweb.com\/index.php\/wp-json\/wp\/v2\/categories?post=56759"},{"taxonomy":"post_tag","embeddable":true,"href":"http:\/\/hoycordobaweb.com\/index.php\/wp-json\/wp\/v2\/tags?post=56759"}],"curies":[{"name":"wp","href":"https:\/\/api.w.org\/{rel}","templated":true}]}}