{"id":56714,"date":"2023-03-11T16:35:05","date_gmt":"2023-03-11T16:35:05","guid":{"rendered":"https:\/\/www.ole.com.ar\/ecuador\/aucas\/aucas-confirmo-fichajes-jeison-chala-diego-corozo_0_zMB0oKEejA.html"},"modified":"2023-03-11T16:35:05","modified_gmt":"2023-03-11T16:35:05","slug":"el-campeon-se-refuerza-aucas-anuncio-dos-fichajes","status":"publish","type":"post","link":"http:\/\/hoycordobaweb.com\/index.php\/2023\/03\/11\/el-campeon-se-refuerza-aucas-anuncio-dos-fichajes\/","title":{"rendered":"El campe\u00f3n se refuerza: Aucas anunci\u00f3 dos fichajes"},"content":{"rendered":"<p><img src=\"http:\/\/hoycordobaweb.com\/wp-content\/uploads\/2023\/03\/el-campeon-se-refuerza-aucas-anuncio-dos-fichajes.jpg\"><\/p>\n<div class=\"custom-text \" readability=\"31.238095238095\">\n<p>El inicio de la temporada no fue el esperado para <a href=\"https:\/\/www.ole.com.ar\/tema\/aucas.html\" title=\"Aucas\" alt=\"Aucas\" class=\"slug\">Aucas<\/a> al perder con <a href=\"https:\/\/www.ole.com.ar\/tema\/el-nacional-de-quito.html\" title=\"El Nacional de Quito\" alt=\"El Nacional de Quito\" class=\"slug\">El Nacional<\/a> y empatar con <a href=\"https:\/\/www.ole.com.ar\/tema\/liga-de-quito.html\" title=\"liga de quito\" alt=\"liga de quito\" class=\"slug\">Liga de Quito<\/a>. Los dirigidos por <a href=\"https:\/\/www.ole.com.ar\/tema\/cesar-farias.html\" title=\"C\u00e9sar Far\u00edas\" alt=\"C\u00e9sar Far\u00edas\" class=\"slug\">C\u00e9sar Far\u00edas<\/a> ocupan los \u00faltimos lugares de la <a href=\"https:\/\/www.ole.com.ar\/tema\/ligapro.html\" title=\"LigaPro\" alt=\"LigaPro\" class=\"slug\">LigaPro<\/a> y ya est\u00e1n trabajando para revertir esa situaci\u00f3n.<strong> Este s\u00e1bado confirmaron el fichajes de dos futbolistas, los cuales llegan para potenciar la plantilla antes del cierre del libro de pases.<\/strong><\/p>\n<\/div>\n<div class=\"sc-489cef11-0 jHGTKj\" readability=\"6\">\n<section readability=\"2\"><picture><img class=\"img\" src=\"http:\/\/hoycordobaweb.com\/wp-content\/uploads\/2023\/03\/el-campeon-se-refuerza-aucas-anuncio-dos-fichajes-2.jpg\" alt=\"Luis Chango presentar\u00e1 un reclamo en LigaPro por la suspensi\u00f3n\" height=\"290\" width=\"290\" loading=\"lazy\"><\/picture>\n<p><span>Mir\u00e1 tambi\u00e9n<\/span><\/p>\n<hr>\n<h3>Luis Chango presentar\u00e1 un reclamo en LigaPro por la suspensi\u00f3n<\/h3>\n<\/p>\n<\/section>\n<\/div>\n<div class=\"sc-489cef11-0 jHGTKj\" readability=\"6\">\n<section readability=\"2\"><picture><img class=\"img\" src=\"http:\/\/hoycordobaweb.com\/wp-content\/uploads\/2023\/03\/el-campeon-se-refuerza-aucas-anuncio-dos-fichajes-3.jpg\" alt=\"\u00bfQu\u00e9 opina Bustos de imitar el proyecto de IDV en Barcelona?\" height=\"290\" width=\"290\" loading=\"lazy\"><\/picture>\n<p><span>Mir\u00e1 tambi\u00e9n<\/span><\/p>\n<hr>\n<h3>\u00bfQu\u00e9 opina Bustos de imitar el proyecto de IDV en Barcelona?<\/h3>\n<\/p>\n<\/section>\n<\/div>\n<div class=\"sc-489cef11-0 jHGTKj\" readability=\"6\">\n<section readability=\"2\"><picture><img class=\"img\" src=\"http:\/\/hoycordobaweb.com\/wp-content\/uploads\/2023\/03\/el-campeon-se-refuerza-aucas-anuncio-dos-fichajes-4.jpg\" alt=\"\u00a1Apareci\u00f3 Robinho!: revel\u00f3 su ubicaci\u00f3n y se puso a disposici\u00f3n de la Justicia\" height=\"290\" width=\"290\" loading=\"lazy\"><\/picture>\n<p><span>Mir\u00e1 tambi\u00e9n<\/span><\/p>\n<hr>\n<h3>\u00a1Apareci\u00f3 Robinho!: revel\u00f3 su ubicaci\u00f3n y se puso a disposici\u00f3n de la Justicia<\/h3>\n<\/p>\n<\/section>\n<\/div>\n<div class=\"custom-text \" readability=\"38\">\n<p><strong>Aucas hizo oficial las llegadas de Jeison Chal\u00e1 y Diego Corozo como nuevos futbolistas del equip<\/strong>o. Chal\u00e1 jug\u00f3 en Emelec en 2022, pero no logr\u00f3 recuperar el nivel que mostr\u00f3 en Universidad Cat\u00f3lica. El campe\u00f3n de la LigaPro apuesta por el veloz extremo y lo sumaron a sus filas. Por su lado, Corozo juega como lateral derecho y disput\u00f3 la \u00faltima temporada en el Manta de la Serie B, regresando a la Serie A tras dos a\u00f1os.<\/p>\n<\/div>\n<div class=\"custom-text \" readability=\"39\">\n<p>Far\u00edas ahora cuenta con Chal\u00e1 como un extremo derecho natural, algo que le estaba faltando en el equipo. Corozo llega para la competencia con Pedro Pablo Perlaza en el lateral derecho, algo que los llevar\u00e1 a subir el nivel para ganarse el puesto en el once. <strong>Estas incorporaciones son una apuesta por parte de Los Orientales, ya que no llegan en su mejor momento, pero esperan que recuperen su nivel como ya lo hicieron con Erick Castillo o Jefferson Montero.<\/strong><\/p>\n<\/div>\n<div class=\"sc-996041c8-0 kvfKM\"><img alt=\"Aucas present\u00f3 a dos refuerzos. (API\/@9deoctubre)\" src=\"http:\/\/hoycordobaweb.com\/wp-content\/uploads\/2023\/03\/el-campeon-se-refuerza-aucas-anuncio-dos-fichajes-5.jpg\" width=\"720\" height=\"0\" decoding=\"async\" data-nimg=\"future\" loading=\"lazy\"><span>Aucas present\u00f3 a dos refuerzos. (API\/@9deoctubre)<\/span><\/div>\n<p><h2><strong>\u00bfCu\u00e1ndo se jugar\u00eda la fecha 3?<\/strong><\/h2>\n<\/p>\n<div class=\"custom-text \" readability=\"24.415\">\n<p><a href=\"https:\/\/www.ole.com.ar\/ecuador\/liga-pro\/cuando-se-jugara-fecha-3-ligapro_0_PrsOpRjBeL.html\" target=\"_blank\" rel=\"noopener noreferrer\"><strong>Todo estaba listo para que Gualaceo y Orense abran la fecha 3 de la LigaPro, pero minutos antes del inicio del partido se suspendi\u00f3 el partido<\/strong><\/a>. Tras la decisi\u00f3n que no se juegue ese partido, se conoci\u00f3 que la decisi\u00f3n fue no disputar toda la jornada por un pedido de las empresas que transmiten el torneo, algo que fue apoyado por los clubes al tener las 16 firmas de los mismos en el comunicado.<\/p>\n<\/div>\n<div class=\"sc-489cef11-0 jHGTKj\" readability=\"6\">\n<section readability=\"2\"><picture><img class=\"img\" src=\"http:\/\/hoycordobaweb.com\/wp-content\/uploads\/2023\/03\/el-campeon-se-refuerza-aucas-anuncio-dos-fichajes-6.jpg\" alt=\"El premio que se aseguraron Liga y Emelec por avanzar en la Sudamericana\" height=\"290\" width=\"290\" loading=\"lazy\"><\/picture>\n<p><span>Mir\u00e1 tambi\u00e9n<\/span><\/p>\n<hr>\n<h3>El premio que se aseguraron Liga y Emelec por avanzar en la Sudamericana<\/h3>\n<\/p>\n<\/section>\n<\/div>\n<div class=\"sc-489cef11-0 jHGTKj\" readability=\"6\">\n<section readability=\"2\"><picture><img class=\"img\" src=\"http:\/\/hoycordobaweb.com\/wp-content\/uploads\/2023\/03\/el-campeon-se-refuerza-aucas-anuncio-dos-fichajes-7.jpg\" alt=\"El comunicado de la LigaPro por la suspensi\u00f3n de la fecha 3\" height=\"290\" width=\"290\" loading=\"lazy\"><\/picture>\n<p><span>Mir\u00e1 tambi\u00e9n<\/span><\/p>\n<hr>\n<h3>El comunicado de la LigaPro por la suspensi\u00f3n de la fecha 3<\/h3>\n<\/p>\n<\/section>\n<\/div>\n<div class=\"custom-text \" readability=\"40\">\n<p>\u00ab<strong>Hay un contrato entre Disney (ESPN) y CNT, que est\u00e1 por firmarse en la pr\u00f3xima semana. Y no queremos que Disney transmita una fecha sin haber firmado ese contrato<\/strong>\u00ab, le explic\u00f3 una fuente de LigaPro a este medio. \u00abLa decisi\u00f3n se tom\u00f3 a la seis y media de la tarde, esper\u00e1bamos tener el documento antes, pero no lleg\u00f3\u00bb, agreg\u00f3.<\/p>\n<\/div>\n<div class=\"sc-996041c8-0 kvfKM\"><img alt=\"La fecha 3 de la LigaPro se suspendi\u00f3. (API)\" src=\"http:\/\/hoycordobaweb.com\/wp-content\/uploads\/2023\/03\/el-campeon-se-refuerza-aucas-anuncio-dos-fichajes-8.jpg\" width=\"720\" height=\"0\" decoding=\"async\" data-nimg=\"future\" loading=\"lazy\"><span>La fecha 3 de la LigaPro se suspendi\u00f3. (API)<\/span><\/div>\n<div class=\"custom-text \" readability=\"37\">\n<p>El fin de semana del 17 de marzo est\u00e1 programada la fecha 4, la cual no se mover\u00e1 a pesar de la necesidad de encontrarle espacio a la suspendida jornada 3. Ahora la pregunta es, \u00bfen qu\u00e9 lugar del calendario podr\u00eda llevarse a cabo esta jornada pendiente? Una alternativa ser\u00eda durante la pr\u00f3xima fecha FIFA de marzo: durante el fin de semana del 26\/3.<\/p>\n<\/div>\n<div class=\"custom-text \" readability=\"38\">\n<p>En esos d\u00edas no hay programaci\u00f3n de la LigaPro, por lo que es una opci\u00f3n para el ente organizador del torneo, situaci\u00f3n que no provocar\u00eda cambios en todo el calendario. La Selecci\u00f3n de Ecuador tiene su gran base de convocados en los jugadores que militan en el exterior y no perjudicar\u00edan a los clubes, ya que contar\u00edan con sus futbolistas m\u00e1s importantes.<\/p>\n<\/div>\n<div class=\"sc-996041c8-0 kvfKM\"><img alt=\"La fecha 3 de la LigaPro se suspendi\u00f3. (API)\" src=\"http:\/\/hoycordobaweb.com\/wp-content\/uploads\/2023\/03\/el-campeon-se-refuerza-aucas-anuncio-dos-fichajes-9.jpg\" width=\"720\" height=\"0\" decoding=\"async\" data-nimg=\"future\" loading=\"lazy\"><span>La fecha 3 de la LigaPro se suspendi\u00f3. (API)<\/span><\/div>\n<div class=\"custom-text \" readability=\"38\">\n<p>\u00abHace unos minutos hubo una reuni\u00f3n con los clubes de LigaPro, en donde tambi\u00e9n particip\u00f3 la empresa GolTV. Los clubes fueron informados al respecto, detall\u00e1ndoles que se ha debido principalmente a un pedido de las empresas que transmiten nuestro campeonato\u00bb, fue la explicaci\u00f3n del ente regulador del torneo nacional sobre la suspensi\u00f3n de la fecha.<\/p>\n<\/div>\n","protected":false},"excerpt":{"rendered":"<p>El inicio de la temporada no fue el esperado para Aucas al perder con El Nacional y empatar con Liga de Quito. Los dirigidos por C\u00e9sar Far\u00edas ocupan los \u00faltimos lugares de la LigaPro y ya est\u00e1n trabajando para revertir esa situaci\u00f3n. Este s\u00e1bado confirmaron el fichajes de dos futbolistas, los cuales llegan para potenciar [&hellip;]<\/p>\n","protected":false},"author":1,"featured_media":56715,"comment_status":"open","ping_status":"closed","sticky":false,"template":"","format":"standard","meta":[],"categories":[16],"tags":[],"_links":{"self":[{"href":"http:\/\/hoycordobaweb.com\/index.php\/wp-json\/wp\/v2\/posts\/56714"}],"collection":[{"href":"http:\/\/hoycordobaweb.com\/index.php\/wp-json\/wp\/v2\/posts"}],"about":[{"href":"http:\/\/hoycordobaweb.com\/index.php\/wp-json\/wp\/v2\/types\/post"}],"author":[{"embeddable":true,"href":"http:\/\/hoycordobaweb.com\/index.php\/wp-json\/wp\/v2\/users\/1"}],"replies":[{"embeddable":true,"href":"http:\/\/hoycordobaweb.com\/index.php\/wp-json\/wp\/v2\/comments?post=56714"}],"version-history":[{"count":0,"href":"http:\/\/hoycordobaweb.com\/index.php\/wp-json\/wp\/v2\/posts\/56714\/revisions"}],"wp:featuredmedia":[{"embeddable":true,"href":"http:\/\/hoycordobaweb.com\/index.php\/wp-json\/wp\/v2\/media\/56715"}],"wp:attachment":[{"href":"http:\/\/hoycordobaweb.com\/index.php\/wp-json\/wp\/v2\/media?parent=56714"}],"wp:term":[{"taxonomy":"category","embeddable":true,"href":"http:\/\/hoycordobaweb.com\/index.php\/wp-json\/wp\/v2\/categories?post=56714"},{"taxonomy":"post_tag","embeddable":true,"href":"http:\/\/hoycordobaweb.com\/index.php\/wp-json\/wp\/v2\/tags?post=56714"}],"curies":[{"name":"wp","href":"https:\/\/api.w.org\/{rel}","templated":true}]}}