{"id":56608,"date":"2023-03-08T23:44:10","date_gmt":"2023-03-08T23:44:10","guid":{"rendered":"https:\/\/ladecimaweb.com\/?p=16169"},"modified":"2023-03-08T23:44:10","modified_gmt":"2023-03-08T23:44:10","slug":"la-provincia-intimo-al-gobierno-nacional-para-que-pague-la-deuda-por-la-caja-de-jubilaciones","status":"publish","type":"post","link":"http:\/\/hoycordobaweb.com\/index.php\/2023\/03\/08\/la-provincia-intimo-al-gobierno-nacional-para-que-pague-la-deuda-por-la-caja-de-jubilaciones\/","title":{"rendered":"La Provincia intim\u00f3 al Gobierno nacional para que pague la deuda por la caja de jubilaciones"},"content":{"rendered":"<div class=\"boldgrid-section\">\n<div class=\"container\">\n<div class=\"row\">\n<div class=\"col-md-12 col-xs-12 col-sm-12\">\n<p class=\"\">El gobierno de la Provincia de C\u00f3rdoba intim\u00f3, al Estado nacional a que en un plazo de cinco d\u00edas trasfiera <strong>los fondos que le adeuda<\/strong> a la Provincia a ra\u00edz de su obligaci\u00f3n de solventar los<strong> d\u00e9ficits de los reg\u00edmenes previsionales<\/strong> no transferidos, obligaci\u00f3n asumida en el a\u00f1o 1993, cuando se firm\u00f3 el vigente pacto fiscal.<\/p>\n<p class=\"\">A trav\u00e9s de una nota elevada por el gobernador Juan Schiaretti al presidente de la Naci\u00f3n Alberto Fern\u00e1ndez, emplaz\u00f3 para que en un plazo de no m\u00e1s de cinco d\u00edas la Naci\u00f3n transfiera los fondos que le adeuda a la Provincia desde el 2020 hasta el 2022 que a valores actualizados <strong>suman 100.335 millones de pesos y las cuotas correspondientes a enero y febrero de 2023 que agregan a esa deuda otros 8562 millones de pesos.<\/strong><\/p>\n<p class=\"\">En la nota el mandatario provincial lamenta los \u201cinjustificados y reiterados incumplimientos\u201d y advierte que si persiste la falta de respuestas C\u00f3rdoba se ver\u00e1 obligada a iniciar acciones legales. Asimismo, destaca la inobservancia por parte del estado nacional de las obligaciones asumidas a trav\u00e9s de las leyes 27.260 y 27.701.<\/p>\n<p class=\"\">Se\u00f1ala que C\u00f3rdoba \u00abnunca recibi\u00f3 respuesta a los varios reclamos formales realizados en tal sentido, tanto por quien suscribe mediante presentaci\u00f3n efectuado con cargo de recepci\u00f3n de fecha 11\/04\/2022; de la Fiscal\u00eda de Estado de la Provincia de C\u00f3rdoba presentado ante la Anses con cargo de recepci\u00f3n 25\/02\/2022 y por la Caja de Jubilaciones, Pensiones y Retiros con cargo de recepci\u00f3n 13\/12\/2021 y 28\/01\/2022\u00bb.<\/p>\n<p class=\"\">La nota suscripta por el gobernador consigna tambi\u00e9n que \u00abadicionalmente, en lo que va del corriente a\u00f1o 2023, se ha configurado una nueva situaci\u00f3n de grave incumplimiento de la norma presupuestaria por parte del Poder Ejecutivo Nacional (y la Anses) al no haber transferido ning\u00fan recurso- ni siquiera en forma parcial e insuficiente como ocurri\u00f3 en a\u00f1os anteriores- en concepto de anticipo a cuenta del resultado definitivo del d\u00e9ficit previsional provincial\u00bb.<\/p>\n<p class=\"\">Finalmente intima al cumplimiento de las obligaciones que la Naci\u00f3n tiene con la Provincia en el plazo de cinco d\u00edas,\u201d bajo <strong>apercibimiento de iniciar de inmediato las acciones legales<\/strong> que corresponden para hacer efectivo el derecho de la Provincia de C\u00f3rdoba\u00bb.<\/p>\n<p class=\"\">&nbsp;<\/p>\n<div class=\"ubm_banner\"><a href=\"https:\/\/www.cba.gov.ar\" target=\"_blank\" rel=\"dofollow noopener noreferrer\"><img src=\"http:\/\/hoycordobaweb.com\/wp-content\/uploads\/2023\/03\/la-provincia-intimo-al-gobierno-nacional-para-que-pague-la-deuda-por-la-caja-de-jubilaciones.gif\" alt=\"\"><\/a><\/div>\n<\/div>\n<\/div>\n<\/div>\n<\/div>\n<p>La entrada <a rel=\"nofollow\" href=\"https:\/\/ladecimaweb.com\/la-provincia-intimo-al-gobierno-nacional-para-que-pague-la-deuda-por-la-caja-de-jubilaciones\/\">La Provincia intim\u00f3 al Gobierno nacional para que pague la deuda por la caja de jubilaciones<\/a> se public\u00f3 primero en <a rel=\"nofollow\" href=\"https:\/\/ladecimaweb.com\">LaDecima<\/a>.<\/p>\n","protected":false},"excerpt":{"rendered":"<p>El gobierno de la Provincia de C\u00f3rdoba intim\u00f3, al Estado nacional a que en un plazo de cinco d\u00edas trasfiera los fondos que le adeuda a la Provincia a ra\u00edz de su obligaci\u00f3n de solventar los d\u00e9ficits de los reg\u00edmenes previsionales no transferidos, obligaci\u00f3n asumida en el a\u00f1o 1993, cuando se firm\u00f3 el vigente pacto [&hellip;]<\/p>\n","protected":false},"author":1,"featured_media":56609,"comment_status":"closed","ping_status":"closed","sticky":false,"template":"","format":"standard","meta":[],"categories":[19],"tags":[],"_links":{"self":[{"href":"http:\/\/hoycordobaweb.com\/index.php\/wp-json\/wp\/v2\/posts\/56608"}],"collection":[{"href":"http:\/\/hoycordobaweb.com\/index.php\/wp-json\/wp\/v2\/posts"}],"about":[{"href":"http:\/\/hoycordobaweb.com\/index.php\/wp-json\/wp\/v2\/types\/post"}],"author":[{"embeddable":true,"href":"http:\/\/hoycordobaweb.com\/index.php\/wp-json\/wp\/v2\/users\/1"}],"replies":[{"embeddable":true,"href":"http:\/\/hoycordobaweb.com\/index.php\/wp-json\/wp\/v2\/comments?post=56608"}],"version-history":[{"count":0,"href":"http:\/\/hoycordobaweb.com\/index.php\/wp-json\/wp\/v2\/posts\/56608\/revisions"}],"wp:featuredmedia":[{"embeddable":true,"href":"http:\/\/hoycordobaweb.com\/index.php\/wp-json\/wp\/v2\/media\/56609"}],"wp:attachment":[{"href":"http:\/\/hoycordobaweb.com\/index.php\/wp-json\/wp\/v2\/media?parent=56608"}],"wp:term":[{"taxonomy":"category","embeddable":true,"href":"http:\/\/hoycordobaweb.com\/index.php\/wp-json\/wp\/v2\/categories?post=56608"},{"taxonomy":"post_tag","embeddable":true,"href":"http:\/\/hoycordobaweb.com\/index.php\/wp-json\/wp\/v2\/tags?post=56608"}],"curies":[{"name":"wp","href":"https:\/\/api.w.org\/{rel}","templated":true}]}}