{"id":56604,"date":"2023-03-09T16:13:00","date_gmt":"2023-03-09T16:13:00","guid":{"rendered":"http:\/\/hoycordobaweb.com\/index.php\/2023\/03\/09\/rusia-reclamo-una-investigacion-transparente-sobre-el-atentado-a-los-gasoductos\/"},"modified":"2023-03-09T16:13:00","modified_gmt":"2023-03-09T16:13:00","slug":"rusia-reclamo-una-investigacion-transparente-sobre-el-atentado-a-los-gasoductos","status":"publish","type":"post","link":"http:\/\/hoycordobaweb.com\/index.php\/2023\/03\/09\/rusia-reclamo-una-investigacion-transparente-sobre-el-atentado-a-los-gasoductos\/","title":{"rendered":"Rusia reclam\u00f3 una investigaci\u00f3n transparente sobre el atentado a los gasoductos"},"content":{"rendered":"<p><img src=\"http:\/\/hoycordobaweb.com\/wp-content\/uploads\/2023\/03\/rusia-reclamo-una-investigacion-transparente-sobre-el-atentado-a-los-gasoductos.jpg\"><\/p>\n<figure class=\"mb-3\"><img loading=\"lazy\" data-src=\"http:\/\/hoycordobaweb.com\/wp-content\/uploads\/2023\/03\/rusia-reclamo-una-investigacion-transparente-sobre-el-atentado-a-los-gasoductos-2.jpg\" src=\"https:\/\/www.telam.com.ar\/assets\/img\/not_image.png\" class=\" lazy \" width=\"100%\" height=\"100%\" alt=\"Los gasoductos Nord Stream 1 y 2 estn en el centro de tensiones geopolticas Foto archivo\"><figcaption> Los gasoductos Nord Stream 1 y 2 est\u00e1n en el centro de tensiones geopol\u00edticas. Foto: archivo. <\/figcaption><\/figure>\n<p>&nbsp;<\/p>\n<p>Rusia insisti\u00f3 este jueves en su pedido de una investigaci\u00f3n transparente para<strong> identificar a los autores intelectuales y materiales del atentado contra los gasoductos Nord Stream 1 y 2<\/strong> ocurridos en septiembre pasado, en medio de l<a href=\"https:\/\/www.telam.com.ar\/aniversario-guerra-ucrania-rusia\" target=\"_blank\" rel=\"noopener noreferrer\">a guerra que mantiene con Ucrania<\/a> desde hace poco m\u00e1s de un a\u00f1o.<\/p>\n<p><strong>\u00abSeguimos exigiendo una investigaci\u00f3n transparente, seguimos exigiendo que se nos permita entrar en esta investigaci\u00f3n<\/strong> (\u2026). Tenemos que establecer qui\u00e9n lo hizo, qui\u00e9n lo orden\u00f3, porque este es un precedente demasiado peligroso por cometer un ataque terrorista contra una infraestructura internacional cr\u00edtica\u00bb, dijo el portavoz del Kremlin, Dmitri Peskov, en una rueda de prensa.<\/p>\n<p>El vocero se\u00f1al\u00f3 que es dif\u00edcil creer que un empresario proucraniano est\u00e9 implicado en los atentados al Nord Stream, ya que considera que fue una tarea demasiado complicada \u00abque probablemente solo un servicio especial bien entrenado, un servicio estatal, podr\u00eda llevar a cabo\u00bb.<\/p>\n<p>Asimismo, asegur\u00f3 que las declaraciones sobre la implicancia de Rusia en el atentado son infundadas y no resisten la cr\u00edtica.<\/p>\n<p>\u00abHoy en d\u00eda, donde quiera que ocurra algo, se culpa principalmente a Rusia, lo mismo ocurri\u00f3 con el Nord Stream, con estos atentados terroristas. Pero, por supuesto, esto no resiste ninguna cr\u00edtica y es absolutamente infundado, no probado y absurdo en esencia\u00bb, enfatiz\u00f3 Peskov.<\/p>\n<p>Por su parte, el<strong> canciller ruso, Serguei Lavrov<\/strong>, calific\u00f3 de \u00abvergonzosos\u00bb los intentos de implicar a cierto \u00aboligarca ucraniano\u00bb en los atentados.<\/p>\n<p>\u00abTratar de explicar, con referencia a algunos servicios secretos occidentales, que fue obra de alg\u00fan oligarca ucraniano (&#8230;) es simplemente vergonzoso para los que promueven esa versi\u00f3n a trav\u00e9s de los medios de comunicaci\u00f3n controlados por Occidente\u00bb, subray\u00f3 Lavrov, citado por la agencia de noticias Sputnik.<\/p>\n<p>Tambi\u00e9n declar\u00f3 que el <strong>secretario general de la ONU, Ant\u00f3nio Guterres<\/strong>, y su equipo \u00abeluden\u00bb comentar la necesidad de una investigaci\u00f3n imparcial sobre los atentados al Nord Stream.<\/p>\n<p>Seg\u00fan Lavrov, los autores intelectuales del ataque no deben eludir su responsabilidad.<\/p>\n<figure class=\"mb-3\"><img loading=\"lazy\" data-src=\"http:\/\/hoycordobaweb.com\/wp-content\/uploads\/2023\/03\/rusia-reclamo-una-investigacion-transparente-sobre-el-atentado-a-los-gasoductos-3.jpg\" src=\"https:\/\/www.telam.com.ar\/assets\/img\/not_image.png\" class=\" lazy \" width=\"100%\" height=\"100%\" alt=\"Las fugas fueronron causadas por explosiones submarinas segn un informe oficial sueco\"><figcaption> Las fugas fueronron causadas por explosiones submarinas, seg\u00fan un informe oficial sueco. <\/figcaption><\/figure>\n<p><\/p>\n<h2 class>La denuncia de los atentados<\/h2>\n<p>Los <strong>gasoductos Nord Stream 1 y 2<\/strong>, que llevan gas ruso y corren por debajo del mar B\u00e1ltico desde Siberia a Alemania, est\u00e1n en el centro de tensiones geopol\u00edticas desde que<strong> Rusia redujo el suministro de gas a Europa, en una aparente represalia contra las sanciones occidentales tras la invasi\u00f3n de Ucrania iniciada en febrero de 2022<\/strong>.<\/p>\n<p>El 26 de septiembre \u00faltimo se detectaron en ellos cuatro escapes que liberaron decenas de miles de toneladas de metano al mar frente a la isla danesa de Bornholm.<\/p>\n<p>Un informe sueco-dan\u00e9s concluy\u00f3 que las<strong> fugas fueron causadas por explosiones submarinas <\/strong>correspondientes a cientos de kilogramos de explosivos.<\/p>\n<p>Anteriormente, el diario alem\u00e1n Die Zeit inform\u00f3 que los investigadores identificaron el buque desde el que se llev\u00f3 a cabo el sabotaje del Nord Stream, cuyos rastros conduc\u00edan a una empresa propiedad de ucranianos.<\/p>\n<p>Unas horas antes de esta publicaci\u00f3n, el diario estadounidense The New York Times escribi\u00f3, citando a funcionarios de EEUU, que los nuevos datos de inteligencia<strong> suger\u00edan que un grupo proucraniano hab\u00eda perpetrado los atentados contra los gasoductos<\/strong>, pero que el presidente Volodimir Zelenski no tuvo responsabilidad.<\/p>\n<p>Citando a varios funcionarios an\u00f3nimos, los medios de comunicaci\u00f3n informaron que cinco hombres y una mujer utilizaron un yate alquilado por una empresa de propiedad ucraniana en Polonia para llevar a cabo el ataque.<\/p>\n<p>La Fiscal\u00eda General de Alemania dijo que los investigadores registraron un barco sospechoso de haber transportado explosivos utilizados en el incidente.<\/p>\n<p>Estados Unidos es el principal aliado y proveedor de armas de Ucrania para resistir la invasi\u00f3n rusa iniciada en febrero de 2022. <\/p>\n","protected":false},"excerpt":{"rendered":"<p>Los gasoductos Nord Stream 1 y 2 est\u00e1n en el centro de tensiones geopol\u00edticas. Foto: archivo. &nbsp; Rusia insisti\u00f3 este jueves en su pedido de una investigaci\u00f3n transparente para identificar a los autores intelectuales y materiales del atentado contra los gasoductos Nord Stream 1 y 2 ocurridos en septiembre pasado, en medio de la guerra [&hellip;]<\/p>\n","protected":false},"author":1,"featured_media":56605,"comment_status":"open","ping_status":"closed","sticky":false,"template":"","format":"standard","meta":[],"categories":[24],"tags":[],"_links":{"self":[{"href":"http:\/\/hoycordobaweb.com\/index.php\/wp-json\/wp\/v2\/posts\/56604"}],"collection":[{"href":"http:\/\/hoycordobaweb.com\/index.php\/wp-json\/wp\/v2\/posts"}],"about":[{"href":"http:\/\/hoycordobaweb.com\/index.php\/wp-json\/wp\/v2\/types\/post"}],"author":[{"embeddable":true,"href":"http:\/\/hoycordobaweb.com\/index.php\/wp-json\/wp\/v2\/users\/1"}],"replies":[{"embeddable":true,"href":"http:\/\/hoycordobaweb.com\/index.php\/wp-json\/wp\/v2\/comments?post=56604"}],"version-history":[{"count":0,"href":"http:\/\/hoycordobaweb.com\/index.php\/wp-json\/wp\/v2\/posts\/56604\/revisions"}],"wp:featuredmedia":[{"embeddable":true,"href":"http:\/\/hoycordobaweb.com\/index.php\/wp-json\/wp\/v2\/media\/56605"}],"wp:attachment":[{"href":"http:\/\/hoycordobaweb.com\/index.php\/wp-json\/wp\/v2\/media?parent=56604"}],"wp:term":[{"taxonomy":"category","embeddable":true,"href":"http:\/\/hoycordobaweb.com\/index.php\/wp-json\/wp\/v2\/categories?post=56604"},{"taxonomy":"post_tag","embeddable":true,"href":"http:\/\/hoycordobaweb.com\/index.php\/wp-json\/wp\/v2\/tags?post=56604"}],"curies":[{"name":"wp","href":"https:\/\/api.w.org\/{rel}","templated":true}]}}