{"id":56603,"date":"2023-03-09T07:51:52","date_gmt":"2023-03-09T07:51:52","guid":{"rendered":"http:\/\/hoycordobaweb.com\/index.php\/2023\/03\/09\/el-barrio-de-sant-roc-de-badalona-se-convertira-en-un-plato-de-netflix-barcelona-secreta\/"},"modified":"2023-03-09T07:51:52","modified_gmt":"2023-03-09T07:51:52","slug":"el-barrio-de-sant-roc-de-badalona-se-convertira-en-un-plato-de-netflix-barcelona-secreta","status":"publish","type":"post","link":"http:\/\/hoycordobaweb.com\/index.php\/2023\/03\/09\/el-barrio-de-sant-roc-de-badalona-se-convertira-en-un-plato-de-netflix-barcelona-secreta\/","title":{"rendered":"El barrio de Sant Roc de Badalona se convertir\u00e1 en un plat\u00f3 de <b>Netflix<\/b> &#8211; Barcelona Secreta"},"content":{"rendered":"<p>&quot;Mano de hierro&quot;, una serie sobre el narcotr\u00e1fico en el puerto de BCN con Chino Dar\u00edn, Jaime Lorente o Natalia de Molina se har\u00e1 en Badalona. <\/p>\n","protected":false},"excerpt":{"rendered":"<p>&quot;Mano de hierro&quot;, una serie sobre el narcotr\u00e1fico en el puerto de BCN con Chino Dar\u00edn, Jaime Lorente o Natalia de Molina se har\u00e1 en Badalona.<\/p>\n","protected":false},"author":1,"featured_media":0,"comment_status":"closed","ping_status":"closed","sticky":false,"template":"","format":"standard","meta":[],"categories":[23],"tags":[],"_links":{"self":[{"href":"http:\/\/hoycordobaweb.com\/index.php\/wp-json\/wp\/v2\/posts\/56603"}],"collection":[{"href":"http:\/\/hoycordobaweb.com\/index.php\/wp-json\/wp\/v2\/posts"}],"about":[{"href":"http:\/\/hoycordobaweb.com\/index.php\/wp-json\/wp\/v2\/types\/post"}],"author":[{"embeddable":true,"href":"http:\/\/hoycordobaweb.com\/index.php\/wp-json\/wp\/v2\/users\/1"}],"replies":[{"embeddable":true,"href":"http:\/\/hoycordobaweb.com\/index.php\/wp-json\/wp\/v2\/comments?post=56603"}],"version-history":[{"count":0,"href":"http:\/\/hoycordobaweb.com\/index.php\/wp-json\/wp\/v2\/posts\/56603\/revisions"}],"wp:attachment":[{"href":"http:\/\/hoycordobaweb.com\/index.php\/wp-json\/wp\/v2\/media?parent=56603"}],"wp:term":[{"taxonomy":"category","embeddable":true,"href":"http:\/\/hoycordobaweb.com\/index.php\/wp-json\/wp\/v2\/categories?post=56603"},{"taxonomy":"post_tag","embeddable":true,"href":"http:\/\/hoycordobaweb.com\/index.php\/wp-json\/wp\/v2\/tags?post=56603"}],"curies":[{"name":"wp","href":"https:\/\/api.w.org\/{rel}","templated":true}]}}