{"id":56597,"date":"2023-03-07T09:08:00","date_gmt":"2023-03-07T09:08:00","guid":{"rendered":"https:\/\/fm-comunicar.com.ar\/contenido\/20060\/un-motociclista-herido-tras-chocar-contra-un-arbol-derribado-por-el-viento"},"modified":"2023-03-07T09:08:00","modified_gmt":"2023-03-07T09:08:00","slug":"un-motociclista-herido-tras-chocar-contra-un-arbol-derribado-por-el-viento","status":"publish","type":"post","link":"http:\/\/hoycordobaweb.com\/index.php\/2023\/03\/07\/un-motociclista-herido-tras-chocar-contra-un-arbol-derribado-por-el-viento\/","title":{"rendered":"Un motociclista herido tras chocar contra un \u00e1rbol derribado por el viento"},"content":{"rendered":"<p>Defensa Civil debi\u00f3 intervenir en ocho lugares por ca\u00eddas de ramas y \u00e1rboles. En zona rural, a las 6 de la madrugada, un joven de 22 a\u00f1os sufri\u00f3 el accidente y fue derivado al Hospital.<img src=\"http:\/\/hoycordobaweb.com\/wp-content\/uploads\/2023\/03\/un-motociclista-herido-tras-chocar-contra-un-arbol-derribado-por-el-viento.jpg\"><\/p>\n","protected":false},"excerpt":{"rendered":"<p>Defensa Civil debi\u00f3 intervenir en ocho lugares por ca\u00eddas de ramas y \u00e1rboles. En zona rural, a las 6 de la madrugada, un joven de 22 a\u00f1os sufri\u00f3 el accidente y fue derivado al Hospital.<\/p>\n","protected":false},"author":1,"featured_media":56598,"comment_status":"closed","ping_status":"closed","sticky":false,"template":"","format":"standard","meta":[],"categories":[18],"tags":[],"_links":{"self":[{"href":"http:\/\/hoycordobaweb.com\/index.php\/wp-json\/wp\/v2\/posts\/56597"}],"collection":[{"href":"http:\/\/hoycordobaweb.com\/index.php\/wp-json\/wp\/v2\/posts"}],"about":[{"href":"http:\/\/hoycordobaweb.com\/index.php\/wp-json\/wp\/v2\/types\/post"}],"author":[{"embeddable":true,"href":"http:\/\/hoycordobaweb.com\/index.php\/wp-json\/wp\/v2\/users\/1"}],"replies":[{"embeddable":true,"href":"http:\/\/hoycordobaweb.com\/index.php\/wp-json\/wp\/v2\/comments?post=56597"}],"version-history":[{"count":0,"href":"http:\/\/hoycordobaweb.com\/index.php\/wp-json\/wp\/v2\/posts\/56597\/revisions"}],"wp:featuredmedia":[{"embeddable":true,"href":"http:\/\/hoycordobaweb.com\/index.php\/wp-json\/wp\/v2\/media\/56598"}],"wp:attachment":[{"href":"http:\/\/hoycordobaweb.com\/index.php\/wp-json\/wp\/v2\/media?parent=56597"}],"wp:term":[{"taxonomy":"category","embeddable":true,"href":"http:\/\/hoycordobaweb.com\/index.php\/wp-json\/wp\/v2\/categories?post=56597"},{"taxonomy":"post_tag","embeddable":true,"href":"http:\/\/hoycordobaweb.com\/index.php\/wp-json\/wp\/v2\/tags?post=56597"}],"curies":[{"name":"wp","href":"https:\/\/api.w.org\/{rel}","templated":true}]}}