{"id":56570,"date":"2023-03-08T16:52:28","date_gmt":"2023-03-08T16:52:28","guid":{"rendered":"https:\/\/www.mujerhoy.com\/moda\/no-te-pierdas\/irene-montero-traje-espectacular-original-dia-de-la-mujer-alquiler-20230308172412-nt.html"},"modified":"2023-03-08T16:52:28","modified_gmt":"2023-03-08T16:52:28","slug":"el-espectacular-traje-alquilado-de-irene-montero-en-el-dia-de-la-mujer-sostenible-made-in-spain-y-muy-feminista","status":"publish","type":"post","link":"http:\/\/hoycordobaweb.com\/index.php\/2023\/03\/08\/el-espectacular-traje-alquilado-de-irene-montero-en-el-dia-de-la-mujer-sostenible-made-in-spain-y-muy-feminista\/","title":{"rendered":"El espectacular traje alquilado de Irene Montero en el D\u00eda de la Mujer: sostenible, made in Spain y muy feminista"},"content":{"rendered":"<p><!-- AUTHOR --><\/p>\n<div class=\"voc-author-timesocial \"><!-- AUTHOR --><\/p>\n<div class=\"voc-author-timesocial__signature\"><!-- IMAGE AUTHOR --><picture class=\"voc-image-signature\"><img class=\"voc-image-signature__img\" src=\"http:\/\/hoycordobaweb.com\/wp-content\/uploads\/2023\/03\/el-espectacular-traje-alquilado-de-irene-montero-en-el-dia-de-la-mujer-sostenible-made-in-spain-y-muy-feminista.jpg\" alt=\"Raquel Rodr\u00edguez\"><\/picture><!-- INFO AUTHOR --><\/div>\n<\/div>\n<p><!-- COMPONENTS --><\/p>\n<p class=\"voc-paragraph\">No es la primera vez que hablamos de la evoluci\u00f3n estil\u00edsitca de<br \/>\n<strong> Irene Montero<\/strong>. A lo largo de su carrera pol\u00edtica, la ministra de Igualdad ha ido experimentando con la ropa y ahora se atreve con prendas m\u00e1s especiales y originales como <a data-voc-vtm-id=\"in-text-traffic\" href=\"https:\/\/www.mujerhoy.com\/moda\/no-te-pierdas\/irene-montero-falda-midi-mango-copia-reina-letizia-ayuso-20230209183125-nt.html\" title=\"www.mujerhoy.com\">esta falda de efecto piel<\/a>. <\/p>\n<p class=\"voc-paragraph\">Una mejor\u00eda que hemos notado hoy, en el <strong>D\u00eda de la Mujer<\/strong>, cuando se ha decantado por un traje muy sofisticado y diferente a lo que nos tiene acostumbrados. De hecho, solo hay que ver <a data-voc-vtm-id=\"in-text-traffic\" href=\"https:\/\/www.mujerhoy.com\/moda\/no-te-pierdas\/irene-montero-vestido-lila-invitada-barato-look-elegante-made-in-spain-marca-aristocrata-arrasa-influencers-dia-de-la-mujer-20220309082106-nt.html\" title=\"www.mujerhoy.com\">el elegante vestido que luci\u00f3 hace un a\u00f1o<\/a>, en la misma cita.\n<\/p>\n<p class=\"voc-paragraph\">Irene Montero ha presidido un acto institucional organizado por el <strong>Ministerio de Igualdad<\/strong> para conmemorar el 8-M y celebrado en el Teatro Pav\u00f3n de Madrid. Bajo el nombre Ahora que ya nos veis, este 8-M hablemos, en esta cita se ha abordado la importancia de la diversidad sexual y los tab\u00faes relativos al sexo.\n<\/p>\n<p class=\"voc-paragraph\">La ministra de Igualdad ha protagonizado una mesa redonda en la que han participado, adem\u00e1s de Montero; la secretaria de Estado de Igualdad, \u00c1ngela Rodr\u00edguez, Pam; varias estudiantes y podcasters. Y ha sido ah\u00ed donde le hemos fichado uno de sus mejores looks hasta el momento.\n<\/p>\n<p class=\"voc-paragraph\">Irene Montero se ha mostrado esta vez mucho m\u00e1s coherente con su discurso pol\u00edtico y los valores del partido al que representa apostando por un estilismo de una firma espa\u00f1ola que aboga por los valores de una moda \u00e9tica y justa: <strong>Joplin Atelier<\/strong>. <\/p>\n<p class=\"voc-paragraph\">Esta es una marca fundada por las hermanas Aida y Laura Molano, que <strong>alquila y vende <\/strong>sus piezas fabricadas en Barcelona y siempre bajo un sistema made-to-order con el que evitan la sobreproducci\u00f3n de prendas y ofrecen el alquiler de su muestrario como alternativa al sobreconsumo.\n<\/p>\n<p class=\"voc-paragraph\">De esta forma, Montero ha dejado a un lado las prendas low cost y el fast-fashion para dar voz y apoyo a marcas que contribuyen as\u00ed a una moda m\u00e1s justa y sin excedentes de stock, apostando de esta forma por la <strong>sostenibilidad <\/strong>y siendo as\u00ed responsables con el mdio ambiente y otros \u00e1mbitos.\n<\/p>\n<p class=\"voc-paragraph\">Al parecer, para esta ocasi\u00f3n, Irene Montero ha querido hacerse con un estilismo especial y ha optado por alquilar este <strong>traje de dos piezas<\/strong> a la firma de Barcelona, formado por una chaqueta de corte oversize y un pantal\u00f3n de talle alto estampados en diferentes tonos combinados con el morado, el color que representa el D\u00eda de la Mujer.\n<\/p>\n<div class=\"voc-detail__cmp\">\n<div class=\"voc-article-container\">\n<article class=\"voc-article voc-article--cmp-photo-text\" readability=\"26\">\n<div class=\"voc-img-container\" readability=\"7\"><picture>\n<div class=\"voc-horizontal voc-img-icon-link\"><img class=\"lazy\" loading=\"lazy\" data-original=\"\/\/static1.mujerhoy.com\/www\/multimedia\/202303\/08\/media\/cortadas\/blazer-morada-kBdE--624x624@MujerHoy.png\" alt=\"La blazer de Joplin Atelier (350 euros).\"><\/div>\n<\/picture>\n<p class=\"figure-caption \"> La blazer de Joplin Atelier (350 euros). <span class=\"voc-photo-author\"><\/span><\/p>\n<\/div>\n<\/article>\n<\/div>\n<\/div>\n<div class=\"voc-detail-photo-zoom\"><picture data-toggle=\"modal\" data-target=\"#photoZoomModal-244\" target=\"modal\">\n<div class=\"voc-img-icon-link\"><img loading=\"lazy\" data-original=\"\/\/static3.mujerhoy.com\/www\/multimedia\/202303\/08\/media\/cortadas\/pantalones-morados-kBdE--460x637@MujerHoy.png\" class=\"lazy\" alt=\"Los pantalones de Joplin Atelier (195 euros).\"><noscript><img src=\"http:\/\/hoycordobaweb.com\/wp-content\/uploads\/2023\/03\/el-espectacular-traje-alquilado-de-irene-montero-en-el-dia-de-la-mujer-sostenible-made-in-spain-y-muy-feminista.png\" alt=\"Los pantalones de Joplin Atelier (195 euros).\"><\/noscript><i class=\"voc-icons zoom voc-multimedia-box voc-ico-l\"><\/i><\/div><figcaption class=\"figure-caption\">Los pantalones de Joplin Atelier (195 euros).<\/figcaption><\/picture><\/div>\n<div id=\"photoZoomModal-244\" class=\"voc-lightbox modal fade voc-lightbox--photo-zoom\" role=\"dialog\" data-voc-photozoom-lightbox>\n<div class=\"voc-lightbox__dialog\" role=\"document\">\n<div class=\"voc-lightbox__content\"><!-- Modal header --><!-- Modal content --><\/p>\n<div class=\"voc-lightbox__photo-container\"><picture class><img loading=\"lazy\" data-original=\"\/\/static3.mujerhoy.com\/www\/multimedia\/202303\/08\/media\/cortadas\/pantalones-morados-kBdE--460x637@MujerHoy.png\" alt=\"Los pantalones de Joplin Atelier (195 euros).\" class=\"lazy\"><noscript><img src=\"http:\/\/hoycordobaweb.com\/wp-content\/uploads\/2023\/03\/el-espectacular-traje-alquilado-de-irene-montero-en-el-dia-de-la-mujer-sostenible-made-in-spain-y-muy-feminista.png\" alt=\"Los pantalones de Joplin Atelier (195 euros).\"><\/noscript><\/picture><\/div>\n<\/div>\n<\/div>\n<\/div>\n<p class=\"voc-paragraph\">\u00bfTe ha gustado y quieres copi\u00e1rselo? Pues debes saber que \u00abeste traje es una <strong>pieza \u00fanica<\/strong> fabricada con excedentes de tejido, por lo que no hay dos iguales\u00ab, comentan las fundadoras de Joplin. Aunque ofrecen una alternativa: este traje en color morado con brillos confeccionado en Barcelona con tejidos de la m\u00e1s alta calidad y empleando procesos tradicionales de sastrer\u00eda que se puede comprar o alquilar.\n<\/p>\n<p class=\"voc-paragraph\">La ministra combin\u00f3 este bonito conjunto con una discreta camiseta negra b\u00e1sica, dando as\u00ed todo el protagonismo al traje, y complet\u00f3 el outfit con unos tacones rojos y un favorecedor recogido bajo con raya el medio y los mechones delanteros recogidos en unos torcidos. \u00a1Estaba guap\u00edsima!\n<\/p>\n<p><!-- TOPICS --><\/p>\n","protected":false},"excerpt":{"rendered":"<p>No es la primera vez que hablamos de la evoluci\u00f3n estil\u00edsitca de Irene Montero. A lo largo de su carrera pol\u00edtica, la ministra de Igualdad ha ido experimentando con la ropa y ahora se atreve con prendas m\u00e1s especiales y originales como esta falda de efecto piel. Una mejor\u00eda que hemos notado hoy, en el [&hellip;]<\/p>\n","protected":false},"author":1,"featured_media":56571,"comment_status":"closed","ping_status":"closed","sticky":false,"template":"","format":"standard","meta":[],"categories":[1],"tags":[],"_links":{"self":[{"href":"http:\/\/hoycordobaweb.com\/index.php\/wp-json\/wp\/v2\/posts\/56570"}],"collection":[{"href":"http:\/\/hoycordobaweb.com\/index.php\/wp-json\/wp\/v2\/posts"}],"about":[{"href":"http:\/\/hoycordobaweb.com\/index.php\/wp-json\/wp\/v2\/types\/post"}],"author":[{"embeddable":true,"href":"http:\/\/hoycordobaweb.com\/index.php\/wp-json\/wp\/v2\/users\/1"}],"replies":[{"embeddable":true,"href":"http:\/\/hoycordobaweb.com\/index.php\/wp-json\/wp\/v2\/comments?post=56570"}],"version-history":[{"count":0,"href":"http:\/\/hoycordobaweb.com\/index.php\/wp-json\/wp\/v2\/posts\/56570\/revisions"}],"wp:featuredmedia":[{"embeddable":true,"href":"http:\/\/hoycordobaweb.com\/index.php\/wp-json\/wp\/v2\/media\/56571"}],"wp:attachment":[{"href":"http:\/\/hoycordobaweb.com\/index.php\/wp-json\/wp\/v2\/media?parent=56570"}],"wp:term":[{"taxonomy":"category","embeddable":true,"href":"http:\/\/hoycordobaweb.com\/index.php\/wp-json\/wp\/v2\/categories?post=56570"},{"taxonomy":"post_tag","embeddable":true,"href":"http:\/\/hoycordobaweb.com\/index.php\/wp-json\/wp\/v2\/tags?post=56570"}],"curies":[{"name":"wp","href":"https:\/\/api.w.org\/{rel}","templated":true}]}}