{"id":56562,"date":"2023-03-08T16:31:46","date_gmt":"2023-03-08T16:31:46","guid":{"rendered":"https:\/\/www.ole.com.ar\/talleres\/el-picante-palito-de-fassi-a-demichelis-river-gandolfi-ayudante-de-campo_0_bdc2PIFAcD.html"},"modified":"2023-03-08T16:31:46","modified_gmt":"2023-03-08T16:31:46","slug":"el-picante-palito-de-fassi-a-demichelis","status":"publish","type":"post","link":"http:\/\/hoycordobaweb.com\/index.php\/2023\/03\/08\/el-picante-palito-de-fassi-a-demichelis\/","title":{"rendered":"El picante palito de Fassi a Demichelis"},"content":{"rendered":"<p><img src=\"http:\/\/hoycordobaweb.com\/wp-content\/uploads\/2023\/03\/el-picante-palito-de-fassi-a-demichelis.jpg\"><\/p>\n<div class=\"custom-text \" readability=\"33.501557632399\">\n<p>En los \u00faltimos d\u00edas de octubre, cuando <a href=\"https:\/\/www.ole.com.ar\/tema\/martin-demichelis.html\" title=\"Martin Demichelis\" alt=\"Martin Demichelis\" class=\"slug\"><strong>Mart\u00edn Demichelis<\/strong><\/a> todav\u00eda no hab\u00eda sido oficializado como nuevo entrenador de <a href=\"https:\/\/www.ole.com.ar\/tema\/river-plate.html\" title=\"River Plate\" alt=\"River Plate\" class=\"slug\"><strong>River<\/strong><\/a>, pero su llegada ya estaba pr\u00e1cticamente confirmada (de hecho ya se encontraba informalmente en funciones), <strong>Micho llam\u00f3 a <\/strong><a href=\"https:\/\/www.ole.com.ar\/tema\/javier-gandolfi.html\" title=\"Javier Gandolfi\" alt=\"Javier Gandolfi\" class=\"slug\"><strong>Javier Gandolfi<\/strong><\/a><strong> para convocarlo a formar parte de su cuerpo t\u00e9cnico. <\/strong><\/p>\n<\/div>\n<div class=\"custom-text \" readability=\"39.111111111111\">\n<p>En aquel momento, Gandolfi llevaba casi dos meses en el banco de <a href=\"https:\/\/www.ole.com.ar\/tema\/talleres-de-cordoba.html\" title=\"Talleres de C\u00f3rdoba\" alt=\"Talleres de C\u00f3rdoba\" class=\"slug\"><strong>Talleres<\/strong><\/a>, pero <strong>hab\u00eda asumido como entrenador interino en reemplazo del despedido Pedro Caixinha.<\/strong> As\u00ed, luego de caer en la final de la Copa Argentina, y sin tener a\u00fan su cargo confirmado, <strong>el ex defensor escuch\u00f3 la propuesta de Demichelis y se reuni\u00f3 con Andr\u00e9s Fassi para definir su futuro. <\/strong><\/p>\n<\/div>\n<div class=\"sc-e6588e40-0 cfEmNH\">\n<div class=\"sc-e6588e40-1 eqykLk videoText\" id=\"contentTitleundefinedRzfcYYOd\" readability=\"56\"><svg fill=\"#ffffff\"><symbol id=\"play\" viewBox=\"0 0 512 512\"><path d=\"M512 256C512 397.4 397.4 512 256 512C114.6 512 0 397.4 0 256C0 114.6 114.6 0 256 0C397.4 0 512 114.6 512 256zM176 168V344C176 352.7 180.7 360.7 188.3 364.9C195.8 369.2 205.1 369 212.5 364.5L356.5 276.5C363.6 272.1 368 264.4 368 256C368 247.6 363.6 239.9 356.5 235.5L212.5 147.5C205.1 142.1 195.8 142.8 188.3 147.1C180.7 151.3 176 159.3 176 168V168z\" \/><\/symbol><use xlink:href=\"#play\" \/><\/svg><\/p>\n<div class=\"right\" readability=\"7\">\n<p>Talleres de C\u00f3rdoba<!-- --> &#8211;<!-- --> <span>8-3-2023<\/span><\/p>\n<h2 class=\"title-vid\">El picante palito de Fassi a Demichelis<\/h2>\n<\/div>\n<\/div>\n<p><span class=\"back\" id=\"spanBackundefinedRzfcYYOd\"><\/span><\/div>\n<div class=\"custom-text \" readability=\"39\">\n<p>\u00abSe habl\u00f3 bastante, trat\u00e9 de respetar el momento que est\u00e1bamos viviendo. Ma\u00f1ana a la tarde (por este lunes a la tarde) me junto con el presidente, <strong>seguramente el tema River estar\u00e1 sobre la mesa. Con Mart\u00edn somos grandes amigos y hablamos seguido. Analizar\u00e9, escuchar\u00e9 y tomar\u00e9 la mejor decisi\u00f3n\u00bb<\/strong>, hab\u00eda revelado en su momento Gandolfi. <\/p>\n<\/div>\n<div class=\"sc-489cef11-0 dA-DVAV\" readability=\"6\">\n<section readability=\"2\"><picture><img class=\"img\" src=\"http:\/\/hoycordobaweb.com\/wp-content\/uploads\/2023\/03\/el-picante-palito-de-fassi-a-demichelis-2.jpg\" alt=\"Demichelis no llev\u00f3 a Mammana ni Su\u00e1rez a Santiago\" height=\"290\" width=\"290\" loading=\"lazy\"><\/picture>\n<p><span>Mir\u00e1 tambi\u00e9n<\/span><\/p>\n<hr>\n<h3>Demichelis no llev\u00f3 a Mammana ni Su\u00e1rez a Santiago<\/h3>\n<\/p>\n<\/section>\n<\/div>\n<div class=\"custom-text \" readability=\"39\">\n<p>Tras la reuni\u00f3n,<strong> finalmente Talleres confirm\u00f3 al DT en su cargo durante todo el 2023, por lo que termin\u00f3 rechazando la propuesta de Demichelis<\/strong>. Hoy, a m\u00e1s de cuatro meses de aquel momento y de aquella decisi\u00f3n, Fassi record\u00f3 la propuesta que recibi\u00f3 en aquel momento Gandolfi y<strong> desliz\u00f3 un picante palito contra el DT de River. <\/strong><\/p>\n<\/div>\n<div class=\"sc-489cef11-0 dA-DVAV\" readability=\"6\">\n<section readability=\"2\"><picture><img class=\"img\" src=\"http:\/\/hoycordobaweb.com\/wp-content\/uploads\/2023\/03\/el-picante-palito-de-fassi-a-demichelis-3.jpg\" alt=\"El probable equipo de River para enfrentar a Racing de C\u00f3rdoba\" height=\"290\" width=\"290\" loading=\"lazy\"><\/picture>\n<p><span>Mir\u00e1 tambi\u00e9n<\/span><\/p>\n<hr>\n<h3>El probable equipo de River para enfrentar a Racing de C\u00f3rdoba<\/h3>\n<\/p>\n<\/section>\n<\/div>\n<div class=\"custom-text \" readability=\"41\">\n<p><strong>\u00abY hoy, como institucional que sos. Y hoy, que no sos interino&#8230;\u00bb<\/strong>, comenz\u00f3 el presidente de la T, en plena conferencia en una nueva edici\u00f3n de M\u00edstica Talleres, un encuentro institucional que se realiza en el club. Y continu\u00f3: \u00ab<strong>Tal vez en alg\u00fan momento&#8230; esto que quede ac\u00e1, por favor. Tal vez en alg\u00fan momento ten\u00e9s que buscar a Mart\u00edn Demichelis para que sea tu ayudante de campo\u00bb. <\/strong><\/p>\n<\/div>\n<div class=\"custom-text \" readability=\"40\">\n<p>El comentario gener\u00f3 risas entre los presentes, y el mismo Gandolfi tampoco pudo evitar sonre\u00edr luego del elogio del Presidente, quien luego del palito, volvi\u00f3 a aclarar: <strong>\u00abLes pido por favor que no salga de ac\u00e1. Somos solamente 600\u00bb.<\/strong> Sin embargo, pese al pedido de Fassi, <strong>el video del evento se subi\u00f3 al canal oficial de Youtube de Talleres y m\u00e1s de 12.000 personas ya lo vieron esa plataforma. <\/strong><\/p>\n<\/div>\n<div class=\"custom-text \" readability=\"33\">\n<p>Y claro, el corte en el que menciona a Demichelis no tard\u00f3 en viralizarse en las redes sociales. <\/p>\n<\/div>\n<p><h2><strong>Fassi tambi\u00e9n hab\u00eda convocado a Demichelis<\/strong><\/h2>\n<\/p>\n<div class=\"custom-text \" readability=\"42\">\n<p>M\u00e1s all\u00e1 de que el palito <strong>apuntaba al llamado de Demichelis a Gandolfi para acompa\u00f1arlo en el banco de River<\/strong>, tambi\u00e9n hay que destacar que, antes de sumarse al Millonario, el ex defensor de River, la Selecci\u00f3n, Bayern Munich y Manchester City, entre otros, <strong>fue convocado por Fassi para hacerse cargo del cuerpo t\u00e9cnico de Talleres. <\/strong><\/p>\n<\/div>\n<div class=\"sc-489cef11-0 dA-DVAV\" readability=\"6.5\">\n<section readability=\"3\"><picture><img class=\"img\" src=\"http:\/\/hoycordobaweb.com\/wp-content\/uploads\/2023\/03\/el-picante-palito-de-fassi-a-demichelis-4.jpg\" alt=\"God\u00edn, descartado ante Talleres\" height=\"290\" width=\"290\" loading=\"lazy\"><\/picture>\n<p><span>Mir\u00e1 tambi\u00e9n<\/span><\/p>\n<hr>\n<h3>God\u00edn, descartado ante Talleres<\/h3>\n<\/p>\n<\/section>\n<\/div>\n<div class=\"custom-text \" readability=\"41\">\n<p>El llamado lleg\u00f3 a fines del 2021, luego de la salida de Alexander Medina. En aquel momento, Demichelis rechaz\u00f3 la oferta: \u00ab<strong>Voy a explicarlo y me atrevo a hacerlo ahora porque uno de los clubes que me contact\u00f3 y su presidente, Andr\u00e9s, se que no se van a enojar.<\/strong> En su momento me llam\u00f3 Fassi, en diciembre, para que me haga cargo de Talleres\u201d. <\/p>\n<\/div>\n<div class=\"custom-text \" readability=\"36\">\n<p>\u201c<strong>Le expliqu\u00e9 que no le estaba diciendo que no a \u00e9l o a Talleres. Le dec\u00eda que no al tiempo. Estoy terminando mi licencia de entrenador Uefa Pro en Italia.<\/strong> Es muy dif\u00edcil hacerla y llevo cinco a\u00f1os detr\u00e1s de la misma. En ese momento me quedaban seis meses y me parec\u00eda en vano tirar el tiempo invertido por adelantarme seis meses\u201d, explic\u00f3 Micho en su momento. <\/p>\n<\/div>\n","protected":false},"excerpt":{"rendered":"<p>En los \u00faltimos d\u00edas de octubre, cuando Mart\u00edn Demichelis todav\u00eda no hab\u00eda sido oficializado como nuevo entrenador de River, pero su llegada ya estaba pr\u00e1cticamente confirmada (de hecho ya se encontraba informalmente en funciones), Micho llam\u00f3 a Javier Gandolfi para convocarlo a formar parte de su cuerpo t\u00e9cnico. En aquel momento, Gandolfi llevaba casi dos [&hellip;]<\/p>\n","protected":false},"author":1,"featured_media":56563,"comment_status":"open","ping_status":"closed","sticky":false,"template":"","format":"standard","meta":[],"categories":[16],"tags":[],"_links":{"self":[{"href":"http:\/\/hoycordobaweb.com\/index.php\/wp-json\/wp\/v2\/posts\/56562"}],"collection":[{"href":"http:\/\/hoycordobaweb.com\/index.php\/wp-json\/wp\/v2\/posts"}],"about":[{"href":"http:\/\/hoycordobaweb.com\/index.php\/wp-json\/wp\/v2\/types\/post"}],"author":[{"embeddable":true,"href":"http:\/\/hoycordobaweb.com\/index.php\/wp-json\/wp\/v2\/users\/1"}],"replies":[{"embeddable":true,"href":"http:\/\/hoycordobaweb.com\/index.php\/wp-json\/wp\/v2\/comments?post=56562"}],"version-history":[{"count":0,"href":"http:\/\/hoycordobaweb.com\/index.php\/wp-json\/wp\/v2\/posts\/56562\/revisions"}],"wp:featuredmedia":[{"embeddable":true,"href":"http:\/\/hoycordobaweb.com\/index.php\/wp-json\/wp\/v2\/media\/56563"}],"wp:attachment":[{"href":"http:\/\/hoycordobaweb.com\/index.php\/wp-json\/wp\/v2\/media?parent=56562"}],"wp:term":[{"taxonomy":"category","embeddable":true,"href":"http:\/\/hoycordobaweb.com\/index.php\/wp-json\/wp\/v2\/categories?post=56562"},{"taxonomy":"post_tag","embeddable":true,"href":"http:\/\/hoycordobaweb.com\/index.php\/wp-json\/wp\/v2\/tags?post=56562"}],"curies":[{"name":"wp","href":"https:\/\/api.w.org\/{rel}","templated":true}]}}