{"id":56560,"date":"2023-03-08T16:36:22","date_gmt":"2023-03-08T16:36:22","guid":{"rendered":"https:\/\/www.ole.com.ar\/futbol-internacional\/espana\/barcelona-caso-negreira-hinchas-athletic-bilbao-protesta_0_gVjXXpZKYt.html"},"modified":"2023-03-08T16:36:22","modified_gmt":"2023-03-08T16:36:22","slug":"la-protesta-que-preparan-los-hinchas-del-athletic-contra-barcelona","status":"publish","type":"post","link":"http:\/\/hoycordobaweb.com\/index.php\/2023\/03\/08\/la-protesta-que-preparan-los-hinchas-del-athletic-contra-barcelona\/","title":{"rendered":"La protesta que preparan los hinchas del Athletic contra Barcelona"},"content":{"rendered":"<p><img src=\"http:\/\/hoycordobaweb.com\/wp-content\/uploads\/2023\/03\/la-protesta-que-preparan-los-hinchas-del-athletic-contra-barcelona.jpg\"><\/p>\n<div class=\"custom-text \" readability=\"32.123287671233\">\n<p>Hace unos d\u00edas estall\u00f3 una<strong> pol\u00e9mica que salpic\u00f3 de lleno al <\/strong><a href=\"https:\/\/www.ole.com.ar\/tema\/fc-barcelona.html\" title=\"FC Barcelona\" alt=\"FC Barcelona\" class=\"slug\"><strong>Barcelona<\/strong><\/a><strong> por corrupci\u00f3n<\/strong>. En Espa\u00f1a, el resto de los clubes no se tom\u00f3 para nada bien la situaci\u00f3n y es por eso que<strong> los hinchas del <\/strong><a href=\"https:\/\/www.ole.com.ar\/tema\/athletic-bilbao.html\" title=\"Athletic Bilbao\" alt=\"Athletic Bilbao\" class=\"slug\"><strong>Athletic Bilbao <\/strong><\/a><strong>planean una particular bienvenida al Cul\u00e9 en San Mam\u00e9s a modo de protesta.<\/strong><\/p>\n<\/div>\n<div class=\"custom-text \" readability=\"39\">\n<p>Se difundi\u00f3 que se le pagaron siete millones de euros a Jos\u00e9 Mar\u00eda Enr\u00edquez Negreira entre los a\u00f1os 2001 y 2018. El Blaugrana, seg\u00fan difundi\u00f3 el diario El Mundo,<strong> le pag\u00f3 6,6 millones de euros desde 2001 a Dasnil 95, empresa de Negreira<\/strong>, por informes sobre temas arbitrales.<\/p>\n<\/div>\n<div class=\"sc-489cef11-0 dA-DVAV\" readability=\"6\">\n<section readability=\"2\"><picture><img class=\"img\" src=\"http:\/\/hoycordobaweb.com\/wp-content\/uploads\/2023\/03\/la-protesta-que-preparan-los-hinchas-del-athletic-contra-barcelona-2.jpg\" alt=\"Champions: las 5 claves top del PSG de Messi en M\u00fanich\" height=\"290\" width=\"290\" loading=\"lazy\"><\/picture>\n<p><span>Mir\u00e1 tambi\u00e9n<\/span><\/p>\n<hr>\n<h3>Champions: las 5 claves top del PSG de Messi en M\u00fanich<\/h3>\n<\/p>\n<\/section>\n<\/div>\n<div class=\"custom-text \" readability=\"38\">\n<p>Este martes, se confirm\u00f3 que la Fiscal\u00eda denunciar\u00e1 al club por el cargo de corrupci\u00f3n continuada por los pagos que se le hicieron a ese ex refer\u00ed, que era vicepresidente del Comit\u00e9 T\u00e9cnico de \u00c1rbitros. La informaci\u00f3n fue difundida este martes por el diario El Pa\u00eds y apunta que tambi\u00e9n est\u00e1 implicado el expresidente del club, Josep Maria Bartomeu.<\/p>\n<\/div>\n<div class=\"sc-996041c8-0 cNLAwW\"><img alt=\"Se viene un nuevo cruce entre ambos en San Mam\u00e9s. (CESAR MANSO \/ AFP)\" src=\"http:\/\/hoycordobaweb.com\/wp-content\/uploads\/2023\/03\/la-protesta-que-preparan-los-hinchas-del-athletic-contra-barcelona-3.jpg\" width=\"720\" height=\"0\" decoding=\"async\" data-nimg=\"future\" loading=\"lazy\"><span>Se viene un nuevo cruce entre ambos en San Mam\u00e9s. (CESAR MANSO \/ AFP)<\/span><\/div>\n<div class=\"sc-489cef11-0 dA-DVAV\" readability=\"6.5\">\n<section readability=\"3\"><picture><img class=\"img\" src=\"http:\/\/hoycordobaweb.com\/wp-content\/uploads\/2023\/03\/la-protesta-que-preparan-los-hinchas-del-athletic-contra-barcelona-4.jpg\" alt=\"Esc\u00e1ndalo con Kyle Walker: lo grabaron borracho y baj\u00e1ndose los pantalones en un bar\" height=\"290\" width=\"290\" loading=\"lazy\"><\/picture>\n<p><span>Mir\u00e1 tambi\u00e9n<\/span><\/p>\n<hr>\n<h3>Esc\u00e1ndalo con Kyle Walker: lo grabaron borracho y baj\u00e1ndose los pantalones en un bar<\/h3>\n<\/p>\n<\/section>\n<\/div>\n<p><h2><strong>Protestas en La Liga<\/strong><\/h2>\n<\/p>\n<div class=\"custom-text \" readability=\"34\">\n<p>El pr\u00f3ximo domingo, <strong>Barcelona visitar\u00e1 Bilbao para enfrentarse al Athletic. <\/strong>Es por eso que los fan\u00e1ticos locales aprovechar\u00e1n para organizar una protesta para avivar la llama. <\/p>\n<\/div>\n<div class=\"custom-text \" readability=\"40\">\n<p>Seg\u00fan replic\u00f3 Sport, Herri Harmaila, colectivo de pe\u00f1as del club, tiene pensado<strong> tirar billetes de color azul y granate, junto a una imagen del escudo del Barsa y la leyenda \u00abMAFIA\u00bb.<\/strong> La idea es realizarlo al minuto 30 de partido. De hecho, los hinchas compartieron un archivo en redes sociales con el documento para descargar e imprimir los billetes y que todos puedan pronunciarse.<\/p>\n<\/div>\n<div class=\"sc-489cef11-0 dA-DVAV\" readability=\"6\">\n<section readability=\"2\"><picture><img class=\"img\" src=\"http:\/\/hoycordobaweb.com\/wp-content\/uploads\/2023\/03\/la-protesta-que-preparan-los-hinchas-del-athletic-contra-barcelona-5.jpg\" alt=\"Los cuatro posibles destinos de Alexis Mac Allister\" height=\"290\" width=\"290\" loading=\"lazy\"><\/picture>\n<p><span>Mir\u00e1 tambi\u00e9n<\/span><\/p>\n<hr>\n<h3>Los cuatro posibles destinos de Alexis Mac Allister<\/h3>\n<\/p>\n<\/section>\n<\/div>\n","protected":false},"excerpt":{"rendered":"<p>Hace unos d\u00edas estall\u00f3 una pol\u00e9mica que salpic\u00f3 de lleno al Barcelona por corrupci\u00f3n. En Espa\u00f1a, el resto de los clubes no se tom\u00f3 para nada bien la situaci\u00f3n y es por eso que los hinchas del Athletic Bilbao planean una particular bienvenida al Cul\u00e9 en San Mam\u00e9s a modo de protesta. Se difundi\u00f3 que [&hellip;]<\/p>\n","protected":false},"author":1,"featured_media":56561,"comment_status":"open","ping_status":"closed","sticky":false,"template":"","format":"standard","meta":[],"categories":[16],"tags":[],"_links":{"self":[{"href":"http:\/\/hoycordobaweb.com\/index.php\/wp-json\/wp\/v2\/posts\/56560"}],"collection":[{"href":"http:\/\/hoycordobaweb.com\/index.php\/wp-json\/wp\/v2\/posts"}],"about":[{"href":"http:\/\/hoycordobaweb.com\/index.php\/wp-json\/wp\/v2\/types\/post"}],"author":[{"embeddable":true,"href":"http:\/\/hoycordobaweb.com\/index.php\/wp-json\/wp\/v2\/users\/1"}],"replies":[{"embeddable":true,"href":"http:\/\/hoycordobaweb.com\/index.php\/wp-json\/wp\/v2\/comments?post=56560"}],"version-history":[{"count":0,"href":"http:\/\/hoycordobaweb.com\/index.php\/wp-json\/wp\/v2\/posts\/56560\/revisions"}],"wp:featuredmedia":[{"embeddable":true,"href":"http:\/\/hoycordobaweb.com\/index.php\/wp-json\/wp\/v2\/media\/56561"}],"wp:attachment":[{"href":"http:\/\/hoycordobaweb.com\/index.php\/wp-json\/wp\/v2\/media?parent=56560"}],"wp:term":[{"taxonomy":"category","embeddable":true,"href":"http:\/\/hoycordobaweb.com\/index.php\/wp-json\/wp\/v2\/categories?post=56560"},{"taxonomy":"post_tag","embeddable":true,"href":"http:\/\/hoycordobaweb.com\/index.php\/wp-json\/wp\/v2\/tags?post=56560"}],"curies":[{"name":"wp","href":"https:\/\/api.w.org\/{rel}","templated":true}]}}