{"id":56558,"date":"2023-03-08T16:50:33","date_gmt":"2023-03-08T16:50:33","guid":{"rendered":"https:\/\/www.ole.com.ar\/ecuador\/internacional\/copa-sudamericana-2023-clasificados-sorteo-liga-de-quito-penarol_0_tbIRGXPN3K.html"},"modified":"2023-03-08T16:50:33","modified_gmt":"2023-03-08T16:50:33","slug":"sudamericana-cuando-es-el-sorteo-y-que-clasificados-faltan","status":"publish","type":"post","link":"http:\/\/hoycordobaweb.com\/index.php\/2023\/03\/08\/sudamericana-cuando-es-el-sorteo-y-que-clasificados-faltan\/","title":{"rendered":"Sudamericana: cu\u00e1ndo es el sorteo y qu\u00e9 clasificados faltan"},"content":{"rendered":"<p><img src=\"http:\/\/hoycordobaweb.com\/wp-content\/uploads\/2023\/03\/sudamericana-cuando-es-el-sorteo-y-que-clasificados-faltan.jpg\"><\/p>\n<div class=\"custom-text \" readability=\"35.088145896657\">\n<p><strong>Con algunos equipos ya clasificados y otros por definir su destino, continua la Primera Fase de la <\/strong><a href=\"https:\/\/www.ole.com.ar\/tema\/copa-sudamericana.html\" title=\"Copa Sudamericana\" alt=\"Copa Sudamericana\" class=\"slug\"><strong>Copa Sudamericana<\/strong><\/a><strong> 2023.<\/strong> Esta instancia enfrenta a equipos de un mismo pa\u00eds en busca de cupos para meterse en la fase de grupos de la segunda competencia m\u00e1s importante del continente, que tendr\u00e1 inicio el mi\u00e9rcoles 5 de abril.<\/p>\n<\/div>\n<div class=\"sc-489cef11-0 dA-DVAV\" readability=\"6\">\n<section readability=\"2\"><picture><img class=\"img\" src=\"http:\/\/hoycordobaweb.com\/wp-content\/uploads\/2023\/03\/sudamericana-cuando-es-el-sorteo-y-que-clasificados-faltan-2.jpg\" alt=\"Liga de Quito se recuper\u00f3 con clasificaci\u00f3n en Copa Sudamericana\" height=\"290\" width=\"290\" loading=\"lazy\"><\/picture>\n<p><span>Mir\u00e1 tambi\u00e9n<\/span><\/p>\n<hr>\n<h3>Liga de Quito se recuper\u00f3 con clasificaci\u00f3n en Copa Sudamericana<\/h3>\n<\/p>\n<\/section>\n<\/div>\n<div class=\"sc-489cef11-0 dA-DVAV\" readability=\"6\">\n<section readability=\"2\"><picture><img class=\"img\" src=\"http:\/\/hoycordobaweb.com\/wp-content\/uploads\/2023\/03\/sudamericana-cuando-es-el-sorteo-y-que-clasificados-faltan-3.jpg\" alt=\"Video: el golazo de tiro libre de Alzugaray\" height=\"290\" width=\"290\" loading=\"lazy\"><\/picture>\n<p><span>Mir\u00e1 tambi\u00e9n<\/span><\/p>\n<hr>\n<h3>Video: el golazo de tiro libre de Alzugaray<\/h3>\n<\/p>\n<\/section>\n<\/div>\n<div class=\"custom-text \" readability=\"38.842900302115\">\n<p>La etapa previa de la competencia en la que viene de <a href=\"https:\/\/www.ole.com.ar\/ecuador\/independiente-del-valle\/independiente-valle-copa-sudamericana-final-cordoba_0_aQwI9wXEB1.html\">coronarse <\/a><a href=\"https:\/\/www.ole.com.ar\/tema\/independiente-del-valle.html\" target=\"_blank\" title=\"Independiente del Valle\" alt=\"Independiente del Valle\" class=\"slug\" rel=\"noopener noreferrer\">Independiente del Valle<\/a> en 2022, re\u00fane a 32 equipos de Uruguay, Paraguay, Bolivia, Ecuador, Chile, Venezuela, Colombia y Per\u00fa. Argentinos y brasile\u00f1os clasifican directo, y <strong>entre el resto de clubes se miden en un partido \u00fanico para ganarse un lugar en el certamen.<\/strong><\/p>\n<\/div>\n<div class=\"sc-996041c8-0 cNLAwW\"><img alt=\"Independiente del Valle es el \u00faltimo campe\u00f3n de la competencia. (AFP)\" src=\"http:\/\/hoycordobaweb.com\/wp-content\/uploads\/2023\/03\/sudamericana-cuando-es-el-sorteo-y-que-clasificados-faltan-4.jpg\" width=\"720\" height=\"0\" decoding=\"async\" data-nimg=\"future\" loading=\"lazy\"><span>Independiente del Valle es el \u00faltimo campe\u00f3n de la competencia. (AFP)<\/span><\/div>\n<div class=\"custom-text \" readability=\"38.339100346021\">\n<p>Una vez definidos todos los clasificados, el<strong> lunes 27 de marzo<\/strong>, en la sede de Conmebol ubicada en Luque, Paraguay, <strong>se llevar\u00e1 a cabo el sorteo de las competencias internacionales<\/strong>, tanto de la Copa Sudamericana como la <a href=\"https:\/\/www.ole.com.ar\/tema\/copa-libertadores.html\" title=\"Copa Libertadores\" alt=\"Copa Libertadores\" class=\"slug\">Libertadores<\/a>, para definir los respectivos grupos de cada competencia.<\/p>\n<\/div>\n<div class=\"sc-489cef11-0 dA-DVAV\" readability=\"6\">\n<section readability=\"2\"><picture><img class=\"img\" src=\"http:\/\/hoycordobaweb.com\/wp-content\/uploads\/2023\/03\/sudamericana-cuando-es-el-sorteo-y-que-clasificados-faltan-5.jpg\" alt=\"Cano sum\u00f3 otro doblete y sigue haciendo historia en Fluminense\" height=\"290\" width=\"290\" loading=\"lazy\"><\/picture>\n<p><span>Mir\u00e1 tambi\u00e9n<\/span><\/p>\n<hr>\n<h3>Cano sum\u00f3 otro doblete y sigue haciendo historia en Fluminense<\/h3>\n<\/p>\n<\/section>\n<\/div>\n<div class=\"sc-489cef11-0 dA-DVAV\" readability=\"6\">\n<section readability=\"2\"><picture><img class=\"img\" src=\"http:\/\/hoycordobaweb.com\/wp-content\/uploads\/2023\/03\/sudamericana-cuando-es-el-sorteo-y-que-clasificados-faltan-6.jpg\" alt=\"Sudamericana: \u00e1rbitros confirmados para los duelos ecuatorianos\" height=\"290\" width=\"290\" loading=\"lazy\"><\/picture>\n<p><span>Mir\u00e1 tambi\u00e9n<\/span><\/p>\n<hr>\n<h3>Sudamericana: \u00e1rbitros confirmados para los duelos ecuatorianos<\/h3>\n<\/p>\n<\/section>\n<\/div>\n<p><h2><strong>Los clasificados<\/strong><\/h2>\n<\/p>\n<div class=\"custom-text \" readability=\"37\">\n<p>Hasta el momento son cinco los equipos clasificados al sorteo.<strong> Audax Italiano, Tacuary, Pe\u00f1arol, Academia Puerto Cabello y Liga de Quito.<\/strong> El resto de los equipos definir\u00e1n qui\u00e9n se queda y quien se va entre este mi\u00e9rcoles y jueves.<\/p>\n<\/div>\n<div class=\"custom-text \" readability=\"33.489898989899\">\n<p>En Rancagua, <strong>Audax Italiano<\/strong><a href=\"https:\/\/www.ole.com.ar\/futbol-internacional\/sudamericana\/zampedri-doblete-sudamericana-catolica-audax_0_CCAXyPBgVc.html\" target=\"_blank\" rel=\"noopener noreferrer\"><strong> le gan\u00f3 3 a 2 a Universidad Cat\u00f3lica de Chile<\/strong><\/a>, y as\u00ed elimin\u00f3 al equipo de Ariel Holan. Fernando Zampedri meti\u00f3 los dos goles de los Cruzados. El ganador es dirigido por el DT argentino Manuel Fern\u00e1ndez. En otro partido, <strong>Tacuary de Paraguay se clasific\u00f3 al derrotar por penales a General Caballero<\/strong> del mismo pa\u00eds: fue 2 a 2 en los 90 y 4 a 2 desde los 12 pasos.<\/p>\n<\/div>\n<div class=\"sc-996041c8-0 cNLAwW\"><img alt=\"El festejo de los futbolistas de Audax.\" src=\"http:\/\/hoycordobaweb.com\/wp-content\/uploads\/2023\/03\/sudamericana-cuando-es-el-sorteo-y-que-clasificados-faltan-7.jpg\" width=\"720\" height=\"0\" decoding=\"async\" data-nimg=\"future\" loading=\"lazy\"><span>El festejo de los futbolistas de Audax.<\/span><\/div>\n<div class=\"sc-996041c8-0 cNLAwW\"><img alt=\"V\u00edctor Ayala festeja en Tacuary.\" src=\"http:\/\/hoycordobaweb.com\/wp-content\/uploads\/2023\/03\/sudamericana-cuando-es-el-sorteo-y-que-clasificados-faltan-8.jpg\" width=\"720\" height=\"0\" decoding=\"async\" data-nimg=\"future\" loading=\"lazy\"><span>V\u00edctor Ayala festeja en Tacuary.<\/span><\/div>\n<div class=\"custom-text \" readability=\"36\">\n<p><strong>En Maldonado, Pe\u00f1arol cumpli\u00f3 al golear 4 a 0 a River de Montevideo<\/strong>. Hubo tres goles de Mat\u00edas Arezo y uno de Pablo Milans. En Venezuela,<strong> Academia Puerto Cabello super\u00f3 1 a 0 a Caracas<\/strong> y tambi\u00e9n entr\u00f3 en fase de grupos.<\/p>\n<\/div>\n<div class=\"sc-996041c8-0 cNLAwW\"><img alt=\"El festejo de los jugadores de Pe\u00f1arol.\" src=\"http:\/\/hoycordobaweb.com\/wp-content\/uploads\/2023\/03\/sudamericana-cuando-es-el-sorteo-y-que-clasificados-faltan-9.jpg\" width=\"720\" height=\"0\" decoding=\"async\" data-nimg=\"future\" loading=\"lazy\"><span>El festejo de los jugadores de Pe\u00f1arol.<\/span><\/div>\n<div class=\"custom-text \" readability=\"31.717741935484\">\n<p><strong>El quinto clasificado es <\/strong><a href=\"https:\/\/www.ole.com.ar\/tema\/liga-de-quito.html\" title=\"liga de quito\" alt=\"liga de quito\" class=\"slug\"><strong>Liga de Quito<\/strong><\/a>, de Ecuador. En el Rodrigo Paz Delgado, los dirigidos por<a href=\"https:\/\/www.ole.com.ar\/tema\/luis-zubeldia.html\" title=\"Lu\u00eds Zubeld\u00eda\" alt=\"Lu\u00eds Zubeld\u00eda\" class=\"slug\"> Luis Zubeld\u00eda <\/a>se impusieron con goleada ante <a href=\"https:\/\/www.ole.com.ar\/tema\/delfin.html\" title=\"Delf\u00edn\" alt=\"Delf\u00edn\" class=\"slug\">Delf\u00edn<\/a>.<a href=\"https:\/\/www.ole.com.ar\/ecuador\/liga-de-quito\/liga-de-quito-delfin-copa-sudamericana_0_Rf8RHiKJLw.html\" target=\"_blank\" rel=\"noopener noreferrer\"> Fue 4-0 <\/a>con goles de Lisandro Alzugaray, Jos\u00e9 Angulo, Alexander Alvarado y Juan Luis Anangon\u00f3.<\/p>\n<\/div>\n<div class=\"sc-996041c8-0 cNLAwW\"><img alt=\"LDU gole\u00f3 y se clasific\u00f3. (AFP)\" src=\"http:\/\/hoycordobaweb.com\/wp-content\/uploads\/2023\/03\/sudamericana-cuando-es-el-sorteo-y-que-clasificados-faltan-10.jpg\" width=\"720\" height=\"0\" decoding=\"async\" data-nimg=\"future\" loading=\"lazy\"><span>LDU gole\u00f3 y se clasific\u00f3. (AFP)<\/span><\/div>\n<div class=\"sc-489cef11-0 dA-DVAV\" readability=\"6\">\n<section readability=\"2\"><picture><img class=\"img\" src=\"http:\/\/hoycordobaweb.com\/wp-content\/uploads\/2023\/03\/sudamericana-cuando-es-el-sorteo-y-que-clasificados-faltan-11.jpg\" alt=\"Magallanes - Independiente Medell\u00edn: hora y como verlo en vivo \" height=\"290\" width=\"290\" loading=\"lazy\"><\/picture>\n<p><span>Mir\u00e1 tambi\u00e9n<\/span><\/p>\n<hr>\n<h3>Magallanes &#8211; Independiente Medell\u00edn: hora y como verlo en vivo<br \/>\n<\/h3>\n<\/p>\n<\/section>\n<\/div>\n<div class=\"sc-489cef11-0 dA-DVAV\" readability=\"6\">\n<section readability=\"2\"><picture><img class=\"img\" src=\"http:\/\/hoycordobaweb.com\/wp-content\/uploads\/2023\/03\/sudamericana-cuando-es-el-sorteo-y-que-clasificados-faltan-12.jpg\" alt=\"Baja importante en Cuenca: Pancho Mera no jugar\u00e1 vs. Emelec\" height=\"290\" width=\"290\" loading=\"lazy\"><\/picture>\n<p><span>Mir\u00e1 tambi\u00e9n<\/span><\/p>\n<hr>\n<h3>Baja importante en Cuenca: Pancho Mera no jugar\u00e1 vs. Emelec<\/h3>\n<\/p>\n<\/section>\n<\/div>\n<p><h2><strong>Restan por definirse<\/strong><\/h2>\n<\/p>\n<div class=\"custom-text \" readability=\"41\">\n<p><strong>Este mi\u00e9rcoles jugar\u00e1n: <\/strong>Guabir\u00e1 ante Oriente Petrolero, en Bolivia; Guaran\u00ed vs Ameliano, en Paraguay; Defensor Sporting vs Danubio, en Uruguay; \u00c1guilas Doradas vs. Independiente Santa Fe, en Colombia; Estudiantes de M\u00e9rida vs. Deportivo T\u00e1chira, en Venezuela; C\u00e9sar Vallejo ante Binacional, en Per\u00fa.<\/p>\n<\/div>\n<div class=\"custom-text \" readability=\"33\">\n<p><strong>Y el jueves<\/strong> buscar\u00e1n meterse de lleno en la Sudamericana: Cobresal vs Palestino; Deportes Tolima vs Junior; Emelec vs Deportivo Cuenca y Universitario vs Cienciano.<\/p>\n<\/div>\n<div class=\"custom-text \" readability=\"42\">\n<p>Cane recordar los equipos ya clasificados. Los argentinos son <strong>Gimnasia y Esgrima La Plata, Defensa y Justicia, Tigre, Newells, Estudiantes y San Lorenzo<\/strong>. Mientras que a Brasil lo representan: <strong>San Pablo, Am\u00e9rica MG, Botafogo, Santos, Goi\u00e1s y Bragantino.<\/strong><\/p>\n<\/div>\n<div class=\"sc-489cef11-0 dA-DVAV\" readability=\"6.5\">\n<section readability=\"3\"><picture><img class=\"img\" src=\"http:\/\/hoycordobaweb.com\/wp-content\/uploads\/2023\/03\/sudamericana-cuando-es-el-sorteo-y-que-clasificados-faltan-13.jpg\" alt=\"Millonarios - Atl\u00e9tico Mineiro: hora, TV y posibles formaciones\" height=\"290\" width=\"290\" loading=\"lazy\"><\/picture>\n<p><span>Mir\u00e1 tambi\u00e9n<\/span><\/p>\n<hr>\n<h3>Millonarios &#8211; Atl\u00e9tico Mineiro: hora, TV y posibles formaciones<\/h3>\n<\/p>\n<\/section>\n<\/div>\n<div class=\"sc-489cef11-0 dA-DVAV\" readability=\"6\">\n<section readability=\"2\"><picture><img class=\"img\" src=\"http:\/\/hoycordobaweb.com\/wp-content\/uploads\/2023\/03\/sudamericana-cuando-es-el-sorteo-y-que-clasificados-faltan-14.jpg\" alt=\"Oficial: Ricardo Gareca ya no dirigir\u00e1 Ecuador\" height=\"290\" width=\"290\" loading=\"lazy\"><\/picture>\n<p><span>Mir\u00e1 tambi\u00e9n<\/span><\/p>\n<hr>\n<h3>Oficial: Ricardo Gareca ya no dirigir\u00e1 Ecuador<\/h3>\n<\/p>\n<\/section>\n<\/div>\n","protected":false},"excerpt":{"rendered":"<p>Con algunos equipos ya clasificados y otros por definir su destino, continua la Primera Fase de la Copa Sudamericana 2023. Esta instancia enfrenta a equipos de un mismo pa\u00eds en busca de cupos para meterse en la fase de grupos de la segunda competencia m\u00e1s importante del continente, que tendr\u00e1 inicio el mi\u00e9rcoles 5 de [&hellip;]<\/p>\n","protected":false},"author":1,"featured_media":56559,"comment_status":"open","ping_status":"closed","sticky":false,"template":"","format":"standard","meta":[],"categories":[16],"tags":[],"_links":{"self":[{"href":"http:\/\/hoycordobaweb.com\/index.php\/wp-json\/wp\/v2\/posts\/56558"}],"collection":[{"href":"http:\/\/hoycordobaweb.com\/index.php\/wp-json\/wp\/v2\/posts"}],"about":[{"href":"http:\/\/hoycordobaweb.com\/index.php\/wp-json\/wp\/v2\/types\/post"}],"author":[{"embeddable":true,"href":"http:\/\/hoycordobaweb.com\/index.php\/wp-json\/wp\/v2\/users\/1"}],"replies":[{"embeddable":true,"href":"http:\/\/hoycordobaweb.com\/index.php\/wp-json\/wp\/v2\/comments?post=56558"}],"version-history":[{"count":0,"href":"http:\/\/hoycordobaweb.com\/index.php\/wp-json\/wp\/v2\/posts\/56558\/revisions"}],"wp:featuredmedia":[{"embeddable":true,"href":"http:\/\/hoycordobaweb.com\/index.php\/wp-json\/wp\/v2\/media\/56559"}],"wp:attachment":[{"href":"http:\/\/hoycordobaweb.com\/index.php\/wp-json\/wp\/v2\/media?parent=56558"}],"wp:term":[{"taxonomy":"category","embeddable":true,"href":"http:\/\/hoycordobaweb.com\/index.php\/wp-json\/wp\/v2\/categories?post=56558"},{"taxonomy":"post_tag","embeddable":true,"href":"http:\/\/hoycordobaweb.com\/index.php\/wp-json\/wp\/v2\/tags?post=56558"}],"curies":[{"name":"wp","href":"https:\/\/api.w.org\/{rel}","templated":true}]}}