{"id":56556,"date":"2023-03-08T16:51:22","date_gmt":"2023-03-08T16:51:22","guid":{"rendered":"https:\/\/www.ole.com.ar\/ecuador\/la-tri\/club-nanas-deuda-fef-campeon-femenino_0_l6WOTfoWP5.html"},"modified":"2023-03-08T16:51:22","modified_gmt":"2023-03-08T16:51:22","slug":"nanas-se-suma-a-la-fila-de-reclamos-a-la-fef","status":"publish","type":"post","link":"http:\/\/hoycordobaweb.com\/index.php\/2023\/03\/08\/nanas-se-suma-a-la-fila-de-reclamos-a-la-fef\/","title":{"rendered":"\u00d1a\u00f1as se suma a la fila de reclamos a la FEF"},"content":{"rendered":"<p><img src=\"http:\/\/hoycordobaweb.com\/wp-content\/uploads\/2023\/03\/nanas-se-suma-a-la-fila-de-reclamos-a-la-fef.jpg\"><\/p>\n<div class=\"custom-text \" readability=\"32.58064516129\">\n<p>Es el d\u00eda de la Mujer, un d\u00eda donde se recuerda la lucha por su igualdad, entre otras cosas. Un d\u00eda que deber\u00eda ser conmemorativo se vio afectado por la revelaci\u00f3n de<a href=\"https:\/\/www.ole.com.ar\/ecuador\/fuera-de-juego\/club-nanas-dragonas-superliga-femenina_0_O7cWNrEmlT.html\" target=\"_blank\" rel=\"noopener noreferrer\">l Club \u00d1a\u00f1as, actual campe\u00f3n de f\u00fatbol femenino de nuestro pa\u00eds.<\/a> <strong>Seg\u00fan su dirigente y exjugadora, Fernanda V\u00e1sconez, el monarca de la S\u00faperliga Femenina a\u00fan no recibe su premio por el t\u00edtulo.<\/strong><\/p>\n<\/div>\n<div class=\"custom-text \" readability=\"28.236714975845\">\n<p><strong>\u00abLa <\/strong><a href=\"https:\/\/www.ole.com.ar\/tema\/federacion-ecuatoriana-futbol.html\" target=\"_blank\" rel=\"noopener noreferrer\"><strong>Federaci\u00f3n Ecuatoriana de F\u00fatbol (FEF)<\/strong><\/a><strong> a\u00fan no cancela el premio por el campeonato que obtuvimos y para el cual invertimos mucho dinero\u201d<\/strong>, se\u00f1al\u00f3 V\u00e1sconez en entrevista con la radio MachDeportesFM. <\/p>\n<\/div>\n<div class=\"sc-489cef11-0 dA-DVAV\" readability=\"6\">\n<section readability=\"2\"><picture><img class=\"img\" src=\"http:\/\/hoycordobaweb.com\/wp-content\/uploads\/2023\/03\/nanas-se-suma-a-la-fila-de-reclamos-a-la-fef-2.jpg\" alt=\"Oficial: Ricardo Gareca ya no dirigir\u00e1 Ecuador\" height=\"290\" width=\"290\" loading=\"lazy\"><\/picture>\n<p><span>Mir\u00e1 tambi\u00e9n<\/span><\/p>\n<hr>\n<h3>Oficial: Ricardo Gareca ya no dirigir\u00e1 Ecuador<\/h3>\n<\/p>\n<\/section>\n<\/div>\n<div class=\"sc-489cef11-0 dA-DVAV\" readability=\"6\">\n<section readability=\"2\"><picture><img class=\"img\" src=\"http:\/\/hoycordobaweb.com\/wp-content\/uploads\/2023\/03\/nanas-se-suma-a-la-fila-de-reclamos-a-la-fef-3.jpg\" alt=\"\u00bfCu\u00e1l es la pena m\u00e1xima que puede recibir Richard Calder\u00f3n?\" height=\"290\" width=\"290\" loading=\"lazy\"><\/picture>\n<p><span>Mir\u00e1 tambi\u00e9n<\/span><\/p>\n<hr>\n<h3>\u00bfCu\u00e1l es la pena m\u00e1xima que puede recibir Richard Calder\u00f3n?<\/h3>\n<\/p>\n<\/section>\n<\/div>\n<div class=\"custom-text \" readability=\"36\">\n<p><strong>Hay que recordar que \u00d1a\u00f1as fueron campeonas el pasado 22 de septiembre del 2022, es decir han pasado cinco meses y a\u00fan no reciben lo que les corresponden<\/strong>. Adem\u00e1s, la directiva tambi\u00e9n revel\u00f3 que la FEF no ha dado detalles sobre el torneo femenino de este a\u00f1o.<\/p>\n<\/div>\n<div class=\"custom-text \" readability=\"36\">\n<p>\u00ab<strong>No nos ha informado cu\u00e1ndo empezar\u00e1 el nuevo torneo, no sabemos si habr\u00e1 derechos por transmisi\u00f3n de TV<\/strong>. La Copa Libertadores termin\u00f3 hace 6 meses y a\u00fan no recibimos un centavo\u201d\u2066, a\u00f1adi\u00f3 la exfutbolista que fue una de las integrantes del equipo campe\u00f3n.<\/p>\n<\/div>\n<div class=\"sc-996041c8-0 cNLAwW\"><img alt=\"El Club \u00d1a\u00f1as es uno de los referentes en el f\u00fatbol femenino.\" src=\"http:\/\/hoycordobaweb.com\/wp-content\/uploads\/2023\/03\/nanas-se-suma-a-la-fila-de-reclamos-a-la-fef-4.jpg\" width=\"720\" height=\"0\" decoding=\"async\" data-nimg=\"future\" loading=\"lazy\"><span>El Club \u00d1a\u00f1as es uno de los referentes en el f\u00fatbol femenino.<\/span><\/div>\n<p><h2><strong>No es la \u00fanica deuda<\/strong><\/h2>\n<\/p>\n<div class=\"sc-489cef11-0 dA-DVAV\" readability=\"6\">\n<section readability=\"2\"><picture><img class=\"img\" src=\"http:\/\/hoycordobaweb.com\/wp-content\/uploads\/2023\/03\/nanas-se-suma-a-la-fila-de-reclamos-a-la-fef-5.jpg\" alt=\"Los hinchas ya eligieron en qu\u00e9 horario les gusta ir a ver a Liga jugar\" height=\"290\" width=\"290\" loading=\"lazy\"><\/picture>\n<p><span>Mir\u00e1 tambi\u00e9n<\/span><\/p>\n<hr>\n<h3>Los hinchas ya eligieron en qu\u00e9 horario les gusta ir a ver a Liga jugar<\/h3>\n<\/p>\n<\/section>\n<\/div>\n<div class=\"sc-489cef11-0 dA-DVAV\" readability=\"6.5\">\n<section readability=\"3\"><picture><img class=\"img\" src=\"http:\/\/hoycordobaweb.com\/wp-content\/uploads\/2023\/03\/nanas-se-suma-a-la-fila-de-reclamos-a-la-fef-6.jpg\" alt=\"Esc\u00e1ndalo con Kyle Walker: lo grabaron borracho y baj\u00e1ndose los pantalones en un bar\" height=\"290\" width=\"290\" loading=\"lazy\"><\/picture>\n<p><span>Mir\u00e1 tambi\u00e9n<\/span><\/p>\n<hr>\n<h3>Esc\u00e1ndalo con Kyle Walker: lo grabaron borracho y baj\u00e1ndose los pantalones en un bar<\/h3>\n<\/p>\n<\/section>\n<\/div>\n<div class=\"custom-text \" readability=\"36\">\n<p><strong>Al club tungurahuense se le deben 130 d\u00f3lares por su participaci\u00f3n en la Copa Ecuador 2022 donde lleg\u00f3 hasta el cuadrangular semifinal.<\/strong> Algo que su presidente vitalicio, Luis Chango, ya reclam\u00f3 p\u00fablicamente. <\/p>\n<\/div>\n<div class=\"custom-text \" readability=\"37\">\n<p>\u00ab<strong>Nosotros quedamos entre los 4 finalistas y ten\u00edamos que recibir premios de 180 mil d\u00f3lares y apenas nos han entregado 50 mil, nos deben 130 mil.<\/strong> En las barriales cuando juegas el torneo te van pagando los premios y te dan trofeos, ac\u00e1 toca esperar\u201d, se\u00f1al\u00f3 en febrero pasado a FB radio.<\/p>\n<\/div>\n<div class=\"sc-996041c8-0 cNLAwW\"><img alt=\"Gustavo Alfaro, ext\u00e9cnico de La Tri. Foto: EFE\/ Rodrigo Jim\u00e9nez\" src=\"http:\/\/hoycordobaweb.com\/wp-content\/uploads\/2023\/03\/nanas-se-suma-a-la-fila-de-reclamos-a-la-fef-7.jpg\" width=\"720\" height=\"0\" decoding=\"async\" data-nimg=\"future\" loading=\"lazy\"><span>Gustavo Alfaro, ext\u00e9cnico de La Tri. Foto: EFE\/ Rodrigo Jim\u00e9nez<\/span><\/div>\n<div class=\"custom-text \" readability=\"36\">\n<p>Mientras que a Alfaro se le adeudan salarios y premios por su clasificaci\u00f3n el Mundial Qatar 2022. <strong>Aunque el presidente Francisco Egas habl\u00f3 de una deuda de 290.000 d\u00f3lares, del lado de Alfaro aseguran que el monto de la deuda es unas diez veces mayor<\/strong>. Incluso ya el abogado del entrenador argentino presion\u00f3 a la Ecuaf\u00fatbol que cancele sino llevar\u00edan el caso a juicio. <\/p>\n<\/div>\n<div class=\"custom-text \" readability=\"38\">\n<p><strong>Con los \u00e1rbitros la situaci\u00f3n es parecida, la deuda total que mantienen con ellos es de un mill\u00f3n ochocientos mil d\u00f3lares<\/strong>. Valor que fue reveado por la propia Federaci\u00f3n en su informe econ\u00f3mico del a\u00f1o 2022, aunque se afirma que esa cantidad ha ido creciendo ya que la deuda se arrastra desde 2019, cuando Carlos Villacis presid\u00eda la FEF. <\/p>\n<\/div>\n<div class=\"sc-489cef11-0 dA-DVAV\" readability=\"6.5\">\n<section readability=\"3\"><picture><img class=\"img\" src=\"http:\/\/hoycordobaweb.com\/wp-content\/uploads\/2023\/03\/nanas-se-suma-a-la-fila-de-reclamos-a-la-fef-8.jpg\" alt=\"Sorpresa: su mejor jugador vale 150.000 euros y gole\u00f3 a un equipo de \u00a1casi 50 millones! \" height=\"290\" width=\"290\" loading=\"lazy\"><\/picture>\n<p><span>Mir\u00e1 tambi\u00e9n<\/span><\/p>\n<hr>\n<h3>Sorpresa: su mejor jugador vale 150.000 euros y gole\u00f3 a un equipo de \u00a1casi 50 millones! <\/h3>\n<\/p>\n<\/section>\n<\/div>\n<div class=\"sc-489cef11-0 dA-DVAV\" readability=\"6\">\n<section readability=\"2\"><picture><img class=\"img\" src=\"http:\/\/hoycordobaweb.com\/wp-content\/uploads\/2023\/03\/nanas-se-suma-a-la-fila-de-reclamos-a-la-fef-9.jpg\" alt=\"Liga de Quito se recuper\u00f3 con clasificaci\u00f3n en Copa Sudamericana\" height=\"290\" width=\"290\" loading=\"lazy\"><\/picture>\n<p><span>Mir\u00e1 tambi\u00e9n<\/span><\/p>\n<hr>\n<h3>Liga de Quito se recuper\u00f3 con clasificaci\u00f3n en Copa Sudamericana<\/h3>\n<\/p>\n<\/section>\n<\/div>\n<div class=\"custom-text \" readability=\"35\">\n<p>Por lo que la Federaci\u00f3n no se encuentra en su mejor momento econ\u00f3mico. Al momento, ning\u00fan representante del organismo ha vuelto a salir para hablar de estas deudas. <strong>Lo \u00faltimo que se supo es que estaban esperando el pago de la FIFA para poder cancelarle a Alfaro. <\/strong><\/p>\n<\/div>\n","protected":false},"excerpt":{"rendered":"<p>Es el d\u00eda de la Mujer, un d\u00eda donde se recuerda la lucha por su igualdad, entre otras cosas. Un d\u00eda que deber\u00eda ser conmemorativo se vio afectado por la revelaci\u00f3n del Club \u00d1a\u00f1as, actual campe\u00f3n de f\u00fatbol femenino de nuestro pa\u00eds. Seg\u00fan su dirigente y exjugadora, Fernanda V\u00e1sconez, el monarca de la S\u00faperliga Femenina [&hellip;]<\/p>\n","protected":false},"author":1,"featured_media":56557,"comment_status":"open","ping_status":"closed","sticky":false,"template":"","format":"standard","meta":[],"categories":[16],"tags":[],"_links":{"self":[{"href":"http:\/\/hoycordobaweb.com\/index.php\/wp-json\/wp\/v2\/posts\/56556"}],"collection":[{"href":"http:\/\/hoycordobaweb.com\/index.php\/wp-json\/wp\/v2\/posts"}],"about":[{"href":"http:\/\/hoycordobaweb.com\/index.php\/wp-json\/wp\/v2\/types\/post"}],"author":[{"embeddable":true,"href":"http:\/\/hoycordobaweb.com\/index.php\/wp-json\/wp\/v2\/users\/1"}],"replies":[{"embeddable":true,"href":"http:\/\/hoycordobaweb.com\/index.php\/wp-json\/wp\/v2\/comments?post=56556"}],"version-history":[{"count":0,"href":"http:\/\/hoycordobaweb.com\/index.php\/wp-json\/wp\/v2\/posts\/56556\/revisions"}],"wp:featuredmedia":[{"embeddable":true,"href":"http:\/\/hoycordobaweb.com\/index.php\/wp-json\/wp\/v2\/media\/56557"}],"wp:attachment":[{"href":"http:\/\/hoycordobaweb.com\/index.php\/wp-json\/wp\/v2\/media?parent=56556"}],"wp:term":[{"taxonomy":"category","embeddable":true,"href":"http:\/\/hoycordobaweb.com\/index.php\/wp-json\/wp\/v2\/categories?post=56556"},{"taxonomy":"post_tag","embeddable":true,"href":"http:\/\/hoycordobaweb.com\/index.php\/wp-json\/wp\/v2\/tags?post=56556"}],"curies":[{"name":"wp","href":"https:\/\/api.w.org\/{rel}","templated":true}]}}