{"id":56534,"date":"2023-03-01T17:32:50","date_gmt":"2023-03-01T17:32:50","guid":{"rendered":"https:\/\/fono.fcm.unc.edu.ar\/?p=10327"},"modified":"2023-03-01T17:32:50","modified_gmt":"2023-03-01T17:32:50","slug":"60-aniversario-curso-teorico-practico-de-neurorehabilitacion-en-discapacidad","status":"publish","type":"post","link":"http:\/\/hoycordobaweb.com\/index.php\/2023\/03\/01\/60-aniversario-curso-teorico-practico-de-neurorehabilitacion-en-discapacidad\/","title":{"rendered":"60\u00b0 Aniversario \u2013 Curso Te\u00f3rico-Pr\u00e1ctico de Neurorehabilitaci\u00f3n en Discapacidad"},"content":{"rendered":"<p><img loading=\"lazy\" class=\"alignright wp-image-10329 size-fusion-400\" src=\"https:\/\/fono.fcm.unc.edu.ar\/wp-content\/uploads\/sites\/14\/2023\/03\/Esfo-1-400x400.png\" alt width=\"400\" height=\"400\" srcset=\"https:\/\/fono.fcm.unc.edu.ar\/wp-content\/uploads\/sites\/14\/2023\/03\/Esfo-1-66x66.png 66w, https:\/\/fono.fcm.unc.edu.ar\/wp-content\/uploads\/sites\/14\/2023\/03\/Esfo-1-150x150.png 150w, https:\/\/fono.fcm.unc.edu.ar\/wp-content\/uploads\/sites\/14\/2023\/03\/Esfo-1-200x200.png 200w, https:\/\/fono.fcm.unc.edu.ar\/wp-content\/uploads\/sites\/14\/2023\/03\/Esfo-1-300x300.png 300w, https:\/\/fono.fcm.unc.edu.ar\/wp-content\/uploads\/sites\/14\/2023\/03\/Esfo-1-400x400.png 400w, https:\/\/fono.fcm.unc.edu.ar\/wp-content\/uploads\/sites\/14\/2023\/03\/Esfo-1-600x600.png 600w, https:\/\/fono.fcm.unc.edu.ar\/wp-content\/uploads\/sites\/14\/2023\/03\/Esfo-1-768x768.png 768w, https:\/\/fono.fcm.unc.edu.ar\/wp-content\/uploads\/sites\/14\/2023\/03\/Esfo-1-800x800.png 800w, https:\/\/fono.fcm.unc.edu.ar\/wp-content\/uploads\/sites\/14\/2023\/03\/Esfo-1-1024x1024.png 1024w, https:\/\/fono.fcm.unc.edu.ar\/wp-content\/uploads\/sites\/14\/2023\/03\/Esfo-1.png 1080w\" sizes=\"(max-width: 400px) 100vw, 400px\">Se abre la convocatoria para el&nbsp; Curso Te\u00f3rico-Pr\u00e1ctico de Neurorehabilitaci\u00f3n en Discapacidad en el marco del convenio entre el Ministerio de Salud de la Provincia de C\u00f3rdoba y la Universidad Nacional de C\u00f3rdoba.<\/p>\n<p><em>Destinado a<\/em>: estudiantes de 5\u00b0 a\u00f1o de la Lic. en Fonoaudiolog\u00eda<\/p>\n<p>Completado el curso se computar\u00e1n horas para Pr\u00e1cticas de Tercer Nivel.<\/p>\n<p><em>Duraci\u00f3n<\/em>: 1 a\u00f1o<\/p>\n<p><em>Lugar<\/em>: en Centros\/Hospitales de Rehabilitaci\u00f3n que dependen del Ministerio.<\/p>\n<p><em>Fecha l\u00edmite de postulaci\u00f3n<\/em>: 20 de marzo de 2023<\/p>\n<p>Inicio: abril de 2023<\/p>\n<p><em>Requisitos<\/em>: enviar por mail a&nbsp;<a href=\"https:\/\/fono.fcm.unc.edu.ar\/60-aniversario-curso-teorico-practico-de-neurorehabilitacion-en-discapacidad\/capacitacion.subdri@gmail.com\">capacitacion.subdri@gmail.com<\/a><\/p>\n<ul>\n<li>Curriculum Vitae<\/li>\n<li>Certificado de estudiante regular<\/li>\n<li>Seguro de mala praxis<\/li>\n<li>Seguro ART<\/li>\n<\/ul>\n","protected":false},"excerpt":{"rendered":"<p>Se abre la convocatoria para el&nbsp; Curso Te\u00f3rico-Pr\u00e1ctico de Neurorehabilitaci\u00f3n en Discapacidad en el marco del convenio entre el Ministerio de Salud de la Provincia de C\u00f3rdoba y la Universidad Nacional de C\u00f3rdoba. Destinado a: estudiantes de 5\u00b0 a\u00f1o de la Lic. en Fonoaudiolog\u00eda Completado el curso se computar\u00e1n horas para Pr\u00e1cticas de Tercer Nivel. [&hellip;]<\/p>\n","protected":false},"author":1,"featured_media":0,"comment_status":"closed","ping_status":"closed","sticky":false,"template":"","format":"standard","meta":[],"categories":[1],"tags":[],"_links":{"self":[{"href":"http:\/\/hoycordobaweb.com\/index.php\/wp-json\/wp\/v2\/posts\/56534"}],"collection":[{"href":"http:\/\/hoycordobaweb.com\/index.php\/wp-json\/wp\/v2\/posts"}],"about":[{"href":"http:\/\/hoycordobaweb.com\/index.php\/wp-json\/wp\/v2\/types\/post"}],"author":[{"embeddable":true,"href":"http:\/\/hoycordobaweb.com\/index.php\/wp-json\/wp\/v2\/users\/1"}],"replies":[{"embeddable":true,"href":"http:\/\/hoycordobaweb.com\/index.php\/wp-json\/wp\/v2\/comments?post=56534"}],"version-history":[{"count":0,"href":"http:\/\/hoycordobaweb.com\/index.php\/wp-json\/wp\/v2\/posts\/56534\/revisions"}],"wp:attachment":[{"href":"http:\/\/hoycordobaweb.com\/index.php\/wp-json\/wp\/v2\/media?parent=56534"}],"wp:term":[{"taxonomy":"category","embeddable":true,"href":"http:\/\/hoycordobaweb.com\/index.php\/wp-json\/wp\/v2\/categories?post=56534"},{"taxonomy":"post_tag","embeddable":true,"href":"http:\/\/hoycordobaweb.com\/index.php\/wp-json\/wp\/v2\/tags?post=56534"}],"curies":[{"name":"wp","href":"https:\/\/api.w.org\/{rel}","templated":true}]}}