{"id":56510,"date":"2023-03-07T13:07:16","date_gmt":"2023-03-07T13:07:16","guid":{"rendered":"https:\/\/www.mujerhoy.com\/moda\/no-te-pierdas\/chaqueta-sahariana-tendencia-primavera-tamara-falco-20230307140714-nt.html"},"modified":"2023-03-07T13:07:16","modified_gmt":"2023-03-07T13:07:16","slug":"la-chaqueta-sahariana-que-se-convertira-en-viral-en-primavera-ya-es-la-nueva-obsesion-de-tamara-falco","status":"publish","type":"post","link":"http:\/\/hoycordobaweb.com\/index.php\/2023\/03\/07\/la-chaqueta-sahariana-que-se-convertira-en-viral-en-primavera-ya-es-la-nueva-obsesion-de-tamara-falco\/","title":{"rendered":"La chaqueta sahariana que se convertir\u00e1 en viral en primavera ya es la nueva obsesi\u00f3n de Tamara Falc\u00f3"},"content":{"rendered":"<p><!-- AUTHOR --><\/p>\n<div class=\"voc-author-timesocial \"><!-- AUTHOR --><\/p>\n<div class=\"voc-author-timesocial__signature\"><!-- IMAGE AUTHOR --><picture class=\"voc-image-signature\"><img class=\"voc-image-signature__img\" src=\"http:\/\/hoycordobaweb.com\/wp-content\/uploads\/2023\/03\/la-chaqueta-sahariana-que-se-convertira-en-viral-en-primavera-ya-es-la-nueva-obsesion-de-tamara-falco.jpg\" alt=\"Carla Dom\u00ednguez\"><\/picture><!-- INFO AUTHOR --><\/div>\n<\/div>\n<p><!-- COMPONENTS --><\/p>\n<p class=\"voc-paragraph\">Estamos m\u00e1s cerca de que comience el buen tiempo y eso se nota en los estilismo de algunas celebrities. Muchas han cambiado ya en su d\u00eda a d\u00eda el cl\u00e1sico abrigo por <a data-voc-vtm-id=\"in-text-traffic\" href=\"https:\/\/www.mujerhoy.com\/moda\/no-te-pierdas\/gabardinas-abrigos-entretiempo-otono-originales-bonitas-baratas-comodas-favorecedoras-20220903153748-ga.html\">una gabardina<\/a>. Pero no es la \u00fanica prenda de exterior favorita del entretiempo y as\u00ed lo ha confirmado <strong>Tamara Falc\u00f3<\/strong> en su \u00faltima publicaci\u00f3n de Instagram.\n<\/p>\n<p class=\"voc-paragraph\">La marquesa de Gri\u00f1\u00f3n se encuentra haciendo algunos preparativos de su boda. Hemos visto a la hija de <a data-voc-vtm-id=\"in-text-traffic\" href=\"https:\/\/www.mujerhoy.com\/temas\/personajes\/isabel-preysler.html\">Isabel Preysler<\/a> viajar hasta el Pa\u00eds Vasco para reunirse con las dise\u00f1adoras que har\u00e1n su vestido de novia y tambi\u00e9n para probar algunos de los platos que estar\u00e1n en este d\u00eda tan especial.\n<\/p>\n<p class=\"voc-paragraph\">Pero esto son solo algunos de los detalles m\u00e1s importantes de la boda de <a data-voc-vtm-id=\"in-text-traffic\" href=\"https:\/\/www.mujerhoy.com\/temas\/personajes\/tamara-falco.html\">Tamara Falc\u00f3<\/a>. La socialit\u00e9 sigue cogiendo ideas para este d\u00eda con el que contraer\u00e1 matrimonio con I\u00f1igo Onieva y as\u00ed lo hemos visto en redes sociales. Con una agenda apretada y mucha inspiraci\u00f3n, Tamara parece pasar bastantes horas en su cuarto ultimando cada detalle de su boda.\n<\/p>\n<p class=\"voc-paragraph\">En su \u00faltima publicaci\u00f3n, hemos visto a Tamara muy involucrada con la boda a trav\u00e9s de unas instant\u00e1neas. En algunas im\u00e1genes se aprecia como la socialit\u00e9 apunta las tareas y cosas pendientes de la boda. En esta foto que ha publicado ella misma en redes sociales aprece con un <i>look<\/i> c\u00f3modo acompa\u00f1ado de una de las chaquetas que har\u00e1 sombra a la gabardina e incluso la bomber en primavera.\n<\/p>\n<p class=\"voc-paragraph\">Hablamos de <strong>la chaqueta sahariana<\/strong>, un cl\u00e1sico que regresa con fuerza esta temporada y que Tamara ya ha a\u00f1adido a su armario. En la imagen se ve como la marquesa de Gri\u00f1\u00f3n aparece con una sahariana en marr\u00f3n chocolate. La elecci\u00f3n no es al azar, ya que se trata de uno de los colores estrella de la temporada.\n<\/p>\n<p class=\"voc-paragraph\">Este tipo de chaquetas se convertir\u00e1n en las m\u00e1s deseadas de la primavera. As\u00ed lo hemos comprobado en el <i>street style<\/i> donde las expertas en moda han recurrido a estas chaquetas para completar sus looks. Saint Laurent, Alberta Ferretto, Fendi, entre otras, son algunas de las marcas que apestan por esta chaqueta.\n<\/p>\n<p class=\"voc-paragraph\">No sabemos exactamente de d\u00f3nde es la chaqueta que luce Tamara Falc\u00f3, pero hemos encontrado una versi\u00f3n similar por si te ha gustado su opci\u00f3n. Se trata de una chaqueta sahariana con bolsillos laterales pero en color verde caqui.\n<\/p>\n<div class=\"voc-detail-photo-zoom\"><picture data-toggle=\"modal\" data-target=\"#photoZoomModal-912\" target=\"modal\">\n<div class=\"voc-img-icon-link\"><img loading=\"lazy\" data-original=\"\/\/static2.mujerhoy.com\/www\/multimedia\/202303\/06\/media\/cortadas\/chaqueta-sahariana-verde-laredoute-kvJ--460x637@MujerHoy.jpg\" class=\"lazy\" alt=\"Chaqueta sahariana de La Redoute. Foto: La Redoute.\"><noscript><img src=\"http:\/\/hoycordobaweb.com\/wp-content\/uploads\/2023\/03\/la-chaqueta-sahariana-que-se-convertira-en-viral-en-primavera-ya-es-la-nueva-obsesion-de-tamara-falco-1.jpg\" alt=\"Chaqueta sahariana de La Redoute. Foto: La Redoute.\"><\/noscript><i class=\"voc-icons zoom voc-multimedia-box voc-ico-l\"><\/i><\/div><figcaption class=\"figure-caption\">Chaqueta sahariana de La Redoute. Foto: La Redoute.<\/figcaption><\/picture><\/div>\n<div id=\"photoZoomModal-912\" class=\"voc-lightbox modal fade voc-lightbox--photo-zoom\" role=\"dialog\" data-voc-photozoom-lightbox>\n<div class=\"voc-lightbox__dialog\" role=\"document\">\n<div class=\"voc-lightbox__content\"><!-- Modal header --><!-- Modal content --><\/p>\n<div class=\"voc-lightbox__photo-container\"><picture class><img loading=\"lazy\" data-original=\"\/\/static2.mujerhoy.com\/www\/multimedia\/202303\/06\/media\/cortadas\/chaqueta-sahariana-verde-laredoute-kvJ--460x637@MujerHoy.jpg\" alt=\"Chaqueta sahariana de La Redoute. Foto: La Redoute.\" class=\"lazy\"><noscript><img src=\"http:\/\/hoycordobaweb.com\/wp-content\/uploads\/2023\/03\/la-chaqueta-sahariana-que-se-convertira-en-viral-en-primavera-ya-es-la-nueva-obsesion-de-tamara-falco-1.jpg\" alt=\"Chaqueta sahariana de La Redoute. Foto: La Redoute.\"><\/noscript><\/picture><\/div>\n<\/div>\n<\/div>\n<\/div>\n<p class=\"voc-paragraph\">Es una chaqueta sahariana muy ponible y perfecta para sumarte a la tendencia. Lo ideal es combinarla con pantalones oscuros, o incluso en denim. Tambi\u00e9n puedes llevar con opciones de traje, e incluso vestidos largos o midi en verano.\n<\/p>\n<p><!-- TOPICS --><\/p>\n","protected":false},"excerpt":{"rendered":"<p>Estamos m\u00e1s cerca de que comience el buen tiempo y eso se nota en los estilismo de algunas celebrities. Muchas han cambiado ya en su d\u00eda a d\u00eda el cl\u00e1sico abrigo por una gabardina. Pero no es la \u00fanica prenda de exterior favorita del entretiempo y as\u00ed lo ha confirmado Tamara Falc\u00f3 en su \u00faltima [&hellip;]<\/p>\n","protected":false},"author":1,"featured_media":56511,"comment_status":"closed","ping_status":"closed","sticky":false,"template":"","format":"standard","meta":[],"categories":[1],"tags":[],"_links":{"self":[{"href":"http:\/\/hoycordobaweb.com\/index.php\/wp-json\/wp\/v2\/posts\/56510"}],"collection":[{"href":"http:\/\/hoycordobaweb.com\/index.php\/wp-json\/wp\/v2\/posts"}],"about":[{"href":"http:\/\/hoycordobaweb.com\/index.php\/wp-json\/wp\/v2\/types\/post"}],"author":[{"embeddable":true,"href":"http:\/\/hoycordobaweb.com\/index.php\/wp-json\/wp\/v2\/users\/1"}],"replies":[{"embeddable":true,"href":"http:\/\/hoycordobaweb.com\/index.php\/wp-json\/wp\/v2\/comments?post=56510"}],"version-history":[{"count":0,"href":"http:\/\/hoycordobaweb.com\/index.php\/wp-json\/wp\/v2\/posts\/56510\/revisions"}],"wp:featuredmedia":[{"embeddable":true,"href":"http:\/\/hoycordobaweb.com\/index.php\/wp-json\/wp\/v2\/media\/56511"}],"wp:attachment":[{"href":"http:\/\/hoycordobaweb.com\/index.php\/wp-json\/wp\/v2\/media?parent=56510"}],"wp:term":[{"taxonomy":"category","embeddable":true,"href":"http:\/\/hoycordobaweb.com\/index.php\/wp-json\/wp\/v2\/categories?post=56510"},{"taxonomy":"post_tag","embeddable":true,"href":"http:\/\/hoycordobaweb.com\/index.php\/wp-json\/wp\/v2\/tags?post=56510"}],"curies":[{"name":"wp","href":"https:\/\/api.w.org\/{rel}","templated":true}]}}