{"id":56504,"date":"2023-03-07T17:04:31","date_gmt":"2023-03-07T17:04:31","guid":{"rendered":"https:\/\/www.ole.com.ar\/futbol-internacional\/champions\/thomas-muller-buenas-estadisticas-messi_0_HkmpKbz0Es.html"},"modified":"2023-03-07T17:04:31","modified_gmt":"2023-03-07T17:04:31","slug":"muller-se-de-mis-buenas-estadisticas-contra-messi-pero-son-cosa-del-pasado","status":"publish","type":"post","link":"http:\/\/hoycordobaweb.com\/index.php\/2023\/03\/07\/muller-se-de-mis-buenas-estadisticas-contra-messi-pero-son-cosa-del-pasado\/","title":{"rendered":"M\u00fcller: \u00abS\u00e9 de mis buenas estad\u00edsticas contra Messi, pero son cosa del pasado\u00bb"},"content":{"rendered":"<p><img src=\"http:\/\/hoycordobaweb.com\/wp-content\/uploads\/2023\/03\/muller-se-de-mis-buenas-estadisticas-contra-messi-pero-son-cosa-del-pasado.jpg\"><\/p>\n<div class=\"custom-text \" readability=\"33.590322580645\">\n<p><a href=\"https:\/\/www.ole.com.ar\/tema\/thomas-muller.html\" title=\"Thomas Muller\" alt=\"Thomas Muller\" class=\"slug\"><strong>Thomas M\u00fcller<\/strong><\/a> tiene una particularidad: <strong>muy buenas estad\u00edsticas enfrentando al mejor del mundo, Lionel Messi<\/strong>. Pero, a su vez, el futbolista del <a href=\"https:\/\/www.ole.com.ar\/tema\/bayern-munich.html\" title=\"Bayern Munich\" alt=\"Bayern Munich\" class=\"slug\"><strong>Bayern Munich<\/strong><\/a> <strong>no se conf\u00eda de los n\u00fameros a favor<\/strong> de cara al duelo de este mi\u00e9rcoles contra el PSG, por la vuelta de los octavos de final de la <a href=\"https:\/\/www.ole.com.ar\/tema\/champions-league.html\" title=\"Champions League\" alt=\"Champions League\" class=\"slug\"><strong>Champions League<\/strong><\/a>.<\/p>\n<\/div>\n<div class=\"sc-489cef11-0 dA-DVAV\" readability=\"6.5\">\n<section readability=\"3\"><picture><img class=\"img\" src=\"http:\/\/hoycordobaweb.com\/wp-content\/uploads\/2023\/03\/muller-se-de-mis-buenas-estadisticas-contra-messi-pero-son-cosa-del-pasado-2.jpg\" alt=\"Nagelsmann, de cara a la revancha con el PSG: &quot;No podemos limitarnos a defender&quot;\" height=\"290\" width=\"290\" loading=\"lazy\"><\/picture>\n<p><span>Mir\u00e1 tambi\u00e9n<\/span><\/p>\n<hr>\n<h3>Nagelsmann, de cara a la revancha con el PSG: \u00abNo podemos limitarnos a defender\u00bb<\/h3>\n<\/p>\n<\/section>\n<\/div>\n<div class=\"custom-text \" readability=\"38\">\n<p>\u00ab<strong>Naturalmente conozco mis estad\u00edsticas en partidos contra Messi<\/strong>. Antes de un partido como el de ma\u00f1ana siempre se habla de esas cosas. <strong>Est\u00e1 el 2-8 contra el Barcelona, pero creo que m\u00e1s importante que eso fue el 7-0 global<\/strong> a favor nuestro en la <strong>semifinal de 2013<\/strong>\u00ab, destac\u00f3 M\u00fcller. \u00abPero eso fue hace diez a\u00f1os. <strong>Las estad\u00edsticas son cosa del pasado<\/strong>. Este ser\u00e1 otro partido\u00bb, agreg\u00f3.<\/p>\n<\/div>\n<div class=\"sc-996041c8-0 cNLAwW\"><img alt=\"M\u00fcller: &quot;S\u00e9 de mis buenas estad\u00edsticas contra Messi, pero son cosa del pasado&quot;.\" src=\"http:\/\/hoycordobaweb.com\/wp-content\/uploads\/2023\/03\/muller-se-de-mis-buenas-estadisticas-contra-messi-pero-son-cosa-del-pasado-3.jpg\" width=\"720\" height=\"0\" decoding=\"async\" data-nimg=\"future\" loading=\"lazy\"><span>M\u00fcller: \u00abS\u00e9 de mis buenas estad\u00edsticas contra Messi, pero son cosa del pasado\u00bb.<\/span><\/div>\n<p><h2><strong>M\u00dcLLER LE RESPONDE A MBAPP\u00c9<\/strong><\/h2>\n<\/p>\n<div class=\"custom-text \" readability=\"31.025\">\n<p><a href=\"https:\/\/www.ole.com.ar\/tema\/kylian-mbappe.html\" title=\"Kylian Mbapp\u00e9\" alt=\"Kylian Mbapp\u00e9\" class=\"slug\"><strong>Kylian Mbapp\u00e9<\/strong><\/a> hab\u00eda dicho que<strong> considera al PSG favorito <\/strong>para el partido del mi\u00e9rcoles, y el alem\u00e1n se\u00f1al\u00f3 que intentar\u00e1n demostrarle que no tiene raz\u00f3n.<\/p>\n<\/div>\n<div class=\"custom-text \" readability=\"34\">\n<p>\u00abEl <strong>puede ver las cosas como quiera. Ganamos el partido de ida 0-1 y estamos en ventaja<\/strong>. Pero naturalmente \u00e9l est\u00e1 lleno de confianza. Nuestra tarea ser\u00e1 mostrarle que est\u00e1 equivocado\u00bb, coment\u00f3. <\/p>\n<\/div>\n<div class=\"sc-996041c8-0 cNLAwW\"><img alt=\"M\u00fcller: &quot;S\u00e9 de mis buenas estad\u00edsticas contra Messi, pero son cosa del pasado&quot;.\" src=\"http:\/\/hoycordobaweb.com\/wp-content\/uploads\/2023\/03\/muller-se-de-mis-buenas-estadisticas-contra-messi-pero-son-cosa-del-pasado-4.jpg\" width=\"720\" height=\"0\" decoding=\"async\" data-nimg=\"future\" loading=\"lazy\"><span>M\u00fcller: \u00abS\u00e9 de mis buenas estad\u00edsticas contra Messi, pero son cosa del pasado\u00bb.<\/span><\/div>\n<div class=\"custom-text \" readability=\"42\">\n<p>A la pregunta de qui\u00e9n es <strong>su jugador favorito del Par\u00eds Saint Germain<\/strong>, contest\u00f3 con rotundidad: \u00ab<strong>Es Kylian, la respuesta no sorprende a nadie. El mundo entero lo mira<\/strong>. Pero si nuestro plan funciona, ma\u00f1ana no gozar\u00e1 mucho\u00bb, subray\u00f3, aunque resalt\u00f3 que no se trata de un partido s\u00f3lo contra Mbapp\u00e9. \u00abNaturalmente hay que pensar c\u00f3mo se le para. Pero<strong> el f\u00fatbol es un deporte de equipo, se trata de que no le lleguen los pases que necesita<\/strong>\u00ab, a\u00f1adi\u00f3.<\/p>\n<\/div>\n<div class=\"sc-489cef11-0 dA-DVAV\" readability=\"7\">\n<section readability=\"4\"><picture><img class=\"img\" src=\"http:\/\/hoycordobaweb.com\/wp-content\/uploads\/2023\/03\/muller-se-de-mis-buenas-estadisticas-contra-messi-pero-son-cosa-del-pasado-5.jpg\" alt=\"Juli\u00e1n: el gol &quot;90% de Messi&quot;, la c\u00e1bala con Chiqui Tapia y hacer de River a Haaland\" height=\"290\" width=\"290\" loading=\"lazy\"><\/picture>\n<p><span>Mir\u00e1 tambi\u00e9n<\/span><\/p>\n<hr>\n<h3>Juli\u00e1n: el gol \u00ab90% de Messi\u00bb, la c\u00e1bala con Chiqui Tapia y hacer de River a Haaland<\/h3>\n<\/p>\n<\/section>\n<\/div>\n<div class=\"custom-text \" readability=\"36\">\n<p>M\u00fcller, capit\u00e1n del Bayern en ausencia del lesionado Manuel Neuer, afirm\u00f3 que para duelos como el de este mi\u00e9rcoles \u00abel equipo necesita once capitanes, todos tienen que asumir responsabilidad\u00bb. <\/p>\n<\/div>\n<div class=\"sc-489cef11-0 dA-DVAV\" readability=\"6.5\">\n<section readability=\"3\"><picture><img class=\"img\" src=\"http:\/\/hoycordobaweb.com\/wp-content\/uploads\/2023\/03\/muller-se-de-mis-buenas-estadisticas-contra-messi-pero-son-cosa-del-pasado-6.jpg\" alt=\"El Real Madrid lo pag\u00f3 m\u00e1s de 100 millones, no rindi\u00f3 y ahora le buscar\u00e1n salida\" height=\"290\" width=\"290\" loading=\"lazy\"><\/picture>\n<p><span>Mir\u00e1 tambi\u00e9n<\/span><\/p>\n<hr>\n<h3>El Real Madrid lo pag\u00f3 m\u00e1s de 100 millones, no rindi\u00f3 y ahora le buscar\u00e1n salida<\/h3>\n<\/p>\n<\/section>\n<\/div>\n","protected":false},"excerpt":{"rendered":"<p>Thomas M\u00fcller tiene una particularidad: muy buenas estad\u00edsticas enfrentando al mejor del mundo, Lionel Messi. Pero, a su vez, el futbolista del Bayern Munich no se conf\u00eda de los n\u00fameros a favor de cara al duelo de este mi\u00e9rcoles contra el PSG, por la vuelta de los octavos de final de la Champions League. Mir\u00e1 [&hellip;]<\/p>\n","protected":false},"author":1,"featured_media":56505,"comment_status":"open","ping_status":"closed","sticky":false,"template":"","format":"standard","meta":[],"categories":[16],"tags":[],"_links":{"self":[{"href":"http:\/\/hoycordobaweb.com\/index.php\/wp-json\/wp\/v2\/posts\/56504"}],"collection":[{"href":"http:\/\/hoycordobaweb.com\/index.php\/wp-json\/wp\/v2\/posts"}],"about":[{"href":"http:\/\/hoycordobaweb.com\/index.php\/wp-json\/wp\/v2\/types\/post"}],"author":[{"embeddable":true,"href":"http:\/\/hoycordobaweb.com\/index.php\/wp-json\/wp\/v2\/users\/1"}],"replies":[{"embeddable":true,"href":"http:\/\/hoycordobaweb.com\/index.php\/wp-json\/wp\/v2\/comments?post=56504"}],"version-history":[{"count":0,"href":"http:\/\/hoycordobaweb.com\/index.php\/wp-json\/wp\/v2\/posts\/56504\/revisions"}],"wp:featuredmedia":[{"embeddable":true,"href":"http:\/\/hoycordobaweb.com\/index.php\/wp-json\/wp\/v2\/media\/56505"}],"wp:attachment":[{"href":"http:\/\/hoycordobaweb.com\/index.php\/wp-json\/wp\/v2\/media?parent=56504"}],"wp:term":[{"taxonomy":"category","embeddable":true,"href":"http:\/\/hoycordobaweb.com\/index.php\/wp-json\/wp\/v2\/categories?post=56504"},{"taxonomy":"post_tag","embeddable":true,"href":"http:\/\/hoycordobaweb.com\/index.php\/wp-json\/wp\/v2\/tags?post=56504"}],"curies":[{"name":"wp","href":"https:\/\/api.w.org\/{rel}","templated":true}]}}