{"id":56477,"date":"2023-03-06T17:33:28","date_gmt":"2023-03-06T17:33:28","guid":{"rendered":"https:\/\/fono.fcm.unc.edu.ar\/?p=10361"},"modified":"2023-03-06T17:33:28","modified_gmt":"2023-03-06T17:33:28","slug":"60-aniversario-reunion-con-colegio-de-fonoaudiologos-de-cordoba","status":"publish","type":"post","link":"http:\/\/hoycordobaweb.com\/index.php\/2023\/03\/06\/60-aniversario-reunion-con-colegio-de-fonoaudiologos-de-cordoba\/","title":{"rendered":"60\u00b0 Aniversario \u2013 Reuni\u00f3n con Colegio de Fonoaudi\u00f3logos de C\u00f3rdoba"},"content":{"rendered":"<h2 class=\"fusion-post-title\">60\u00b0 Aniversario \u2013 Reuni\u00f3n con Colegio de Fonoaudi\u00f3logos de C\u00f3rdoba<\/h2>\n<div class=\"post-content\" readability=\"35\">\n<p><img loading=\"lazy\" class=\"alignright size-fusion-400 wp-image-10362\" src=\"https:\/\/fono.fcm.unc.edu.ar\/wp-content\/uploads\/sites\/14\/2023\/03\/WhatsApp-Image-2023-03-06-at-12.27.56-400x400.jpeg\" alt width=\"400\" height=\"400\" srcset=\"https:\/\/fono.fcm.unc.edu.ar\/wp-content\/uploads\/sites\/14\/2023\/03\/WhatsApp-Image-2023-03-06-at-12.27.56-66x66.jpeg 66w, https:\/\/fono.fcm.unc.edu.ar\/wp-content\/uploads\/sites\/14\/2023\/03\/WhatsApp-Image-2023-03-06-at-12.27.56-150x150.jpeg 150w, https:\/\/fono.fcm.unc.edu.ar\/wp-content\/uploads\/sites\/14\/2023\/03\/WhatsApp-Image-2023-03-06-at-12.27.56-200x200.jpeg 200w, https:\/\/fono.fcm.unc.edu.ar\/wp-content\/uploads\/sites\/14\/2023\/03\/WhatsApp-Image-2023-03-06-at-12.27.56-300x300.jpeg 300w, https:\/\/fono.fcm.unc.edu.ar\/wp-content\/uploads\/sites\/14\/2023\/03\/WhatsApp-Image-2023-03-06-at-12.27.56-400x400.jpeg 400w, https:\/\/fono.fcm.unc.edu.ar\/wp-content\/uploads\/sites\/14\/2023\/03\/WhatsApp-Image-2023-03-06-at-12.27.56-600x600.jpeg 600w, https:\/\/fono.fcm.unc.edu.ar\/wp-content\/uploads\/sites\/14\/2023\/03\/WhatsApp-Image-2023-03-06-at-12.27.56-768x768.jpeg 768w, https:\/\/fono.fcm.unc.edu.ar\/wp-content\/uploads\/sites\/14\/2023\/03\/WhatsApp-Image-2023-03-06-at-12.27.56-800x800.jpeg 800w, https:\/\/fono.fcm.unc.edu.ar\/wp-content\/uploads\/sites\/14\/2023\/03\/WhatsApp-Image-2023-03-06-at-12.27.56-1024x1024.jpeg 1024w, https:\/\/fono.fcm.unc.edu.ar\/wp-content\/uploads\/sites\/14\/2023\/03\/WhatsApp-Image-2023-03-06-at-12.27.56.jpeg 1080w\" sizes=\"(max-width: 400px) 100vw, 400px\">Durante la ma\u00f1ana de hoy se llev\u00f3 a cabo una reuni\u00f3n entre las autoridades de la Escuela de Fonoaudiolog\u00eda y del Colegio de Fonoaudi\u00f3logos de C\u00f3rdoba.<\/p>\n<p>Construyendo desaf\u00edos de la profesi\u00f3n.<\/p>\n<\/p><\/div>\n","protected":false},"excerpt":{"rendered":"<p>60\u00b0 Aniversario \u2013 Reuni\u00f3n con Colegio de Fonoaudi\u00f3logos de C\u00f3rdoba Durante la ma\u00f1ana de hoy se llev\u00f3 a cabo una reuni\u00f3n entre las autoridades de la Escuela de Fonoaudiolog\u00eda y del Colegio de Fonoaudi\u00f3logos de C\u00f3rdoba. Construyendo desaf\u00edos de la profesi\u00f3n.<\/p>\n","protected":false},"author":1,"featured_media":0,"comment_status":"closed","ping_status":"closed","sticky":false,"template":"","format":"standard","meta":[],"categories":[1],"tags":[],"_links":{"self":[{"href":"http:\/\/hoycordobaweb.com\/index.php\/wp-json\/wp\/v2\/posts\/56477"}],"collection":[{"href":"http:\/\/hoycordobaweb.com\/index.php\/wp-json\/wp\/v2\/posts"}],"about":[{"href":"http:\/\/hoycordobaweb.com\/index.php\/wp-json\/wp\/v2\/types\/post"}],"author":[{"embeddable":true,"href":"http:\/\/hoycordobaweb.com\/index.php\/wp-json\/wp\/v2\/users\/1"}],"replies":[{"embeddable":true,"href":"http:\/\/hoycordobaweb.com\/index.php\/wp-json\/wp\/v2\/comments?post=56477"}],"version-history":[{"count":0,"href":"http:\/\/hoycordobaweb.com\/index.php\/wp-json\/wp\/v2\/posts\/56477\/revisions"}],"wp:attachment":[{"href":"http:\/\/hoycordobaweb.com\/index.php\/wp-json\/wp\/v2\/media?parent=56477"}],"wp:term":[{"taxonomy":"category","embeddable":true,"href":"http:\/\/hoycordobaweb.com\/index.php\/wp-json\/wp\/v2\/categories?post=56477"},{"taxonomy":"post_tag","embeddable":true,"href":"http:\/\/hoycordobaweb.com\/index.php\/wp-json\/wp\/v2\/tags?post=56477"}],"curies":[{"name":"wp","href":"https:\/\/api.w.org\/{rel}","templated":true}]}}