{"id":5646,"date":"2020-11-19T09:54:00","date_gmt":"2020-11-19T09:54:00","guid":{"rendered":"https:\/\/fm-comunicar.com.ar\/contenido\/16547\/el-festival-de-doma-y-folklore-volvera-en-2022"},"modified":"2020-11-19T09:54:00","modified_gmt":"2020-11-19T09:54:00","slug":"el-festival-de-doma-y-folklore-volvera-en-2022","status":"publish","type":"post","link":"http:\/\/hoycordobaweb.com\/index.php\/2020\/11\/19\/el-festival-de-doma-y-folklore-volvera-en-2022\/","title":{"rendered":"El Festival de Doma y Folklore volver\u00e1 en 2022"},"content":{"rendered":"<p>La comisi\u00f3n anunci\u00f3 que no realizar\u00e1 la fiesta gaucha el pr\u00f3ximo a\u00f1o. \u00abEs inviable hacerla en otro mes porque vivimos de un voluntariado que no sabemos si estar\u00e1 disponible\u00bb, dijeron las autoridades. Consideraron que es \u00abla mejor decisi\u00f3n\u00bb.<img src=\"http:\/\/hoycordobaweb.com\/wp-content\/uploads\/2020\/11\/el-festival-de-doma-y-folklore-volvera-en-2022.jpg\"><\/p>\n","protected":false},"excerpt":{"rendered":"<p>La comisi\u00f3n anunci\u00f3 que no realizar\u00e1 la fiesta gaucha el pr\u00f3ximo a\u00f1o. \u00abEs inviable hacerla en otro mes porque vivimos de un voluntariado que no sabemos si estar\u00e1 disponible\u00bb, dijeron las autoridades. Consideraron que es \u00abla mejor decisi\u00f3n\u00bb.<\/p>\n","protected":false},"author":1,"featured_media":5647,"comment_status":"closed","ping_status":"closed","sticky":false,"template":"","format":"standard","meta":[],"categories":[18],"tags":[],"_links":{"self":[{"href":"http:\/\/hoycordobaweb.com\/index.php\/wp-json\/wp\/v2\/posts\/5646"}],"collection":[{"href":"http:\/\/hoycordobaweb.com\/index.php\/wp-json\/wp\/v2\/posts"}],"about":[{"href":"http:\/\/hoycordobaweb.com\/index.php\/wp-json\/wp\/v2\/types\/post"}],"author":[{"embeddable":true,"href":"http:\/\/hoycordobaweb.com\/index.php\/wp-json\/wp\/v2\/users\/1"}],"replies":[{"embeddable":true,"href":"http:\/\/hoycordobaweb.com\/index.php\/wp-json\/wp\/v2\/comments?post=5646"}],"version-history":[{"count":0,"href":"http:\/\/hoycordobaweb.com\/index.php\/wp-json\/wp\/v2\/posts\/5646\/revisions"}],"wp:featuredmedia":[{"embeddable":true,"href":"http:\/\/hoycordobaweb.com\/index.php\/wp-json\/wp\/v2\/media\/5647"}],"wp:attachment":[{"href":"http:\/\/hoycordobaweb.com\/index.php\/wp-json\/wp\/v2\/media?parent=5646"}],"wp:term":[{"taxonomy":"category","embeddable":true,"href":"http:\/\/hoycordobaweb.com\/index.php\/wp-json\/wp\/v2\/categories?post=5646"},{"taxonomy":"post_tag","embeddable":true,"href":"http:\/\/hoycordobaweb.com\/index.php\/wp-json\/wp\/v2\/tags?post=5646"}],"curies":[{"name":"wp","href":"https:\/\/api.w.org\/{rel}","templated":true}]}}