{"id":56446,"date":"2023-03-06T16:25:16","date_gmt":"2023-03-06T16:25:16","guid":{"rendered":"https:\/\/www.ole.com.ar\/ecuador\/internacional\/competencia-bota-de-oro-enner-valencia-haaland-mbappe-osimhen-messi-kane_0_Amlu5z7L7z.html"},"modified":"2023-03-06T16:25:16","modified_gmt":"2023-03-06T16:25:16","slug":"enner-valencia-en-plena-carrera-por-la-bota-de-oro","status":"publish","type":"post","link":"http:\/\/hoycordobaweb.com\/index.php\/2023\/03\/06\/enner-valencia-en-plena-carrera-por-la-bota-de-oro\/","title":{"rendered":"Enner Valencia, en plena carrera por la Bota de Oro"},"content":{"rendered":"<p><img src=\"http:\/\/hoycordobaweb.com\/wp-content\/uploads\/2023\/03\/enner-valencia-en-plena-carrera-por-la-bota-de-oro.jpg\"><\/p>\n<div class=\"custom-text \" readability=\"38\">\n<p>La temporada 2022\/23 est\u00e1 en la recta final y cada vez queda menos para bajar la persiana. Poco a poco empiezan a encaminarse qui\u00e9nes ser\u00e1n los campeones de las principales competiciones en Europa y, con ello, tambi\u00e9n se definen los candidatos a quedarse con galardones, como <strong>la Bota de Oro. \u00bfC\u00f3mo viene la competencia?<\/strong><\/p>\n<\/div>\n<div class=\"custom-text \" readability=\"37.350453172205\">\n<p>La Bota de Oro premia a los m\u00e1ximos goleadores de las ligas de Europa con un sistema de puntuaci\u00f3n. Por ahora, los artilleros top son <a href=\"https:\/\/www.ole.com.ar\/tema\/erling-haaland.html\" title=\"Erling Haaland\" alt=\"Erling Haaland\" class=\"slug\"><strong>Erling Haaland<\/strong><\/a>, <strong>Victor Osimhen<\/strong> y <strong>Amahl Pellegrino<\/strong>.<strong> Sin embargo, el tricolor Enner Valencia est\u00e1 haciendo una temporada excepcional, y aparece entre los candidatos para quedarse con el galard\u00f3n.<\/strong><\/p>\n<\/div>\n<div class=\"sc-489cef11-0 jHGTKj\" readability=\"6\">\n<section readability=\"2\"><picture><img class=\"img\" src=\"http:\/\/hoycordobaweb.com\/wp-content\/uploads\/2023\/03\/enner-valencia-en-plena-carrera-por-la-bota-de-oro-2.jpg\" alt=\"Los impresionantes n\u00fameros de Ter Stegen en La Liga espa\u00f1ola\" height=\"290\" width=\"290\" loading=\"lazy\"><\/picture>\n<p><span>Mir\u00e1 tambi\u00e9n<\/span><\/p>\n<hr>\n<h3>Los impresionantes n\u00fameros de Ter Stegen en La Liga espa\u00f1ola<\/h3>\n<\/p>\n<\/section>\n<\/div>\n<div class=\"sc-996041c8-0 kvfKM\"><img alt=\"Enner Valencia la est\u00e1 rompiendo en Turqu\u00eda. \" src=\"http:\/\/hoycordobaweb.com\/wp-content\/uploads\/2023\/03\/enner-valencia-en-plena-carrera-por-la-bota-de-oro-3.jpg\" width=\"720\" height=\"0\" decoding=\"async\" data-nimg=\"future\" loading=\"lazy\"><span>Enner Valencia la est\u00e1 rompiendo en Turqu\u00eda. <\/span><\/div>\n<div class=\"custom-text \" readability=\"38.367346938776\">\n<p>El goleador de 33 a\u00f1os anda derecho. En la Superliga de Turqu\u00eda, competencia en la que compite Enner con el <a href=\"https:\/\/www.ole.com.ar\/tema\/fenerbahce.html\" title=\"Fenerbahce\" alt=\"Fenerbahce\" class=\"slug\"><strong>Fenerbahce <\/strong><\/a>y es en la que suma sus puntos para la Bota de Oro, el ex <a href=\"https:\/\/www.ole.com.ar\/tema\/emelec.html\" title=\"emelec\" alt=\"emelec\" class=\"slug\">Emelec<\/a> ha <strong>convertido 23 goles en 20 partidos, <\/strong>impresionante. Adem\u00e1s, Ennerman suma tres goles m\u00e1s entre Europa League y copa nacional, pero estos tantos no suman puntos en la carrera por ser el Pichichi europeo.<\/p>\n<\/div>\n<div class=\"sc-489cef11-0 jHGTKj\" readability=\"6\">\n<section readability=\"2\"><picture><img class=\"img\" src=\"http:\/\/hoycordobaweb.com\/wp-content\/uploads\/2023\/03\/enner-valencia-en-plena-carrera-por-la-bota-de-oro-4.jpg\" alt=\"La ambici\u00f3n de Caicedo con el Brighton: &quot;Apuntamos a la Champions League&quot;\" height=\"290\" width=\"290\" loading=\"lazy\"><\/picture>\n<p><span>Mir\u00e1 tambi\u00e9n<\/span><\/p>\n<hr>\n<h3>La ambici\u00f3n de Caicedo con el Brighton: \u00abApuntamos a la Champions League\u00bb<\/h3>\n<\/p>\n<\/section>\n<\/div>\n<p><h2><strong>CANDIDATOS A LA BOTA DE ORO<\/strong><\/h2>\n<\/p>\n<p><h3><strong>Erling Haaland<\/strong><\/h3>\n<\/p>\n<div class=\"custom-text \" readability=\"35\">\n<p>El Androide lleg\u00f3 como una estrella al Manchester City y no defraud\u00f3 para nada. Su registro en la Premier League es inigualable<strong>. Lleva 27 goles en 26 jornada y lidera la tabla para la Bota de Oro con 54 puntos<\/strong>, a ra\u00edz de dos unidades por tanto.<\/p>\n<\/div>\n<div class=\"sc-996041c8-0 kvfKM\"><img alt=\"El noruego, a la cabeza. (ADRIAN DENNIS \/ AFP) \" src=\"http:\/\/hoycordobaweb.com\/wp-content\/uploads\/2023\/03\/enner-valencia-en-plena-carrera-por-la-bota-de-oro-5.jpg\" width=\"720\" height=\"0\" decoding=\"async\" data-nimg=\"future\" loading=\"lazy\"><span>El noruego, a la cabeza. (ADRIAN DENNIS \/ AFP) <\/span><\/div>\n<p><h3><strong>Victor Osimhen<\/strong><\/h3>\n<\/p>\n<div class=\"custom-text \" readability=\"36\">\n<p>El nigeriano es clave para explicar el enorme presente del Napoli, l\u00edder absoluto de la Serie A y un rival dif\u00edcil a vencer en Champions. <strong>En el Calcio lleva 19 porotos, sumando 38 puntos en la disputa por la Bota de Oro.<\/strong><\/p>\n<\/div>\n<div class=\"sc-996041c8-0 kvfKM\"><img alt=\"Camino a ser el Capocannoniere. (REUTERS\/Ciro De Luca)\" src=\"http:\/\/hoycordobaweb.com\/wp-content\/uploads\/2023\/03\/enner-valencia-en-plena-carrera-por-la-bota-de-oro-6.jpg\" width=\"720\" height=\"0\" decoding=\"async\" data-nimg=\"future\" loading=\"lazy\"><span>Camino a ser el Capocannoniere. (REUTERS\/Ciro De Luca)<\/span><\/div>\n<div class=\"sc-489cef11-0 jHGTKj\" readability=\"6\">\n<section readability=\"2\"><picture><img class=\"img\" src=\"http:\/\/hoycordobaweb.com\/wp-content\/uploads\/2023\/03\/enner-valencia-en-plena-carrera-por-la-bota-de-oro-7.jpg\" alt=\"Costa de Marfil: un jugador de 21 a\u00f1os falleci\u00f3 en pleno partido\" height=\"290\" width=\"290\" loading=\"lazy\"><\/picture>\n<p><span>Mir\u00e1 tambi\u00e9n<\/span><\/p>\n<hr>\n<h3>Costa de Marfil: un jugador de 21 a\u00f1os falleci\u00f3 en pleno partido<\/h3>\n<\/p>\n<\/section>\n<\/div>\n<p><h3><strong>Amahl Pellegrino<\/strong><\/h3>\n<\/p>\n<div class=\"custom-text \" readability=\"37\">\n<p>El \u00fanico que no juega como centrodelantero de la lista.<strong> El extremo izquierdo de 32 a\u00f1os meti\u00f3 25 goles para el Bod\u00f8\/Glimt subcampe\u00f3n de la Liga de Norueg<\/strong>a, finalizada en noviembre pasado. Por su performance, <strong>sum\u00f3 37,5 puntos.<\/strong><\/p>\n<\/div>\n<p><h3><strong>Kylian Mbapp\u00e9<\/strong><\/h3>\n<\/p>\n<div class=\"custom-text \" readability=\"36\">\n<p>La estrella francesa viene de convertirse en el m\u00e1ximo goleador de la historia del Paris Saint-Germain y va por m\u00e1s.<strong> En la presente Ligue 1 lleva 18 goles y, por ahora, suma 36 puntos para la disputa de la Bota de Oro.<\/strong><\/p>\n<\/div>\n<div class=\"sc-996041c8-0 kvfKM\"><img alt=\"El m\u00e1ximo goleador en la historia del PSG. (AP\/Aurelien Morissard)\" src=\"http:\/\/hoycordobaweb.com\/wp-content\/uploads\/2023\/03\/enner-valencia-en-plena-carrera-por-la-bota-de-oro-8.jpg\" width=\"720\" height=\"0\" decoding=\"async\" data-nimg=\"future\" loading=\"lazy\"><span>El m\u00e1ximo goleador en la historia del PSG. (AP\/Aurelien Morissard)<\/span><\/div>\n<div class=\"sc-489cef11-0 jHGTKj\" readability=\"6.5\">\n<section readability=\"3\"><picture><img class=\"img\" src=\"http:\/\/hoycordobaweb.com\/wp-content\/uploads\/2023\/03\/enner-valencia-en-plena-carrera-por-la-bota-de-oro-9.jpg\" alt=\"Con presencia tricolor, Bragantino gan\u00f3 y pas\u00f3 a cuartos en el Paulista\" height=\"290\" width=\"290\" loading=\"lazy\"><\/picture>\n<p><span>Mir\u00e1 tambi\u00e9n<\/span><\/p>\n<hr>\n<h3>Con presencia tricolor, Bragantino gan\u00f3 y pas\u00f3 a cuartos en el Paulista<\/h3>\n<\/p>\n<\/section>\n<\/div>\n<p><h3><strong>Harry Kane<\/strong><\/h3>\n<\/p>\n<div class=\"custom-text \" readability=\"34\">\n<p>El Oficinista iguala la performance de Mbapp\u00e9 hasta el momento. <strong>Es escolta de Haaland en la Premier League con 18 tantos, por lo que suma tambi\u00e9n 36 puntos.<\/strong><\/p>\n<\/div>\n<p><h3><strong>Enner Valencia<\/strong><\/h3>\n<\/p>\n<div class=\"custom-text \" readability=\"36\">\n<p>El ecuatoriano de 33 a\u00f1os la est\u00e1 rompiendo en Turqu\u00eda. <strong>Con Fenerbah\u00e7e acumula 23 goles y suma 34,5 puntos, a ra\u00edz de 1,5 por cada tanto.<\/strong><\/p>\n<\/div>\n<div class=\"sc-996041c8-0 kvfKM\"><img alt=\"El primer sudamericano de la lista.\" src=\"http:\/\/hoycordobaweb.com\/wp-content\/uploads\/2023\/03\/enner-valencia-en-plena-carrera-por-la-bota-de-oro-10.jpg\" width=\"720\" height=\"0\" decoding=\"async\" data-nimg=\"future\" loading=\"lazy\"><span>El primer sudamericano de la lista.<\/span><\/div>\n<div class=\"sc-489cef11-0 jHGTKj\" readability=\"6\">\n<section readability=\"2\"><picture><img class=\"img\" src=\"http:\/\/hoycordobaweb.com\/wp-content\/uploads\/2023\/03\/enner-valencia-en-plena-carrera-por-la-bota-de-oro-11.jpg\" alt=\"Joao Rojas volvi\u00f3 a ser convocado y est\u00e1 listo para jugar\" height=\"290\" width=\"290\" loading=\"lazy\"><\/picture>\n<p><span>Mir\u00e1 tambi\u00e9n<\/span><\/p>\n<hr>\n<h3>Joao Rojas volvi\u00f3 a ser convocado y est\u00e1 listo para jugar<\/h3>\n<\/p>\n<\/section>\n<\/div>\n<p><h3><strong>Wissam Ben Yedder<\/strong><\/h3>\n<\/p>\n<div class=\"custom-text \" readability=\"32\">\n<p>El delantero del M\u00f3naco lleva <strong>16 goles en la Ligue 1 y tiene 32 puntos en su haber.<\/strong><\/p>\n<\/div>\n<div class=\"sc-489cef11-0 jHGTKj\" readability=\"7\">\n<section readability=\"4\"><picture><img class=\"img\" src=\"http:\/\/hoycordobaweb.com\/wp-content\/uploads\/2023\/03\/enner-valencia-en-plena-carrera-por-la-bota-de-oro-12.jpg\" alt=\"Con Jhegson M\u00e9ndez desde el banco, San Pablo gan\u00f3 y s\u00e9 clasific\u00f3 primero en el Paulista\" height=\"290\" width=\"290\" loading=\"lazy\"><\/picture>\n<p><span>Mir\u00e1 tambi\u00e9n<\/span><\/p>\n<hr>\n<h3>Con Jhegson M\u00e9ndez desde el banco, San Pablo gan\u00f3 y s\u00e9 clasific\u00f3 primero en el Paulista<\/h3>\n<\/p>\n<\/section>\n<\/div>\n<p><h3><strong>Jonathan David<\/strong><\/h3>\n<\/p>\n<div class=\"custom-text \" readability=\"35\">\n<p>Clave en la Canad\u00e1 que lleg\u00f3 al Mundial de Qatar, tambi\u00e9n la rompe en el Lille. Viene de convertir en el 1-1 vs. Lens y tiene el mismo registro de Ben Yedder:<strong> 16 goles y 32 puntos para la Bota de Oro.<\/strong><\/p>\n<\/div>\n<div class=\"sc-996041c8-0 kvfKM\"><img alt=\"Lewan, clave en el equipo de Xavi. (REUTERS\/Albert Gea)\" src=\"http:\/\/hoycordobaweb.com\/wp-content\/uploads\/2023\/03\/enner-valencia-en-plena-carrera-por-la-bota-de-oro-13.jpg\" width=\"720\" height=\"0\" decoding=\"async\" data-nimg=\"future\" loading=\"lazy\"><span>Lewan, clave en el equipo de Xavi. (REUTERS\/Albert Gea)<\/span><\/div>\n<div class=\"sc-489cef11-0 jHGTKj\" readability=\"6.5\">\n<section readability=\"3\"><picture><img class=\"img\" src=\"http:\/\/hoycordobaweb.com\/wp-content\/uploads\/2023\/03\/enner-valencia-en-plena-carrera-por-la-bota-de-oro-14.jpg\" alt=\"Con uno menos, el FC Barcelona le gan\u00f3 al Valencia y se escapa en la cima\" height=\"290\" width=\"290\" loading=\"lazy\"><\/picture>\n<p><span>Mir\u00e1 tambi\u00e9n<\/span><\/p>\n<hr>\n<h3>Con uno menos, el FC Barcelona le gan\u00f3 al Valencia y se escapa en la cima<\/h3>\n<\/p>\n<\/section>\n<\/div>\n<p><h3><strong>Robert Lewandowski<\/strong><\/h3>\n<\/p>\n<div class=\"custom-text \" readability=\"34\">\n<p>El artillero polaco es muy importante para el Barcelona l\u00edder de La Liga. Hasta el momento, <strong>lleva 15 goles y suma 30 puntos camino a la Bota de Oro.<\/strong><\/p>\n<\/div>\n<p><h3><strong>Folarin Balogun<\/strong><\/h3>\n<\/p>\n<div class=\"custom-text \" readability=\"34\">\n<p>Delantero del Reims,<strong> lleva 15 goles en la Ligue 1 y tambi\u00e9n tiene 30 puntos en la disputa por la Bota de Oro.<\/strong><\/p>\n<\/div>\n<div class=\"sc-996041c8-0 kvfKM\"><img alt=\"Viene de meter uno el \u00faltimo fin de semana. (FRANCK FIFE \/ AFP)\" src=\"http:\/\/hoycordobaweb.com\/wp-content\/uploads\/2023\/03\/enner-valencia-en-plena-carrera-por-la-bota-de-oro-15.jpg\" width=\"720\" height=\"0\" decoding=\"async\" data-nimg=\"future\" loading=\"lazy\"><span>Viene de meter uno el \u00faltimo fin de semana. (FRANCK FIFE \/ AFP)<\/span><\/div>\n<div class=\"sc-489cef11-0 jHGTKj\" readability=\"6\">\n<section readability=\"2\"><picture><img class=\"img\" src=\"http:\/\/hoycordobaweb.com\/wp-content\/uploads\/2023\/03\/enner-valencia-en-plena-carrera-por-la-bota-de-oro-16.jpg\" alt=\"Video: la paliza hist\u00f3rica 7-0 del Liverpool al United\" height=\"290\" width=\"290\" loading=\"lazy\"><\/picture>\n<p><span>Mir\u00e1 tambi\u00e9n<\/span><\/p>\n<hr>\n<h3>Video: la paliza hist\u00f3rica 7-0 del Liverpool al United<\/h3>\n<\/p>\n<\/section>\n<\/div>\n<p><h2><strong>\u00bfD\u00f3nde est\u00e1 Messi?<\/strong><\/h2>\n<\/p>\n<div class=\"custom-text \" readability=\"35\">\n<p><strong>Leo lleva 13 goles en la liga de Francia, misma cantidad que su amigo y compa\u00f1ero Neymar. Ambos suman 26 porotos en la disputa por la Bota de Oro<\/strong>, lejos de los n\u00fameros de Erling Haaland. <\/p>\n<\/div>\n<div class=\"sc-489cef11-0 jHGTKj\" readability=\"6\">\n<section readability=\"2\"><picture><img class=\"img\" src=\"http:\/\/hoycordobaweb.com\/wp-content\/uploads\/2023\/03\/enner-valencia-en-plena-carrera-por-la-bota-de-oro-17.jpg\" alt=\"No rompi\u00f3 el r\u00e9cord mundial y eso que \u00a1lo echaron a los cinco segundos!\" height=\"290\" width=\"290\" loading=\"lazy\"><\/picture>\n<p><span>Mir\u00e1 tambi\u00e9n<\/span><\/p>\n<hr>\n<h3>No rompi\u00f3 el r\u00e9cord mundial y eso que \u00a1lo echaron a los cinco segundos!<\/h3>\n<\/p>\n<\/section>\n<\/div>\n","protected":false},"excerpt":{"rendered":"<p>La temporada 2022\/23 est\u00e1 en la recta final y cada vez queda menos para bajar la persiana. Poco a poco empiezan a encaminarse qui\u00e9nes ser\u00e1n los campeones de las principales competiciones en Europa y, con ello, tambi\u00e9n se definen los candidatos a quedarse con galardones, como la Bota de Oro. \u00bfC\u00f3mo viene la competencia? La [&hellip;]<\/p>\n","protected":false},"author":1,"featured_media":56447,"comment_status":"open","ping_status":"closed","sticky":false,"template":"","format":"standard","meta":[],"categories":[16],"tags":[],"_links":{"self":[{"href":"http:\/\/hoycordobaweb.com\/index.php\/wp-json\/wp\/v2\/posts\/56446"}],"collection":[{"href":"http:\/\/hoycordobaweb.com\/index.php\/wp-json\/wp\/v2\/posts"}],"about":[{"href":"http:\/\/hoycordobaweb.com\/index.php\/wp-json\/wp\/v2\/types\/post"}],"author":[{"embeddable":true,"href":"http:\/\/hoycordobaweb.com\/index.php\/wp-json\/wp\/v2\/users\/1"}],"replies":[{"embeddable":true,"href":"http:\/\/hoycordobaweb.com\/index.php\/wp-json\/wp\/v2\/comments?post=56446"}],"version-history":[{"count":0,"href":"http:\/\/hoycordobaweb.com\/index.php\/wp-json\/wp\/v2\/posts\/56446\/revisions"}],"wp:featuredmedia":[{"embeddable":true,"href":"http:\/\/hoycordobaweb.com\/index.php\/wp-json\/wp\/v2\/media\/56447"}],"wp:attachment":[{"href":"http:\/\/hoycordobaweb.com\/index.php\/wp-json\/wp\/v2\/media?parent=56446"}],"wp:term":[{"taxonomy":"category","embeddable":true,"href":"http:\/\/hoycordobaweb.com\/index.php\/wp-json\/wp\/v2\/categories?post=56446"},{"taxonomy":"post_tag","embeddable":true,"href":"http:\/\/hoycordobaweb.com\/index.php\/wp-json\/wp\/v2\/tags?post=56446"}],"curies":[{"name":"wp","href":"https:\/\/api.w.org\/{rel}","templated":true}]}}