{"id":56433,"date":"2023-03-06T05:17:42","date_gmt":"2023-03-06T05:17:42","guid":{"rendered":"http:\/\/hoycordobaweb.com\/index.php\/2023\/03\/06\/el-argentino-cocca-inicia-primera-concentracion-como-seleccionador-mexicano-que-pasa\/"},"modified":"2023-03-06T05:17:42","modified_gmt":"2023-03-06T05:17:42","slug":"el-argentino-cocca-inicia-primera-concentracion-como-seleccionador-mexicano-que-pasa","status":"publish","type":"post","link":"http:\/\/hoycordobaweb.com\/index.php\/2023\/03\/06\/el-argentino-cocca-inicia-primera-concentracion-como-seleccionador-mexicano-que-pasa\/","title":{"rendered":"El <b>argentino<\/b> Cocca inicia primera concentraci\u00f3n como seleccionador mexicano | Qu\u00e9 Pasa"},"content":{"rendered":"<p>M\u00e9xico, 5 mar (EFE).- El <b>argentino<\/b> Diego Cocca inici\u00f3 este domingo su primera concentraci\u00f3n como seleccionador mexicano de <b>f\u00fatbol<\/b> con un grupo de&nbsp;&#8230; <\/p>\n","protected":false},"excerpt":{"rendered":"<p>M\u00e9xico, 5 mar (EFE).- El argentino Diego Cocca inici\u00f3 este domingo su primera concentraci\u00f3n como seleccionador mexicano de f\u00fatbol con un grupo de&nbsp;&#8230;<\/p>\n","protected":false},"author":1,"featured_media":0,"comment_status":"closed","ping_status":"closed","sticky":false,"template":"","format":"standard","meta":[],"categories":[22],"tags":[],"_links":{"self":[{"href":"http:\/\/hoycordobaweb.com\/index.php\/wp-json\/wp\/v2\/posts\/56433"}],"collection":[{"href":"http:\/\/hoycordobaweb.com\/index.php\/wp-json\/wp\/v2\/posts"}],"about":[{"href":"http:\/\/hoycordobaweb.com\/index.php\/wp-json\/wp\/v2\/types\/post"}],"author":[{"embeddable":true,"href":"http:\/\/hoycordobaweb.com\/index.php\/wp-json\/wp\/v2\/users\/1"}],"replies":[{"embeddable":true,"href":"http:\/\/hoycordobaweb.com\/index.php\/wp-json\/wp\/v2\/comments?post=56433"}],"version-history":[{"count":0,"href":"http:\/\/hoycordobaweb.com\/index.php\/wp-json\/wp\/v2\/posts\/56433\/revisions"}],"wp:attachment":[{"href":"http:\/\/hoycordobaweb.com\/index.php\/wp-json\/wp\/v2\/media?parent=56433"}],"wp:term":[{"taxonomy":"category","embeddable":true,"href":"http:\/\/hoycordobaweb.com\/index.php\/wp-json\/wp\/v2\/categories?post=56433"},{"taxonomy":"post_tag","embeddable":true,"href":"http:\/\/hoycordobaweb.com\/index.php\/wp-json\/wp\/v2\/tags?post=56433"}],"curies":[{"name":"wp","href":"https:\/\/api.w.org\/{rel}","templated":true}]}}