{"id":56372,"date":"2023-03-05T02:11:00","date_gmt":"2023-03-05T02:11:00","guid":{"rendered":"http:\/\/hoycordobaweb.com\/index.php\/2023\/03\/05\/tomas-etcheverry-derroto-a-sebastian-baez-y-jugara-la-primera-final-atp-de-su-carrera\/"},"modified":"2023-03-05T02:11:00","modified_gmt":"2023-03-05T02:11:00","slug":"tomas-etcheverry-derroto-a-sebastian-baez-y-jugara-la-primera-final-atp-de-su-carrera","status":"publish","type":"post","link":"http:\/\/hoycordobaweb.com\/index.php\/2023\/03\/05\/tomas-etcheverry-derroto-a-sebastian-baez-y-jugara-la-primera-final-atp-de-su-carrera\/","title":{"rendered":"Tom\u00e1s Etcheverry derrot\u00f3 a Sebasti\u00e1n B\u00e1ez y jugar\u00e1 la primera final ATP de su carrera"},"content":{"rendered":"<p><img src=\"http:\/\/hoycordobaweb.com\/wp-content\/uploads\/2023\/03\/tomas-etcheverry-derroto-a-sebastian-baez-y-jugara-la-primera-final-atp-de-su-carrera.jpg\"><\/p>\n<figure class=\"mb-3\"><img loading=\"lazy\" data-src=\"http:\/\/hoycordobaweb.com\/wp-content\/uploads\/2023\/03\/tomas-etcheverry-derroto-a-sebastian-baez-y-jugara-la-primera-final-atp-de-su-carrera-2.jpg\" src=\"https:\/\/www.telam.com.ar\/assets\/img\/not_image.png\" class=\" lazy \" width=\"100%\" height=\"100%\" alt=\"Foto TW ATPTour_ES\"><figcaption> Foto: TW @ATPTour_ES <\/figcaption><\/figure>\n<p>El tenista argentino Tom\u00e1s Etcheverry obtuvo hoy el acceso a su primera final en cert\u00e1menes ATP, al doblegar en una de las semifinales a su compatriota <strong>Sebasti\u00e1n B\u00e1ez <\/strong>e instalarse en la definici\u00f3n del domingo del campeonato 250 que se lleva a cabo en Santiago de Chile, con premios por 718 mil d\u00f3lares.<\/p>\n<p>En compromiso desarrollado en una de las canchas de polvo de ladrillo de la Universidad Cat\u00f3lica en San Carlos de Apoquindo, Etcheverry (ubicado en la posici\u00f3n 76 del ranking mundial) se impuso a B\u00e1ez (35), por 7-5 y 6-3, luego de una hora y 38 minutos de juego.<\/p>\n<blockquote class=\"twitter-tweet\" readability=\"6.1467889908257\">\n<p lang=\"es\" dir=\"ltr\">\ud83c\udde6\ud83c\uddf7\ud83d\udd1d<a href=\"https:\/\/twitter.com\/sebaabaez7?ref_src=twsrc%5Etfw\">@sebaabaez7<\/a> y <a href=\"https:\/\/twitter.com\/tometcheverry?ref_src=twsrc%5Etfw\">@tometcheverry<\/a> nos est\u00e1n dejando puntos como este en la primera SF de Santiago \ud83d\udd25 <\/p>\n<p>\ud83c\udfa5 <a href=\"https:\/\/twitter.com\/TennisTV?ref_src=twsrc%5Etfw\">@TennisTV<\/a> | <a href=\"https:\/\/twitter.com\/chile_open?ref_src=twsrc%5Etfw\">@chile_open<\/a> <\/p>\n<p><a href=\"https:\/\/t.co\/FXWtE5ujx6\">pic.twitter.com\/FXWtE5ujx6<\/a><\/p>\n<p>\u2014 ATP Tour en Espa\u00f1ol (@ATPTour_ES) <a href=\"https:\/\/twitter.com\/ATPTour_ES\/status\/1632134008233508871?ref_src=twsrc%5Etfw\">March 4, 2023<\/a><\/p><\/blockquote>\n<p>De este modo, el jugador platense, que ya se garantiz\u00f3 arribar a la ubicaci\u00f3n 60 en el clasificador internacional que se emitir\u00e1 este lunes, nivel\u00f3 la serie personal que mantiene con el oriundo de San Mart\u00edn.<\/p>\n<p>Ahora la seguidilla de enfrentamientos entre ambos tenistas est\u00e1 igualada 3-3: Etcheverry gan\u00f3 hoy en Santiago de Chile y antes lo hab\u00eda hecho en los challenger de Pinamar y Naples, ambos en 2019. Mientras que B\u00e1ez festej\u00f3 en los Challenger Buenos Aires y R\u00edo de Janeiro, tambi\u00e9n en 2019, adem\u00e1s de un contundente 6-2 y 6-1 obtenido en la ronda inicial del ATP de Lyon del a\u00f1o pasado.<\/p>\n<p>En la final del domingo, Etcheverry se enfrentar\u00e1 al local <strong>Nicol\u00e1s Jarry<\/strong>, que en el \u00faltimo turno de la jornada se impuso en la otra semifinal al espa\u00f1ol Jaume Munar por 1-6 7-6 (7-4) y 6-1. <\/p>\n","protected":false},"excerpt":{"rendered":"<p>Foto: TW @ATPTour_ES El tenista argentino Tom\u00e1s Etcheverry obtuvo hoy el acceso a su primera final en cert\u00e1menes ATP, al doblegar en una de las semifinales a su compatriota Sebasti\u00e1n B\u00e1ez e instalarse en la definici\u00f3n del domingo del campeonato 250 que se lleva a cabo en Santiago de Chile, con premios por 718 mil [&hellip;]<\/p>\n","protected":false},"author":1,"featured_media":56373,"comment_status":"open","ping_status":"closed","sticky":false,"template":"","format":"standard","meta":[],"categories":[16],"tags":[],"_links":{"self":[{"href":"http:\/\/hoycordobaweb.com\/index.php\/wp-json\/wp\/v2\/posts\/56372"}],"collection":[{"href":"http:\/\/hoycordobaweb.com\/index.php\/wp-json\/wp\/v2\/posts"}],"about":[{"href":"http:\/\/hoycordobaweb.com\/index.php\/wp-json\/wp\/v2\/types\/post"}],"author":[{"embeddable":true,"href":"http:\/\/hoycordobaweb.com\/index.php\/wp-json\/wp\/v2\/users\/1"}],"replies":[{"embeddable":true,"href":"http:\/\/hoycordobaweb.com\/index.php\/wp-json\/wp\/v2\/comments?post=56372"}],"version-history":[{"count":0,"href":"http:\/\/hoycordobaweb.com\/index.php\/wp-json\/wp\/v2\/posts\/56372\/revisions"}],"wp:featuredmedia":[{"embeddable":true,"href":"http:\/\/hoycordobaweb.com\/index.php\/wp-json\/wp\/v2\/media\/56373"}],"wp:attachment":[{"href":"http:\/\/hoycordobaweb.com\/index.php\/wp-json\/wp\/v2\/media?parent=56372"}],"wp:term":[{"taxonomy":"category","embeddable":true,"href":"http:\/\/hoycordobaweb.com\/index.php\/wp-json\/wp\/v2\/categories?post=56372"},{"taxonomy":"post_tag","embeddable":true,"href":"http:\/\/hoycordobaweb.com\/index.php\/wp-json\/wp\/v2\/tags?post=56372"}],"curies":[{"name":"wp","href":"https:\/\/api.w.org\/{rel}","templated":true}]}}