{"id":56242,"date":"2023-03-02T15:26:22","date_gmt":"2023-03-02T15:26:22","guid":{"rendered":"https:\/\/www.ole.com.ar\/futbol-internacional\/espana\/hijo-ronaldinho-firmo-con-barcelona-sub-19_0_o1us7QXh24.html"},"modified":"2023-03-02T15:26:22","modified_gmt":"2023-03-02T15:26:22","slug":"confirmado-el-hijo-de-ronaldinho-firmo-con-el-barcelona-sub-19","status":"publish","type":"post","link":"http:\/\/hoycordobaweb.com\/index.php\/2023\/03\/02\/confirmado-el-hijo-de-ronaldinho-firmo-con-el-barcelona-sub-19\/","title":{"rendered":"Confirmado: el hijo de Ronaldinho firm\u00f3 con el Barcelona Sub 19"},"content":{"rendered":"<p><img src=\"http:\/\/hoycordobaweb.com\/wp-content\/uploads\/2023\/03\/confirmado-el-hijo-de-ronaldinho-firmo-con-el-barcelona-sub-19.jpg\"><\/p>\n<div class=\"custom-text \" readability=\"37.491749174917\">\n<p>Despu\u00e9s de dos meses a prueba, <strong>Joao Mendes<\/strong>, hijo de<strong> <\/strong><a href=\"https:\/\/www.ole.com.ar\/tema\/ronaldinho.html\" title=\"Ronaldinho\" alt=\"Ronaldinho\" class=\"slug\"><strong>Ronaldinho<\/strong><\/a>, recibi\u00f3 el visto bueno y finalmente <strong>firm\u00f3 contrato este jueves con el <\/strong><a href=\"https:\/\/www.ole.com.ar\/tema\/barcelona.html\" title=\"Barcelona\" alt=\"Barcelona\" class=\"slug\"><strong>Barcelona<\/strong><\/a><strong> Sub 19. <\/strong>Si bien el<strong> v\u00ednculo inicialmente es hasta el 2024, e<\/strong>n caso de tener un buen rendimiento a lo largo de la temporada,<strong> el acuerdo se podr\u00eda prolongar.<\/strong><\/p>\n<\/div>\n<div class=\"sc-996041c8-0 kvfKM\"><img alt=\"Joao junto a Ronaldinho.\" src=\"http:\/\/hoycordobaweb.com\/wp-content\/uploads\/2023\/03\/confirmado-el-hijo-de-ronaldinho-firmo-con-el-barcelona-sub-19-2.jpg\" width=\"720\" height=\"0\" decoding=\"async\" data-nimg=\"future\" loading=\"lazy\"><span>Joao junto a Ronaldinho.<\/span><\/div>\n<div class=\"sc-489cef11-0 jHGTKj\" readability=\"6\">\n<section readability=\"2\"><picture><img class=\"img\" src=\"http:\/\/hoycordobaweb.com\/wp-content\/uploads\/2023\/03\/confirmado-el-hijo-de-ronaldinho-firmo-con-el-barcelona-sub-19-3.jpg\" alt=\"El show de Ronaldinho en su debut en la Kings League\" height=\"290\" width=\"290\" loading=\"lazy\"><\/picture>\n<p><span>Mir\u00e1 tambi\u00e9n<\/span><\/p>\n<hr>\n<h3>El show de Ronaldinho en su debut en la Kings League<\/h3>\n<\/p>\n<\/section>\n<\/div>\n<div class=\"custom-text \" readability=\"37\">\n<p>Mendes tiene 18 a\u00f1os, es zurdo y juega como delantero. Despu\u00e9s de quedar libre de las inferiores del Cruzeiro, su m\u00e1nager Roberto de Assis Moreira (hermano de Dinho),<strong> lo llev\u00f3 directamente a Espa\u00f1a para que se probara en el club donde triunf\u00f3 su padre.<\/strong><\/p>\n<\/div>\n<div class=\"sc-489cef11-0 jHGTKj\" readability=\"7\">\n<section readability=\"4\"><picture><img class=\"img\" src=\"http:\/\/hoycordobaweb.com\/wp-content\/uploads\/2023\/03\/confirmado-el-hijo-de-ronaldinho-firmo-con-el-barcelona-sub-19-4.jpg\" alt=\"Ronaldinho: &quot;Si siempre hubiese jugado a la medianoche, habr\u00eda sido el mejor del mundo&quot;\" height=\"290\" width=\"290\" loading=\"lazy\"><\/picture>\n<p><span>Mir\u00e1 tambi\u00e9n<\/span><\/p>\n<hr>\n<h3>Ronaldinho: \u00abSi siempre hubiese jugado a la medianoche, habr\u00eda sido el mejor del mundo\u00bb<\/h3>\n<\/p>\n<\/section>\n<\/div>\n<div class=\"custom-text \" readability=\"36\">\n<p>Por las condiciones del joven brasile\u00f1o y el buen v\u00ednculo que mantienen con Moreira, <strong>desde el club aceptaron y lo evaluaron de enero a febrero.<\/strong> Finalmente, llegaron a un acuerdo para que sea jugador oficial de la Masia. <\/p>\n<\/div>\n<p><h2><strong>El anuncio del club<\/strong><\/h2>\n<\/p>\n<div class=\"custom-text \" readability=\"37\">\n<p>\u00abEl jugador Joao Mendes ha firmado, en presencia del directivo Joan Soler y del director del f\u00fatbol formativo Jos\u00e9 Ramon Alexanco, <strong>su incorporaci\u00f3n al FC Barcelona en etapa juvenil\u00bb<\/strong>, anunciaron desde el club catal\u00e1n.<\/p>\n<\/div>\n<div class=\"custom-embedhtml\" readability=\"6.5476923076923\">\n<blockquote class=\"twitter-tweet\" readability=\"7.3661538461538\">\n<p lang=\"ca\" dir=\"ltr\">\u270d\ud83c\udffc El jugador \ud835\udddd\ud835\uddfc\ud835\uddee\u0303\ud835\uddfc \ud835\udde0\ud835\uddf2\ud835\uddfb\ud835\uddf1\ud835\uddf2\ud835\ude00 ha signat, en pres\u00e8ncia del directiu <a href=\"https:\/\/twitter.com\/SolerFerre?ref_src=twsrc%5Etfw\">@SolerFerre<\/a> i del director del Futbol Formatiu Jos\u00e9 Ramon Alexanco, la seva incorporaci\u00f3 al FC Barcelona en l\u2019etapa juvenil<a href=\"https:\/\/twitter.com\/hashtag\/FCBMasia?src=hash&amp;ref_src=twsrc%5Etfw\">#FCBMasia<\/a> \ud83d\udc99\u2764\ufe0f <a href=\"https:\/\/t.co\/IyVWbFddHU\">pic.twitter.com\/IyVWbFddHU<\/a><\/p>\n<p>\u2014 FC Barcelona &#8211; Masia (@FCBmasia) <a href=\"https:\/\/twitter.com\/FCBmasia\/status\/1631253371704205314?ref_src=twsrc%5Etfw\">March 2, 2023<\/a><\/p><\/blockquote><\/div>\n<div class=\"custom-text \" readability=\"35\">\n<p>Por su parte, el joven goleador se expres\u00f3 en su cuenta de Instagram. <strong>\u00ab\u00a1Muy feliz y agradecido por esta oportunidad! Visca Barsa\u00bb<\/strong>, fue el mensaje que comparti\u00f3 junto a las fotos de su firma.<\/p>\n<\/div>\n<div class=\"sc-996041c8-0 kvfKM\"><img alt=\"Mendes pos\u00f3 junto a la casaca del Barsa (@_mendesjoao_).\" src=\"http:\/\/hoycordobaweb.com\/wp-content\/uploads\/2023\/03\/confirmado-el-hijo-de-ronaldinho-firmo-con-el-barcelona-sub-19-5.jpg\" width=\"720\" height=\"0\" decoding=\"async\" data-nimg=\"future\" loading=\"lazy\"><span>Mendes pos\u00f3 junto a la casaca del Barsa (@_mendesjoao_).<\/span><\/div>\n<div class=\"sc-489cef11-0 jHGTKj\" readability=\"6\">\n<section readability=\"2\"><picture><img class=\"img\" src=\"http:\/\/hoycordobaweb.com\/wp-content\/uploads\/2023\/03\/confirmado-el-hijo-de-ronaldinho-firmo-con-el-barcelona-sub-19-6.jpg\" alt=\"El Kun Ag\u00fcero eligi\u00f3 a su presidenta para la Queens League\" height=\"290\" width=\"290\" loading=\"lazy\"><\/picture>\n<p><span>Mir\u00e1 tambi\u00e9n<\/span><\/p>\n<hr>\n<h3>El Kun Ag\u00fcero eligi\u00f3 a su presidenta para la Queens League<\/h3>\n<\/p>\n<\/section>\n<\/div>\n<div class=\"custom-text \" readability=\"39\">\n<p>En caso de tener un paso positivo en las inferiores del Barsa, Joao ser\u00eda tenido en cuenta para la Primera y podr\u00eda continuar con el legado de su pap\u00e1. Aunque no va a ser nada f\u00e1cil alcanzar <strong>la vara tan alta que Dinho puso en su paso de 2003 a 2008, donde gan\u00f3, entre otras cosas, una Champions y un Bal\u00f3n de Oro.<\/strong><\/p>\n<\/div>\n<p><h2><strong>El Barcelona piensa en el cl\u00e1sico<\/strong><\/h2>\n<\/p>\n<div class=\"sc-996041c8-0 kvfKM\"><img alt=\"El Barcelona visita al Madrid por la Copa del Rey (EFE).\" src=\"http:\/\/hoycordobaweb.com\/wp-content\/uploads\/2023\/03\/confirmado-el-hijo-de-ronaldinho-firmo-con-el-barcelona-sub-19-7.jpg\" width=\"720\" height=\"0\" decoding=\"async\" data-nimg=\"future\" loading=\"lazy\"><span>El Barcelona visita al Madrid por la Copa del Rey (EFE).<\/span><\/div>\n<div class=\"custom-text \" readability=\"37\">\n<p>Despu\u00e9s de una dura semana en la que quedaron eliminados de la Europa League con el Manchester United y despu\u00e9s sufrieron una inesperada derrota con el Almer\u00eda, el Barcelona busca pasar de p\u00e1gina ni m\u00e1s ni menos que ante el<strong> Real Madrid<\/strong>. <strong>Por la semifinal de la Copa del Rey, visitar\u00e1 este jueves a los Merengues desde las 17.<\/strong><\/p>\n<\/div>\n<div class=\"sc-489cef11-0 jHGTKj\" readability=\"6.5\">\n<section readability=\"3\"><picture><img class=\"img\" src=\"http:\/\/hoycordobaweb.com\/wp-content\/uploads\/2023\/03\/confirmado-el-hijo-de-ronaldinho-firmo-con-el-barcelona-sub-19-8.jpg\" alt=\"Real Madrid - Barcelona: hora, TV y posibles formaciones\" height=\"290\" width=\"290\" loading=\"lazy\"><\/picture>\n<p><span>Mir\u00e1 tambi\u00e9n<\/span><\/p>\n<hr>\n<h3>Real Madrid &#8211; Barcelona: hora, TV y posibles formaciones<\/h3>\n<\/p>\n<\/section>\n<\/div>\n","protected":false},"excerpt":{"rendered":"<p>Despu\u00e9s de dos meses a prueba, Joao Mendes, hijo de Ronaldinho, recibi\u00f3 el visto bueno y finalmente firm\u00f3 contrato este jueves con el Barcelona Sub 19. Si bien el v\u00ednculo inicialmente es hasta el 2024, en caso de tener un buen rendimiento a lo largo de la temporada, el acuerdo se podr\u00eda prolongar. Joao junto [&hellip;]<\/p>\n","protected":false},"author":1,"featured_media":56243,"comment_status":"open","ping_status":"closed","sticky":false,"template":"","format":"standard","meta":[],"categories":[16],"tags":[],"_links":{"self":[{"href":"http:\/\/hoycordobaweb.com\/index.php\/wp-json\/wp\/v2\/posts\/56242"}],"collection":[{"href":"http:\/\/hoycordobaweb.com\/index.php\/wp-json\/wp\/v2\/posts"}],"about":[{"href":"http:\/\/hoycordobaweb.com\/index.php\/wp-json\/wp\/v2\/types\/post"}],"author":[{"embeddable":true,"href":"http:\/\/hoycordobaweb.com\/index.php\/wp-json\/wp\/v2\/users\/1"}],"replies":[{"embeddable":true,"href":"http:\/\/hoycordobaweb.com\/index.php\/wp-json\/wp\/v2\/comments?post=56242"}],"version-history":[{"count":0,"href":"http:\/\/hoycordobaweb.com\/index.php\/wp-json\/wp\/v2\/posts\/56242\/revisions"}],"wp:featuredmedia":[{"embeddable":true,"href":"http:\/\/hoycordobaweb.com\/index.php\/wp-json\/wp\/v2\/media\/56243"}],"wp:attachment":[{"href":"http:\/\/hoycordobaweb.com\/index.php\/wp-json\/wp\/v2\/media?parent=56242"}],"wp:term":[{"taxonomy":"category","embeddable":true,"href":"http:\/\/hoycordobaweb.com\/index.php\/wp-json\/wp\/v2\/categories?post=56242"},{"taxonomy":"post_tag","embeddable":true,"href":"http:\/\/hoycordobaweb.com\/index.php\/wp-json\/wp\/v2\/tags?post=56242"}],"curies":[{"name":"wp","href":"https:\/\/api.w.org\/{rel}","templated":true}]}}