{"id":56214,"date":"2023-03-02T08:39:00","date_gmt":"2023-03-02T08:39:00","guid":{"rendered":"https:\/\/www.espinof.com\/netflix\/precuela-stranger-things-llegara-este-ano-no-a-netflix-the-first-shadow-nos-contara-eal-origen-uno-aterradores-villanos-serie"},"modified":"2023-03-02T08:39:00","modified_gmt":"2023-03-02T08:39:00","slug":"la-precuela-de-stranger-things-llegara-este-mismo-ano-pero-no-a-netflix-the-first-shadow-nos-contara-el-origen-de-uno-de-los-aterradores-villanos-de-la-serie","status":"publish","type":"post","link":"http:\/\/hoycordobaweb.com\/index.php\/2023\/03\/02\/la-precuela-de-stranger-things-llegara-este-mismo-ano-pero-no-a-netflix-the-first-shadow-nos-contara-el-origen-de-uno-de-los-aterradores-villanos-de-la-serie\/","title":{"rendered":"La precuela de &#8216;Stranger Things&#8217; llegar\u00e1 este mismo a\u00f1o&#8230; pero no a Netflix: &#8216;The First Shadow&#8217; nos contar\u00e1 el origen de uno de los aterradores villanos de la serie"},"content":{"rendered":"<p>En lo que esperamos, algunos con m\u00e1s ansias que otros, la <a href=\"https:\/\/www.espinof.com\/fecha-de-estreno\/stranger-things-temporada-5-trailer-fecha-estreno-reparto-todo-que-sabemos-final-serie-netflix\">temporada 5 y final de &#8216;Stranger Things&#8217;<\/a> (se empezar\u00e1 a rodar este mayo), los <strong>hermanos Duffer ten\u00edan bajo la manga<\/strong> <strong>una precuela<\/strong> que llegar\u00e1 seguramente antes que los nuevos episodios de la serie de Netflix.<\/p>\n<p><!-- BREAK 1 --><\/p>\n<p>La plataforma ha desvelado los primeros detalles de &#8216;<strong>Stranger Things: The First Shadow<\/strong>&#8216; que, de momento, no podremos ver en nuestras casas. Y es que esta es la obra de teatro que llevaban un tiempo planificando los responsables de la ficci\u00f3n fant\u00e1stica.<\/p>\n<p><!-- BREAK 2 --> <\/p>\n<div class=\"article-asset article-asset-normal article-asset-center\">\n<div class=\"desvio-container\">\n<div class=\"desvio\">\n<div class=\"desvio-figure js-desvio-figure\"> <a href=\"https:\/\/www.espinof.com\/listas\/cronologia-stranger-things-como-se-conectan-vecna-eleven-mundo-reves-linea-temporal-serie-netflix\"> <img alt=\"La cronolog\u00eda de 'Stranger Things': as\u00ed es como se conectan Vecna, Eleven y el mundo del rev\u00e9s en la l\u00ednea temporal de la serie de Netflix\" src=\"http:\/\/hoycordobaweb.com\/wp-content\/uploads\/2023\/03\/la-precuela-de-stranger-things-llegara-este-mismo-ano-pero-no-a-netflix-the-first-shadow-nos-contara-el-origen-de-uno-de-los-aterradores-villanos-de-la-serie.jpg\"> <\/a> <\/div><\/div><\/div>\n<\/div>\n<p>Con fecha de estreno programada para este a\u00f1o, ser\u00e1 el <strong>Phoenix Theatre del West End londinense<\/strong> la encargada de acoger la producci\u00f3n de &#8216;The First Shadow&#8217;, que cuenta con una historia original creada por los <strong>Hermanos Duffer, Jack Thorne y Kate Trefry<\/strong>, siendo esta la encargada de escribirla. Stephen Dalrdry y Justin Martin ser\u00e1n los directores.<\/p>\n<p><!-- BREAK 3 --><\/p>\n<h2>El jovencito Vecna<\/h2>\n<p>La trama nos har\u00e1 retroceder unas pocas d\u00e9cadas antes del comienzo de &#8216;Stranger Things&#8217; concretamente aterrizaremos en Hawkins en 1959 con unos j\u00f3venes Jim Hopper y Joyce Maldonado rondando. La obra arranca con la <strong>llegada al pueblo de un nuevo estudiante llamado Henry Creel<\/strong> que, junto con su familia, viene intentando comenzar una nueva vida, pero las sombras de su pasado son alargadas.<\/p>\n<p><!-- BREAK 4 --><\/p>\n<p>Efectivamente, es ese Henry Creel, <strong>el mism\u00edsimo Vecna<\/strong> cuyo pasado ya hemos podido ver poco a poco <a href=\"https:\/\/www.espinof.com\/criticas\/final-stranger-things-4-epico-deja-necesidad-serie-netflix-se-resiste-a-dar-ultimo-paso-grandeza\">durante la temporada 4<\/a>, donde estuvo interpretado por Jamie Campbell Bower en su versi\u00f3n adulta y Raphael Luce en la infantil.<\/p>\n<p><!-- BREAK 5 --> <\/p>\n","protected":false},"excerpt":{"rendered":"<p>En lo que esperamos, algunos con m\u00e1s ansias que otros, la temporada 5 y final de &#8216;Stranger Things&#8217; (se empezar\u00e1 a rodar este mayo), los hermanos Duffer ten\u00edan bajo la manga una precuela que llegar\u00e1 seguramente antes que los nuevos episodios de la serie de Netflix. La plataforma ha desvelado los primeros detalles de &#8216;Stranger [&hellip;]<\/p>\n","protected":false},"author":1,"featured_media":56215,"comment_status":"open","ping_status":"closed","sticky":false,"template":"","format":"standard","meta":[],"categories":[10],"tags":[],"_links":{"self":[{"href":"http:\/\/hoycordobaweb.com\/index.php\/wp-json\/wp\/v2\/posts\/56214"}],"collection":[{"href":"http:\/\/hoycordobaweb.com\/index.php\/wp-json\/wp\/v2\/posts"}],"about":[{"href":"http:\/\/hoycordobaweb.com\/index.php\/wp-json\/wp\/v2\/types\/post"}],"author":[{"embeddable":true,"href":"http:\/\/hoycordobaweb.com\/index.php\/wp-json\/wp\/v2\/users\/1"}],"replies":[{"embeddable":true,"href":"http:\/\/hoycordobaweb.com\/index.php\/wp-json\/wp\/v2\/comments?post=56214"}],"version-history":[{"count":0,"href":"http:\/\/hoycordobaweb.com\/index.php\/wp-json\/wp\/v2\/posts\/56214\/revisions"}],"wp:featuredmedia":[{"embeddable":true,"href":"http:\/\/hoycordobaweb.com\/index.php\/wp-json\/wp\/v2\/media\/56215"}],"wp:attachment":[{"href":"http:\/\/hoycordobaweb.com\/index.php\/wp-json\/wp\/v2\/media?parent=56214"}],"wp:term":[{"taxonomy":"category","embeddable":true,"href":"http:\/\/hoycordobaweb.com\/index.php\/wp-json\/wp\/v2\/categories?post=56214"},{"taxonomy":"post_tag","embeddable":true,"href":"http:\/\/hoycordobaweb.com\/index.php\/wp-json\/wp\/v2\/tags?post=56214"}],"curies":[{"name":"wp","href":"https:\/\/api.w.org\/{rel}","templated":true}]}}