{"id":56213,"date":"2023-03-01T17:34:26","date_gmt":"2023-03-01T17:34:26","guid":{"rendered":"https:\/\/fono.fcm.unc.edu.ar\/?p=10324"},"modified":"2023-03-01T17:34:26","modified_gmt":"2023-03-01T17:34:26","slug":"60-aniversario-practica-no-rentada-en-la-clinica-universitaria-reina-fabiola","status":"publish","type":"post","link":"http:\/\/hoycordobaweb.com\/index.php\/2023\/03\/01\/60-aniversario-practica-no-rentada-en-la-clinica-universitaria-reina-fabiola\/","title":{"rendered":"60\u00b0 aniversario \u2013 Pr\u00e1ctica No Rentada en la Cl\u00ednica Universitaria Reina Fabiola"},"content":{"rendered":"<p><img loading=\"lazy\" class=\"alignright wp-image-10328 size-fusion-400\" src=\"https:\/\/fono.fcm.unc.edu.ar\/wp-content\/uploads\/sites\/14\/2023\/03\/Esfo--400x400.png\" alt width=\"400\" height=\"400\" srcset=\"https:\/\/fono.fcm.unc.edu.ar\/wp-content\/uploads\/sites\/14\/2023\/03\/Esfo--66x66.png 66w, https:\/\/fono.fcm.unc.edu.ar\/wp-content\/uploads\/sites\/14\/2023\/03\/Esfo--150x150.png 150w, https:\/\/fono.fcm.unc.edu.ar\/wp-content\/uploads\/sites\/14\/2023\/03\/Esfo--200x200.png 200w, https:\/\/fono.fcm.unc.edu.ar\/wp-content\/uploads\/sites\/14\/2023\/03\/Esfo--300x300.png 300w, https:\/\/fono.fcm.unc.edu.ar\/wp-content\/uploads\/sites\/14\/2023\/03\/Esfo--400x400.png 400w, https:\/\/fono.fcm.unc.edu.ar\/wp-content\/uploads\/sites\/14\/2023\/03\/Esfo--600x600.png 600w, https:\/\/fono.fcm.unc.edu.ar\/wp-content\/uploads\/sites\/14\/2023\/03\/Esfo--768x768.png 768w, https:\/\/fono.fcm.unc.edu.ar\/wp-content\/uploads\/sites\/14\/2023\/03\/Esfo--800x800.png 800w, https:\/\/fono.fcm.unc.edu.ar\/wp-content\/uploads\/sites\/14\/2023\/03\/Esfo--1024x1024.png 1024w, https:\/\/fono.fcm.unc.edu.ar\/wp-content\/uploads\/sites\/14\/2023\/03\/Esfo-.png 1080w\" sizes=\"(max-width: 400px) 100vw, 400px\">Destinado a estudiantes que cursen el 5\u00b0 a\u00f1o de la carrera.<\/p>\n<p>Se computa trayecto con Pr\u00e1cticas de Tercer Nivel.<\/p>\n<ul>\n<li>Duraci\u00f3n: 1 a\u00f1o<\/li>\n<li>Cupo: limitado a 2 postulantes<\/li>\n<\/ul>\n<p><strong><em>Requisitos:<\/em><\/strong><\/p>\n<ul>\n<li>Matr\u00edcula profesional de t\u00edtulo de Pre-grado: Fonoaudi\u00f3loga\/o<\/li>\n<li>Seguro de mala-praxis.<\/li>\n<li>Promedio general igual o superior a 7 puntos.<\/li>\n<li>Disponibilidad horaria.<\/li>\n<li>Predisposici\u00f3n al trabajo en equipo.<\/li>\n<\/ul>\n<p>El criterio de selecci\u00f3n ser\u00e1 de entrevista personal adem\u00e1s de los requisitos planteados.<\/p>\n<p>Enviar los requisitos por mail a:&nbsp;<a href=\"mailto:audiologia@curf.ucc.edu.ar\">audiologia@curf.ucc.edu.ar<\/a><\/p>\n<p><strong><em>Fecha<\/em><\/strong>: desde el 14 de febrero al 23 de marzo de 2023<\/p>\n<p><strong><em>Entrevistas<\/em><\/strong>: desde el 27 al 31 de marzo de 2023<\/p>\n<p><strong><em>Inicio<\/em><\/strong>: abril de 2023<\/p>\n","protected":false},"excerpt":{"rendered":"<p>Destinado a estudiantes que cursen el 5\u00b0 a\u00f1o de la carrera. Se computa trayecto con Pr\u00e1cticas de Tercer Nivel. Duraci\u00f3n: 1 a\u00f1o Cupo: limitado a 2 postulantes Requisitos: Matr\u00edcula profesional de t\u00edtulo de Pre-grado: Fonoaudi\u00f3loga\/o Seguro de mala-praxis. Promedio general igual o superior a 7 puntos. Disponibilidad horaria. Predisposici\u00f3n al trabajo en equipo. El criterio [&hellip;]<\/p>\n","protected":false},"author":1,"featured_media":0,"comment_status":"closed","ping_status":"closed","sticky":false,"template":"","format":"standard","meta":[],"categories":[1],"tags":[],"_links":{"self":[{"href":"http:\/\/hoycordobaweb.com\/index.php\/wp-json\/wp\/v2\/posts\/56213"}],"collection":[{"href":"http:\/\/hoycordobaweb.com\/index.php\/wp-json\/wp\/v2\/posts"}],"about":[{"href":"http:\/\/hoycordobaweb.com\/index.php\/wp-json\/wp\/v2\/types\/post"}],"author":[{"embeddable":true,"href":"http:\/\/hoycordobaweb.com\/index.php\/wp-json\/wp\/v2\/users\/1"}],"replies":[{"embeddable":true,"href":"http:\/\/hoycordobaweb.com\/index.php\/wp-json\/wp\/v2\/comments?post=56213"}],"version-history":[{"count":0,"href":"http:\/\/hoycordobaweb.com\/index.php\/wp-json\/wp\/v2\/posts\/56213\/revisions"}],"wp:attachment":[{"href":"http:\/\/hoycordobaweb.com\/index.php\/wp-json\/wp\/v2\/media?parent=56213"}],"wp:term":[{"taxonomy":"category","embeddable":true,"href":"http:\/\/hoycordobaweb.com\/index.php\/wp-json\/wp\/v2\/categories?post=56213"},{"taxonomy":"post_tag","embeddable":true,"href":"http:\/\/hoycordobaweb.com\/index.php\/wp-json\/wp\/v2\/tags?post=56213"}],"curies":[{"name":"wp","href":"https:\/\/api.w.org\/{rel}","templated":true}]}}