{"id":56199,"date":"2023-03-01T17:16:24","date_gmt":"2023-03-01T17:16:24","guid":{"rendered":"https:\/\/www.trendencias.com\/viajes\/ciudad-medieval-que-se-adentra-mar-destino-bonito-para-viajar-marzo"},"modified":"2023-03-01T17:16:24","modified_gmt":"2023-03-01T17:16:24","slug":"una-ciudad-medieval-que-se-adentra-el-mar-el-destino-mas-bonito-para-viajar-en-marzo","status":"publish","type":"post","link":"http:\/\/hoycordobaweb.com\/index.php\/2023\/03\/01\/una-ciudad-medieval-que-se-adentra-el-mar-el-destino-mas-bonito-para-viajar-en-marzo\/","title":{"rendered":"Una ciudad medieval que se adentra el mar, el destino m\u00e1s bonito para viajar en marzo"},"content":{"rendered":"<p>Si os gusta esa belleza rara que tienen las payas urbanas, no os pod\u00e9is perder la que probablemente sea la m\u00e1s bonita de toda Espa\u00f1a. La encontrar\u00e9is en Pe\u00f1\u00edscola, Castell\u00f3n, <strong>una peque\u00f1a ciudad muy completa y perfecta para viajar en primavera<\/strong>. Esa \u00e9poca en la que ya empieza a dejarse notar el buen tiempo pero cuando todav\u00eda no est\u00e1 todo invadido por los turistas del verano.<\/p>\n<p><!-- BREAK 1 --><\/p>\n<div class=\"article-asset article-asset-normal article-asset-center\">\n<div class=\"desvio-container\">\n<div class=\"desvio\">\n<div class=\"desvio-figure js-desvio-figure\"> <a href=\"https:\/\/www.trendencias.com\/viajes\/este-bonito-pueblo-espana-destino-perfecto-para-escapar-frio-porque-siempre-primavera\"> <img alt=\"Este bonito pueblo de Espa\u00f1a es el destino perfecto para escapar del fr\u00edo porque siempre es primavera \" src=\"http:\/\/hoycordobaweb.com\/wp-content\/uploads\/2023\/03\/una-ciudad-medieval-que-se-adentra-el-mar-el-destino-mas-bonito-para-viajar-en-marzo.jpg\"> <\/a> <\/div><\/div><\/div>\n<\/div>\n<p>Pe\u00f1\u00edscola es un enclave \u00abtres sesenta\u00bb, que dir\u00eda Paquita Salas. Un regalo para la vista en el que se mezcla el turismo de sol y mar con el cultural. Y es que, adem\u00e1s de tener una costa condecorada con la Bandera Azul,<strong> estamos hablando de una ciudad medieval<\/strong>. Pero no una cualquiera sino de una <strong>que se adentra en el mar<\/strong>.<\/p>\n<p><!-- BREAK 2 --> <\/p>\n<div class=\"article-asset-image article-asset-normal article-asset-center\">\n<div class=\"asset-content\">\n<div class=\"caption-img \">\n<div class=\"base-wrapper-image\"> <img class=\"sf-lazy centro_sinmarco\" data-sf-srcset=\"http:\/\/hoycordobaweb.com\/wp-content\/uploads\/2023\/03\/una-ciudad-medieval-que-se-adentra-el-mar-el-destino-mas-bonito-para-viajar-en-marzo-1.jpg 450w, http:\/\/hoycordobaweb.com\/wp-content\/uploads\/2023\/03\/una-ciudad-medieval-que-se-adentra-el-mar-el-destino-mas-bonito-para-viajar-en-marzo-6.jpg 681w,http:\/\/hoycordobaweb.com\/wp-content\/uploads\/2023\/03\/una-ciudad-medieval-que-se-adentra-el-mar-el-destino-mas-bonito-para-viajar-en-marzo-7.jpg 1024w, http:\/\/hoycordobaweb.com\/wp-content\/uploads\/2023\/03\/una-ciudad-medieval-que-se-adentra-el-mar-el-destino-mas-bonito-para-viajar-en-marzo-8.jpg 1366w,\" data-sf-src=\"http:\/\/hoycordobaweb.com\/wp-content\/uploads\/2023\/03\/una-ciudad-medieval-que-se-adentra-el-mar-el-destino-mas-bonito-para-viajar-en-marzo-1.jpg\" alt=\"Istock 545241548\"> <noscript><img alt=\"Istock 545241548\" class=\"centro_sinmarco\" src=\"http:\/\/hoycordobaweb.com\/wp-content\/uploads\/2023\/03\/una-ciudad-medieval-que-se-adentra-el-mar-el-destino-mas-bonito-para-viajar-en-marzo-1.jpg\"><\/noscript> <\/div>\n<p> <span>Amoklv (iStock)<\/span> <\/div><\/div>\n<\/div>\n<p>Como no pod\u00eda ser menos, est\u00e1 presidida por un Castillo Templario en un fant\u00e1stico estado de conservaci\u00f3n. La fortaleza se encuentra en el punto m\u00e1s alto de la pen\u00ednsula y est\u00e1 <strong>rodeada de calles de trazado medieval <\/strong>que recuerdan a la alpujarra granadina y que caminarlas es sorprenderse con hallazgos tan singulares como su bufador.<\/p>\n<p><!-- BREAK 3 --><\/p>\n<div class=\"article-asset-image article-asset-normal article-asset-center\">\n<div class=\"asset-content\">\n<div class=\"caption-img \">\n<div class=\"base-wrapper-image\"> <img class=\"sf-lazy centro_sinmarco\" data-sf-srcset=\"http:\/\/hoycordobaweb.com\/wp-content\/uploads\/2023\/03\/una-ciudad-medieval-que-se-adentra-el-mar-el-destino-mas-bonito-para-viajar-en-marzo-2.jpg 450w, http:\/\/hoycordobaweb.com\/wp-content\/uploads\/2023\/03\/una-ciudad-medieval-que-se-adentra-el-mar-el-destino-mas-bonito-para-viajar-en-marzo-9.jpg 681w,http:\/\/hoycordobaweb.com\/wp-content\/uploads\/2023\/03\/una-ciudad-medieval-que-se-adentra-el-mar-el-destino-mas-bonito-para-viajar-en-marzo-10.jpg 1024w, http:\/\/hoycordobaweb.com\/wp-content\/uploads\/2023\/03\/una-ciudad-medieval-que-se-adentra-el-mar-el-destino-mas-bonito-para-viajar-en-marzo-11.jpg 1366w,\" data-sf-src=\"http:\/\/hoycordobaweb.com\/wp-content\/uploads\/2023\/03\/una-ciudad-medieval-que-se-adentra-el-mar-el-destino-mas-bonito-para-viajar-en-marzo-2.jpg\" alt=\"Istock 520771450 1\"> <noscript><img alt=\"Istock 520771450 1\" class=\"centro_sinmarco\" src=\"http:\/\/hoycordobaweb.com\/wp-content\/uploads\/2023\/03\/una-ciudad-medieval-que-se-adentra-el-mar-el-destino-mas-bonito-para-viajar-en-marzo-2.jpg\"><\/noscript> <\/div>\n<p> <span>Maylat (iStock)<\/span> <\/div><\/div>\n<\/div>\n<p>El Papa Benedicto XIII, apodado Papa Luna, eligi\u00f3 el castillo de Pe\u00f1\u00edscola para recluirse y luchar por la unidad de la Iglesia Cat\u00f3lica. No es de extra\u00f1ar ya que su patio de Armas es <strong>un precioso balc\u00f3n desde el que admirar el Mediterr\u00e1neo<\/strong>. Por otro lado, la torre del Homenaje es una plataforma perfecta para contemplar la panor\u00e1mica de la costa.<\/p>\n<p><!-- BREAK 4 --><\/p>\n<div class=\"article-asset-image article-asset-normal article-asset-center\">\n<div class=\"asset-content\">\n<div class=\"caption-img \">\n<div class=\"base-wrapper-image\"> <img class=\"sf-lazy centro_sinmarco\" data-sf-srcset=\"http:\/\/hoycordobaweb.com\/wp-content\/uploads\/2023\/03\/una-ciudad-medieval-que-se-adentra-el-mar-el-destino-mas-bonito-para-viajar-en-marzo-3.jpg 450w, http:\/\/hoycordobaweb.com\/wp-content\/uploads\/2023\/03\/una-ciudad-medieval-que-se-adentra-el-mar-el-destino-mas-bonito-para-viajar-en-marzo-12.jpg 681w,http:\/\/hoycordobaweb.com\/wp-content\/uploads\/2023\/03\/una-ciudad-medieval-que-se-adentra-el-mar-el-destino-mas-bonito-para-viajar-en-marzo-13.jpg 1024w, http:\/\/hoycordobaweb.com\/wp-content\/uploads\/2023\/03\/una-ciudad-medieval-que-se-adentra-el-mar-el-destino-mas-bonito-para-viajar-en-marzo-14.jpg 1366w,\" data-sf-src=\"http:\/\/hoycordobaweb.com\/wp-content\/uploads\/2023\/03\/una-ciudad-medieval-que-se-adentra-el-mar-el-destino-mas-bonito-para-viajar-en-marzo-3.jpg\" alt=\"Istock 840411800\"> <noscript><img alt=\"Istock 840411800\" class=\"centro_sinmarco\" src=\"http:\/\/hoycordobaweb.com\/wp-content\/uploads\/2023\/03\/una-ciudad-medieval-que-se-adentra-el-mar-el-destino-mas-bonito-para-viajar-en-marzo-3.jpg\"><\/noscript> <\/div>\n<p> <span>Plateresca (iStock)<\/span> <\/div><\/div>\n<\/div>\n<p>En primavera y verano este recinto amurallado acoge un festival de cine de comedia espa\u00f1ola y un festival de m\u00fasica antigua y barroca. No obstante, ning\u00fan visitante puede dejar pasar la oportunidad de conocer <strong>el Faro y el Museo del Mar <\/strong>y practicar senderismo o BTT en el Parque Natural de la Sierra de Irta.<\/p>\n<p><!-- BREAK 5 --><\/p>\n<div class=\"article-asset-image article-asset-normal article-asset-center\">\n<div class=\"asset-content\">\n<div class=\"caption-img \">\n<div class=\"base-wrapper-image\"> <img class=\"sf-lazy centro_sinmarco\" data-sf-srcset=\"http:\/\/hoycordobaweb.com\/wp-content\/uploads\/2023\/03\/una-ciudad-medieval-que-se-adentra-el-mar-el-destino-mas-bonito-para-viajar-en-marzo-4.jpg 450w, http:\/\/hoycordobaweb.com\/wp-content\/uploads\/2023\/03\/una-ciudad-medieval-que-se-adentra-el-mar-el-destino-mas-bonito-para-viajar-en-marzo-15.jpg 681w,http:\/\/hoycordobaweb.com\/wp-content\/uploads\/2023\/03\/una-ciudad-medieval-que-se-adentra-el-mar-el-destino-mas-bonito-para-viajar-en-marzo-16.jpg 1024w, http:\/\/hoycordobaweb.com\/wp-content\/uploads\/2023\/03\/una-ciudad-medieval-que-se-adentra-el-mar-el-destino-mas-bonito-para-viajar-en-marzo-17.jpg 1366w,\" data-sf-src=\"http:\/\/hoycordobaweb.com\/wp-content\/uploads\/2023\/03\/una-ciudad-medieval-que-se-adentra-el-mar-el-destino-mas-bonito-para-viajar-en-marzo-4.jpg\" alt=\"Istock 1265068755\"> <noscript><img alt=\"Istock 1265068755\" class=\"centro_sinmarco\" src=\"http:\/\/hoycordobaweb.com\/wp-content\/uploads\/2023\/03\/una-ciudad-medieval-que-se-adentra-el-mar-el-destino-mas-bonito-para-viajar-en-marzo-4.jpg\"><\/noscript> <\/div>\n<p> <span>Besides the Obvious (iStock)<\/span> <\/div><\/div>\n<\/div>\n<p>Foto de portada | <a href=\"https:\/\/www.istockphoto.com\/es\/portfolio\/LianeM?mediatype=photography\">LianeM<\/a> (iStock)<\/p>\n<p><!-- BREAK 6 --><\/p>\n<p>En Trendencias | <a href=\"https:\/\/www.trendencias.com\/gourmet\/15-mejores-pastelerias-madrid\">Las 15 mejores pasteler\u00edas de moda que no debes perderte en Madrid<\/a><\/p>\n<p><!-- BREAK 7 --> <\/p>\n","protected":false},"excerpt":{"rendered":"<p>Si os gusta esa belleza rara que tienen las payas urbanas, no os pod\u00e9is perder la que probablemente sea la m\u00e1s bonita de toda Espa\u00f1a. La encontrar\u00e9is en Pe\u00f1\u00edscola, Castell\u00f3n, una peque\u00f1a ciudad muy completa y perfecta para viajar en primavera. Esa \u00e9poca en la que ya empieza a dejarse notar el buen tiempo pero [&hellip;]<\/p>\n","protected":false},"author":1,"featured_media":56200,"comment_status":"closed","ping_status":"closed","sticky":false,"template":"","format":"standard","meta":[],"categories":[1],"tags":[],"_links":{"self":[{"href":"http:\/\/hoycordobaweb.com\/index.php\/wp-json\/wp\/v2\/posts\/56199"}],"collection":[{"href":"http:\/\/hoycordobaweb.com\/index.php\/wp-json\/wp\/v2\/posts"}],"about":[{"href":"http:\/\/hoycordobaweb.com\/index.php\/wp-json\/wp\/v2\/types\/post"}],"author":[{"embeddable":true,"href":"http:\/\/hoycordobaweb.com\/index.php\/wp-json\/wp\/v2\/users\/1"}],"replies":[{"embeddable":true,"href":"http:\/\/hoycordobaweb.com\/index.php\/wp-json\/wp\/v2\/comments?post=56199"}],"version-history":[{"count":0,"href":"http:\/\/hoycordobaweb.com\/index.php\/wp-json\/wp\/v2\/posts\/56199\/revisions"}],"wp:featuredmedia":[{"embeddable":true,"href":"http:\/\/hoycordobaweb.com\/index.php\/wp-json\/wp\/v2\/media\/56200"}],"wp:attachment":[{"href":"http:\/\/hoycordobaweb.com\/index.php\/wp-json\/wp\/v2\/media?parent=56199"}],"wp:term":[{"taxonomy":"category","embeddable":true,"href":"http:\/\/hoycordobaweb.com\/index.php\/wp-json\/wp\/v2\/categories?post=56199"},{"taxonomy":"post_tag","embeddable":true,"href":"http:\/\/hoycordobaweb.com\/index.php\/wp-json\/wp\/v2\/tags?post=56199"}],"curies":[{"name":"wp","href":"https:\/\/api.w.org\/{rel}","templated":true}]}}