{"id":56181,"date":"2023-03-01T14:58:12","date_gmt":"2023-03-01T14:58:12","guid":{"rendered":"https:\/\/www.ole.com.ar\/ecuador\/internacional\/repercusiones-medios-brasil-flamengo-memes-gastadas-independiente-del-valle-recopa-sudamericana_0_kYElcjxDa2.html"},"modified":"2023-03-01T14:58:12","modified_gmt":"2023-03-01T14:58:12","slug":"de-fracaso-a-manos-de-lechuga-las-repercusiones-de-brasil-por-la-derrota-de-flamengo","status":"publish","type":"post","link":"http:\/\/hoycordobaweb.com\/index.php\/2023\/03\/01\/de-fracaso-a-manos-de-lechuga-las-repercusiones-de-brasil-por-la-derrota-de-flamengo\/","title":{"rendered":"De fracaso a \u00abmanos de lechuga\u00bb: las repercusiones de Brasil por la derrota de Flamengo"},"content":{"rendered":"<p><img src=\"http:\/\/hoycordobaweb.com\/wp-content\/uploads\/2023\/03\/de-fracaso-a-manos-de-lechuga-las-repercusiones-de-brasil-por-la-derrota-de-flamengo.jpg\"><\/p>\n<div class=\"custom-text \" readability=\"26.516483516484\">\n<p>Este martes Independiente del Valle se volvi\u00f3 a consagrar campe\u00f3n, <a href=\"https:\/\/www.ole.com.ar\/ecuador\/independiente-del-valle\/independiente-del-valle-titulos-historia-supercopa_0_GUbPyoRpLm.html\" target=\"_blank\" rel=\"noopener noreferrer\">obteniendo cuatro t\u00edtulos en cinco meses<\/a>, tras vencer a Flamengo en el Maracan\u00e1. <a href=\"https:\/\/www.ole.com.ar\/ecuador\/independiente-del-valle\/flamengo-independiente-del-valle-final-recopa-sudamericana-maracana_0_qucull3aAD.html\" target=\"_blank\" rel=\"noopener noreferrer\">La final de la Recopa Sudamericana se termin\u00f3 definiendo por penales<\/a> y el Mengao se qued\u00f3 nuevamente con las manos vac\u00edas. Entre los memes que surgieron, tambi\u00e9n hubo cuestionamientos al plantel brasile\u00f1o&#8230;<\/p>\n<\/div>\n<div class=\"sc-489cef11-0 jHGTKj\" readability=\"6.5\">\n<section readability=\"3\"><picture><img class=\"img\" src=\"http:\/\/hoycordobaweb.com\/wp-content\/uploads\/2023\/03\/de-fracaso-a-manos-de-lechuga-las-repercusiones-de-brasil-por-la-derrota-de-flamengo-2.jpg\" alt=\"Independiente del Valle campe\u00f3n en el Maracan\u00e1, un privilegio para pocos\" height=\"290\" width=\"290\" loading=\"lazy\"><\/picture>\n<p><span>Mir\u00e1 tambi\u00e9n<\/span><\/p>\n<hr>\n<h3>Independiente del Valle campe\u00f3n en el Maracan\u00e1, un privilegio para pocos<\/h3>\n<\/p>\n<\/section>\n<\/div>\n<div class=\"sc-489cef11-0 jHGTKj\" readability=\"6\">\n<section readability=\"2\"><picture><img class=\"img\" src=\"http:\/\/hoycordobaweb.com\/wp-content\/uploads\/2023\/03\/de-fracaso-a-manos-de-lechuga-las-repercusiones-de-brasil-por-la-derrota-de-flamengo-3.jpg\" alt=\"Escracharon a Neymar por ofrecerle un tr\u00edo a dos gemelas\" height=\"290\" width=\"290\" loading=\"lazy\"><\/picture>\n<p><span>Mir\u00e1 tambi\u00e9n<\/span><\/p>\n<hr>\n<h3>Escracharon a Neymar por ofrecerle un tr\u00edo a dos gemelas<\/h3>\n<\/p>\n<\/section>\n<\/div>\n<div class=\"sc-996041c8-0 kvfKM\"><img alt=\"Independiente del Valle es campe\u00f3n de la Recopa Sudamericana (AFP)\" src=\"http:\/\/hoycordobaweb.com\/wp-content\/uploads\/2023\/03\/de-fracaso-a-manos-de-lechuga-las-repercusiones-de-brasil-por-la-derrota-de-flamengo-4.jpg\" width=\"720\" height=\"0\" decoding=\"async\" data-nimg=\"future\" loading=\"lazy\"><span>Independiente del Valle es campe\u00f3n de la Recopa Sudamericana (AFP)<\/span><\/div>\n<p><h2>La repercusi\u00f3n de los medios<\/h2>\n<\/p>\n<div class=\"custom-text \" readability=\"38\">\n<p>Flamengo tuvo un comienzo de temporada ca\u00f3tico. Perdi\u00f3 la Supercopa en manos del Palmeiras y pas\u00f3 con penas su participaci\u00f3n en el Mundial de Clubes, sin poder acceder a la final esperada frente al Real Madrid. Ahora, tras otro duro rev\u00e9s deportivo, los medios de Brasil llenaron de cuestionamientos el presente del Fla.<\/p>\n<\/div>\n<div class=\"sc-489cef11-0 jHGTKj\" readability=\"6\">\n<section readability=\"2\"><picture><img class=\"img\" src=\"http:\/\/hoycordobaweb.com\/wp-content\/uploads\/2023\/03\/de-fracaso-a-manos-de-lechuga-las-repercusiones-de-brasil-por-la-derrota-de-flamengo-5.jpg\" alt=\"Gabigol: de provocar en los penales a sufrir la burla en redes\" height=\"290\" width=\"290\" loading=\"lazy\"><\/picture>\n<p><span>Mir\u00e1 tambi\u00e9n<\/span><\/p>\n<hr>\n<h3>Gabigol: de provocar en los penales a sufrir la burla en redes<\/h3>\n<\/p>\n<\/section>\n<\/div>\n<div class=\"custom-text \" readability=\"38\">\n<p>O D\u00eda, uno de los peri\u00f3dicos m\u00e1s vendidos en R\u00edo de Janeiro, titul\u00f3 con la palabra Verg\u00fcenza, mientras que otros enfocados en lo deportivo como Globo Esporte o Lance, fueron con fracasos y hasta pusieron en duda la continuidad del DT V\u00edtor Pereira.<\/p>\n<\/div>\n<div class=\"sc-996041c8-0 kvfKM\"><img alt=\"Las repercusiones en Brasil de la ca\u00edda de Flamengo.\" src=\"http:\/\/hoycordobaweb.com\/wp-content\/uploads\/2023\/03\/de-fracaso-a-manos-de-lechuga-las-repercusiones-de-brasil-por-la-derrota-de-flamengo-6.jpg\" width=\"720\" height=\"0\" decoding=\"async\" data-nimg=\"future\" loading=\"lazy\"><span>Las repercusiones en Brasil de la ca\u00edda de Flamengo.<\/span><\/div>\n<div class=\"custom-text \" readability=\"38\">\n<p>Thiago Asmar, periodista muy reconocido en Brasil por su canal de Youtube Pilhado, critic\u00f3 con dureza a Aderbar Melo dos Santos Neto, el arquero del Mengao que no recibi\u00f3 goles en el Maracan\u00e1, pero tampoco detuvo ning\u00fan penal en la tanda.<\/p>\n<\/div>\n<div class=\"sc-996041c8-0 kvfKM\"><img alt=\"Las repercusiones en Brasil de la ca\u00edda de Flamengo.\" src=\"http:\/\/hoycordobaweb.com\/wp-content\/uploads\/2023\/03\/de-fracaso-a-manos-de-lechuga-las-repercusiones-de-brasil-por-la-derrota-de-flamengo-7.jpg\" width=\"720\" height=\"0\" decoding=\"async\" data-nimg=\"future\" loading=\"lazy\"><span>Las repercusiones en Brasil de la ca\u00edda de Flamengo.<\/span><\/div>\n<div class=\"sc-489cef11-0 jHGTKj\" readability=\"6\">\n<section readability=\"2\"><picture><img class=\"img\" src=\"http:\/\/hoycordobaweb.com\/wp-content\/uploads\/2023\/03\/de-fracaso-a-manos-de-lechuga-las-repercusiones-de-brasil-por-la-derrota-de-flamengo-8.jpg\" alt=\"Anselmi: &quot;Criticar hoy a Independiente del Valle es r\u00eddiculo&quot;\" height=\"290\" width=\"290\" loading=\"lazy\"><\/picture>\n<p><span>Mir\u00e1 tambi\u00e9n<\/span><\/p>\n<hr>\n<h3>Anselmi: \u00abCriticar hoy a Independiente del Valle es r\u00eddiculo\u00bb<\/h3>\n<\/p>\n<\/section>\n<\/div>\n<div class=\"custom-text \" readability=\"36\">\n<p>\u00abNoche de verg\u00fcenza y verg\u00fcenza otra vez para Flamengo. No estamos aqu\u00ed para hacer &#8216;mentiras piadosas&#8217; o &#8216;pol\u00edticamente correctos&#8217;. Una l\u00e1stima que Flamengo perdiera el t\u00edtulo ante Independiente Del Valle con el equipo y el presupuesto que tiene. Es una pena llenar el Maracan\u00e1 y perder un gol como se perdi\u00f3 en el primer tiempo\u00bb, comenz\u00f3 con su descargo el presentador brasile\u00f1o.<\/p>\n<\/div>\n<div class=\"sc-996041c8-0 kvfKM\"><img alt=\"Las repercusiones en Brasil de la ca\u00edda de Flamengo.\" src=\"http:\/\/hoycordobaweb.com\/wp-content\/uploads\/2023\/03\/de-fracaso-a-manos-de-lechuga-las-repercusiones-de-brasil-por-la-derrota-de-flamengo-9.jpg\" width=\"720\" height=\"0\" decoding=\"async\" data-nimg=\"future\" loading=\"lazy\"><span>Las repercusiones en Brasil de la ca\u00edda de Flamengo.<\/span><\/div>\n<div class=\"custom-text \" readability=\"38\">\n<p>Y en esa l\u00ednea, al que atendi\u00f3 fue al arquero del Fla: \u00abL\u00e1stima que Santos, en otra tanda de penales, no atrap\u00f3 nada. <strong>Porque no coge nada, es una mano de lechuga. <\/strong>Nunca cuando necesita lanzar un penalti lo lanza. Entonces es un Flamengo el que est\u00e1 dando problemas\u00bb.<\/p>\n<\/div>\n<div class=\"custom-text \" readability=\"41\">\n<p>Pero eso no fue todo y a\u00f1adi\u00f3: \u00abHabr\u00e1 presi\u00f3n, pero hoy no veo ninguna falta en V\u00edtor Pereira. En el mundial s\u00ed, sac\u00f3 a Arrascaeta y al Everton Ribeiro, fue una estupidez, pero hoy fue culpa de los jugadores, que <strong>perdieron un gol sin parar y de un portero que siempre desaparece cuando hace falta, en este Flamengo\u00bb.<\/strong><\/p>\n<\/div>\n<div class=\"sc-489cef11-0 jHGTKj\" readability=\"6\">\n<section readability=\"2\"><picture><img class=\"img\" src=\"http:\/\/hoycordobaweb.com\/wp-content\/uploads\/2023\/03\/de-fracaso-a-manos-de-lechuga-las-repercusiones-de-brasil-por-la-derrota-de-flamengo-10.jpg\" alt=\"Mateo Carabajal: &quot;Dar la vuelta ac\u00e1 con m\u00e1s de 70 mil personas es algo hist\u00f3rico&quot;\" height=\"290\" width=\"290\" loading=\"lazy\"><\/picture>\n<p><span>Mir\u00e1 tambi\u00e9n<\/span><\/p>\n<hr>\n<h3>Mateo Carabajal: \u00abDar la vuelta ac\u00e1 con m\u00e1s de 70 mil personas es algo hist\u00f3rico\u00bb<\/h3>\n<\/p>\n<\/section>\n<\/div>\n<p><h2>Los mejores memes de la derrota del Flamengo<\/h2>\n<\/p>\n<div class=\"sc-996041c8-0 kvfKM\"><img alt=\"El recuerdo de los hinchas del Rojo\" src=\"http:\/\/hoycordobaweb.com\/wp-content\/uploads\/2023\/03\/de-fracaso-a-manos-de-lechuga-las-repercusiones-de-brasil-por-la-derrota-de-flamengo-11.jpg\" width=\"720\" height=\"0\" decoding=\"async\" data-nimg=\"future\" loading=\"lazy\"><span>El recuerdo de los hinchas del Rojo<\/span><\/div>\n<div class=\"sc-489cef11-0 jHGTKj\" readability=\"6\">\n<section readability=\"2\"><picture><img class=\"img\" src=\"http:\/\/hoycordobaweb.com\/wp-content\/uploads\/2023\/03\/de-fracaso-a-manos-de-lechuga-las-repercusiones-de-brasil-por-la-derrota-de-flamengo-12.jpg\" alt=\"San Miguel volvi\u00f3 a ganar y mira a todos desde arriba\" height=\"290\" width=\"290\" loading=\"lazy\"><\/picture>\n<p><span>Mir\u00e1 tambi\u00e9n<\/span><\/p>\n<hr>\n<h3>San Miguel volvi\u00f3 a ganar y mira a todos desde arriba<\/h3>\n<\/p>\n<\/section>\n<\/div>\n<div class=\"sc-996041c8-0 kvfKM\"><img alt=\"Los memes en la definici\u00f3n por penales\" src=\"http:\/\/hoycordobaweb.com\/wp-content\/uploads\/2023\/03\/de-fracaso-a-manos-de-lechuga-las-repercusiones-de-brasil-por-la-derrota-de-flamengo-13.jpg\" width=\"720\" height=\"0\" decoding=\"async\" data-nimg=\"future\" loading=\"lazy\"><span>Los memes en la definici\u00f3n por penales<\/span><\/div>\n<div class=\"sc-489cef11-0 jHGTKj\" readability=\"6\">\n<section readability=\"2\"><picture><img class=\"img\" src=\"http:\/\/hoycordobaweb.com\/wp-content\/uploads\/2023\/03\/de-fracaso-a-manos-de-lechuga-las-repercusiones-de-brasil-por-la-derrota-de-flamengo-14.jpg\" alt=\"Resultados y clasificados a la tercera fase de la Libertadores\" height=\"290\" width=\"290\" loading=\"lazy\"><\/picture>\n<p><span>Mir\u00e1 tambi\u00e9n<\/span><\/p>\n<hr>\n<h3>Resultados y clasificados a la tercera fase de la Libertadores<\/h3>\n<\/p>\n<\/section>\n<\/div>\n<div class=\"sc-996041c8-0 kvfKM\"><img alt=\"Los memes de la derrota de Flamengo\" src=\"http:\/\/hoycordobaweb.com\/wp-content\/uploads\/2023\/03\/de-fracaso-a-manos-de-lechuga-las-repercusiones-de-brasil-por-la-derrota-de-flamengo-15.jpg\" width=\"720\" height=\"0\" decoding=\"async\" data-nimg=\"future\" loading=\"lazy\"><span>Los memes de la derrota de Flamengo<\/span><\/div>\n<div class=\"sc-489cef11-0 jHGTKj\" readability=\"6\">\n<section readability=\"2\"><picture><img class=\"img\" src=\"http:\/\/hoycordobaweb.com\/wp-content\/uploads\/2023\/03\/de-fracaso-a-manos-de-lechuga-las-repercusiones-de-brasil-por-la-derrota-de-flamengo-16.jpg\" alt=\"El EcuaBrighton clasific\u00f3 a los cuartos de final de la FA Cup\" height=\"290\" width=\"290\" loading=\"lazy\"><\/picture>\n<p><span>Mir\u00e1 tambi\u00e9n<\/span><\/p>\n<hr>\n<h3>El EcuaBrighton clasific\u00f3 a los cuartos de final de la FA Cup<\/h3>\n<\/p>\n<\/section>\n<\/div>\n<div class=\"sc-489cef11-0 jHGTKj\" readability=\"6\">\n<section readability=\"2\"><picture><img class=\"img\" src=\"http:\/\/hoycordobaweb.com\/wp-content\/uploads\/2023\/03\/de-fracaso-a-manos-de-lechuga-las-repercusiones-de-brasil-por-la-derrota-de-flamengo-10.jpg\" alt=\"Mateo Carabajal: &quot;Dar la vuelta ac\u00e1 con m\u00e1s de 70 mil personas es algo hist\u00f3rico&quot;\" height=\"290\" width=\"290\" loading=\"lazy\"><\/picture>\n<p><span>Mir\u00e1 tambi\u00e9n<\/span><\/p>\n<hr>\n<h3>Mateo Carabajal: \u00abDar la vuelta ac\u00e1 con m\u00e1s de 70 mil personas es algo hist\u00f3rico\u00bb<\/h3>\n<\/p>\n<\/section>\n<\/div>\n","protected":false},"excerpt":{"rendered":"<p>Este martes Independiente del Valle se volvi\u00f3 a consagrar campe\u00f3n, obteniendo cuatro t\u00edtulos en cinco meses, tras vencer a Flamengo en el Maracan\u00e1. La final de la Recopa Sudamericana se termin\u00f3 definiendo por penales y el Mengao se qued\u00f3 nuevamente con las manos vac\u00edas. Entre los memes que surgieron, tambi\u00e9n hubo cuestionamientos al plantel brasile\u00f1o&#8230; [&hellip;]<\/p>\n","protected":false},"author":1,"featured_media":56182,"comment_status":"open","ping_status":"closed","sticky":false,"template":"","format":"standard","meta":[],"categories":[16],"tags":[],"_links":{"self":[{"href":"http:\/\/hoycordobaweb.com\/index.php\/wp-json\/wp\/v2\/posts\/56181"}],"collection":[{"href":"http:\/\/hoycordobaweb.com\/index.php\/wp-json\/wp\/v2\/posts"}],"about":[{"href":"http:\/\/hoycordobaweb.com\/index.php\/wp-json\/wp\/v2\/types\/post"}],"author":[{"embeddable":true,"href":"http:\/\/hoycordobaweb.com\/index.php\/wp-json\/wp\/v2\/users\/1"}],"replies":[{"embeddable":true,"href":"http:\/\/hoycordobaweb.com\/index.php\/wp-json\/wp\/v2\/comments?post=56181"}],"version-history":[{"count":0,"href":"http:\/\/hoycordobaweb.com\/index.php\/wp-json\/wp\/v2\/posts\/56181\/revisions"}],"wp:featuredmedia":[{"embeddable":true,"href":"http:\/\/hoycordobaweb.com\/index.php\/wp-json\/wp\/v2\/media\/56182"}],"wp:attachment":[{"href":"http:\/\/hoycordobaweb.com\/index.php\/wp-json\/wp\/v2\/media?parent=56181"}],"wp:term":[{"taxonomy":"category","embeddable":true,"href":"http:\/\/hoycordobaweb.com\/index.php\/wp-json\/wp\/v2\/categories?post=56181"},{"taxonomy":"post_tag","embeddable":true,"href":"http:\/\/hoycordobaweb.com\/index.php\/wp-json\/wp\/v2\/tags?post=56181"}],"curies":[{"name":"wp","href":"https:\/\/api.w.org\/{rel}","templated":true}]}}