{"id":56177,"date":"2023-03-01T13:40:15","date_gmt":"2023-03-01T13:40:15","guid":{"rendered":"https:\/\/ladecimaweb.com\/?p=16102"},"modified":"2023-03-01T13:40:15","modified_gmt":"2023-03-01T13:40:15","slug":"cronograma-de-pagos-de-anses-para-marzo-de-2023","status":"publish","type":"post","link":"http:\/\/hoycordobaweb.com\/index.php\/2023\/03\/01\/cronograma-de-pagos-de-anses-para-marzo-de-2023\/","title":{"rendered":"Cronograma de pagos de Anses para marzo de 2023"},"content":{"rendered":"<div class=\"boldgrid-section\">\n<div class=\"container\">\n<div class=\"row\">\n<div class=\"col-md-12 col-xs-12 col-sm-12\">\n<p class=\"\">La Administraci\u00f3n Nacional de la Seguridad Social<span>&nbsp;<\/span><a href=\"https:\/\/www.iprofesional.com\/impuestos\/377377-asignacion-universal-por-hijo-cual-es-el-nuevo-monto\" target=\"_blank\" rel=\"noopener noreferrer\"><strong>(ANSES)<\/strong><span>&nbsp;<\/span>informa todos los meses el<span>&nbsp;<\/span><strong>calendario de cobro<\/strong><span>&nbsp;<\/span>para todas sus<span>&nbsp;<\/span><strong>prestaciones<\/strong>, incluyendo jubilaciones, pensiones, pensiones no contributivas,<span>&nbsp;<\/span><strong>Asignaci\u00f3n Universal por Hijo<\/strong><\/a><strong><span>&nbsp;<\/span>(AUH)<span>&nbsp;<\/span><\/strong>y por Embarazo, Prestaci\u00f3n por Desempleo y Asignaciones Familiares y de Pago \u00danico, como las correspondientes a matrimonio, nacimiento y adopci\u00f3n.<\/p>\n<p>De esta manera, el beneficiario puede saber<span>&nbsp;<\/span><strong>d\u00f3nde y cu\u00e1ndo cobra la prestaci\u00f3n de ANSES<\/strong>.<\/p>\n<p>Los calendarios de pago de todas las prestaciones del organismo previsional -inclu\u00eddas jubilaciones y pensiones- pueden consultarse a trav\u00e9s de la p\u00e1gina web del organismo, en sus<span>&nbsp;<\/span><span>cuentas de Facebook y Twitter o telef\u00f3nicamente llamando al 130.<\/span><\/p>\n<p>Las<strong><span>&nbsp;<\/span>fechas de cobro de marzo 2023<\/strong><span>&nbsp;<\/span><a href=\"https:\/\/www.iprofesional.com\/economia\/377737-anses-oficializan-aumento-de-marzo-y-calendario-de-pagos\" target=\"_blank\" rel=\"noopener noreferrer\">se determinan a partir del \u00faltimo n\u00famero del DNI del beneficiario<\/a>.<\/p>\n<p><strong>\u00bfCu\u00e1ndo cobro AUH marzo 2023?<\/strong><\/p>\n<p class=\"\">Las titulares de la AUH ANSES recibir\u00e1n en marzo 2023, el pago de la prestaci\u00f3n y la recarga de saldo de la Tarjeta Alimentar, en las siguientes fechas:<\/p>\n<ul class=\"\">\n<li>DNI terminados en 0: mi\u00e9rcoles 8 de marzo<\/li>\n<li>DNI terminados en 1: jueves 9 de marzo<\/li>\n<li>DNI terminados en 2: viernes 10 de marzo<\/li>\n<li>DNI terminados en 3: lunes 13 de marzo<\/li>\n<li>DNI terminados en 4: martes 14 de marzo<\/li>\n<li>DNI terminados en 5: mi\u00e9rcoles 15 de marzo<\/li>\n<li>DNI terminados en 6: mi\u00e9rcoles 15 de marzo<\/li>\n<li><span>DNI terminados en 7: jueves 16 de marzo<\/span><\/li>\n<li><span>DNI terminados en 8: jueves 16 de marzo<\/span><\/li>\n<li><span>DNI terminados en 9: viernes 17 de marzo<\/span><\/li>\n<\/ul>\n<p><strong>\u00bfCu\u00e1ndo cobro SUAF marzo 2023?<\/strong><\/p>\n<p>&nbsp;<\/p>\n<p>Los empleados en relaci\u00f3n de dependencia<span>&nbsp;<\/span><a href=\"https:\/\/www.iprofesional.com\/impuestos\/377377-asignacion-universal-por-hijo-cual-es-el-nuevo-monto\" target=\"_blank\" rel=\"noopener noreferrer\">cobran la asignaci\u00f3n familiar por hijo de marzo de 2023<\/a><span>&nbsp;<\/span>seg\u00fan el siguiente cronograma:<\/p>\n<ul class=\"\">\n<li>DNI terminados en 0: mi\u00e9rcoles 8 de marzo<\/li>\n<li>DNI terminados en 1: jueves 9 de marzo<\/li>\n<li>DNI terminados en 2: viernes 10 de marzo<\/li>\n<li>DNI terminados en 3: lunes 13 de marzo<\/li>\n<li>DNI terminados en 4: martes 14 de marzo<\/li>\n<li>DNI terminados en 5: mi\u00e9rcoles 15 de marzo<\/li>\n<li>DNI terminados en 6: mi\u00e9rcoles 15 de marzo<\/li>\n<li>DNI terminados en 7: jueves 16 de marzo<\/li>\n<li><strong>DNI terminados en 8: jueves 16 de marzo<\/strong><\/li>\n<li><strong>DNI terminados en 9: viernes 17 de marzo<\/strong><\/li>\n<\/ul>\n<p>&nbsp;<\/p>\n<p>En tanto, la ANSES diagram\u00f3 el pago de la asignaci\u00f3n prenatal y por maternidad SUAF, seg\u00fan el siguiente cronograma:<\/p>\n<p><strong>\u00bfCu\u00e1nto cobro SUAF marzo 2023?<\/strong><\/p>\n<p class=\"\">Para saber lo que cobro de SUAF,<span>&nbsp;<\/span><a href=\"https:\/\/www.iprofesional.com\/economia\/372429-confirman-suba-de-auh-de-anses-que-pasa-con-tarjeta-alimentar\" target=\"_blank\" rel=\"noopener noreferrer\">la ANSES &#8211; a trav\u00e9s de su p\u00e1gina web- dispuso una consulta online que se denomina &#8220;Consulta de Mis Asignaciones&#8221;<\/a><\/p>\n<p><strong>\u00bfQu\u00e9 se puede consultar?<\/strong><\/p>\n<p>Cobros y descuentos de:<\/p>\n<ul>\n<li>Asignaci\u00f3n Familiar o Universal por Hija\/o;<\/li>\n<li>Asignaci\u00f3n Familiar o Universal por Hija\/o con discapacidad<\/li>\n<li>Ayuda Escolar Anual<\/li>\n<li>Complemento anual de la AUH (20% acumulado)<\/li>\n<li>Complemento Leche del Plan 1000 d\u00edas<\/li>\n<li>Cr\u00e9ditos ANSES<\/li>\n<\/ul>\n<p class=\"\">Para hacerlo se debe ingresar en mi ANSES.<span>&nbsp;Record\u00e1 que para poder ingresar deb\u00e9s contar con la Clave de la Seguridad Social.<\/span><\/p>\n<p class=\"\">Luego, desde el men\u00fa seleccion\u00e1 la opci\u00f3n mi ANSES &gt; Hijas e Hijos &gt; Mis Asignaciones y<span>&nbsp;<\/span><strong>seleccion\u00e1 el per\u00edodo que quer\u00e9s consultar.<\/strong><\/p>\n<p>El sistema te informar\u00e1 cu\u00e1les asignaciones cobraste en ese mes por cada hija e hijo y, si corresponde, qu\u00e9 descuentos se te realizaron sobre los montos depositados.<\/p>\n<p><span>Tambi\u00e9n pod\u00e9s hacerlo en tu celular con la APP mi ANSES.<\/span><\/p>\n<p>Vale tener presente que desde este mes rige el \u00faltimo aumento. Los haberes para el conjunto de Asignaciones Familiares englobadas en el SUAF quedan de la siguiente manera:<\/p>\n<ul class=\"\">\n<li><strong>Asignaci\u00f3n Universal por Hijo\/a: $11.460<\/strong><\/li>\n<li><strong>Asignaci\u00f3n Universal por Embarazo: $11.460<\/strong><\/li>\n<li>Asignaci\u00f3n Universal por Hijo\/a con discapacidad: $37.323<\/li>\n<li>Asignaci\u00f3n por Nacimiento: $13.359<\/li>\n<li>Asignaci\u00f3n por Adopci\u00f3n: $79.891<\/li>\n<li>Asignaci\u00f3n por Matrimonio: $20.004<\/li>\n<\/ul>\n<p class=\"\">\n<div class=\"ubm_banner\"><a href=\"https:\/\/www.cba.gov.ar\" target=\"_blank\" rel=\"dofollow noopener noreferrer\"><img src=\"http:\/\/hoycordobaweb.com\/wp-content\/uploads\/2023\/03\/cronograma-de-pagos-de-anses-para-marzo-de-2023.gif\" alt=\"\"><\/a><\/div>\n<\/div>\n<\/div>\n<\/div>\n<\/div>\n<p>La entrada <a rel=\"nofollow\" href=\"https:\/\/ladecimaweb.com\/cronograma-de-pagos-de-anses-para-marzo-de-2023\/\">Cronograma de pagos de Anses para marzo de 2023<\/a> se public\u00f3 primero en <a rel=\"nofollow\" href=\"https:\/\/ladecimaweb.com\">LaDecima<\/a>.<\/p>\n","protected":false},"excerpt":{"rendered":"<p>La Administraci\u00f3n Nacional de la Seguridad Social&nbsp;(ANSES)&nbsp;informa todos los meses el&nbsp;calendario de cobro&nbsp;para todas sus&nbsp;prestaciones, incluyendo jubilaciones, pensiones, pensiones no contributivas,&nbsp;Asignaci\u00f3n Universal por Hijo&nbsp;(AUH)&nbsp;y por Embarazo, Prestaci\u00f3n por Desempleo y Asignaciones Familiares y de Pago \u00danico, como las correspondientes a matrimonio, nacimiento y adopci\u00f3n. De esta manera, el beneficiario puede saber&nbsp;d\u00f3nde y cu\u00e1ndo cobra la [&hellip;]<\/p>\n","protected":false},"author":1,"featured_media":56178,"comment_status":"closed","ping_status":"closed","sticky":false,"template":"","format":"standard","meta":[],"categories":[19],"tags":[],"_links":{"self":[{"href":"http:\/\/hoycordobaweb.com\/index.php\/wp-json\/wp\/v2\/posts\/56177"}],"collection":[{"href":"http:\/\/hoycordobaweb.com\/index.php\/wp-json\/wp\/v2\/posts"}],"about":[{"href":"http:\/\/hoycordobaweb.com\/index.php\/wp-json\/wp\/v2\/types\/post"}],"author":[{"embeddable":true,"href":"http:\/\/hoycordobaweb.com\/index.php\/wp-json\/wp\/v2\/users\/1"}],"replies":[{"embeddable":true,"href":"http:\/\/hoycordobaweb.com\/index.php\/wp-json\/wp\/v2\/comments?post=56177"}],"version-history":[{"count":0,"href":"http:\/\/hoycordobaweb.com\/index.php\/wp-json\/wp\/v2\/posts\/56177\/revisions"}],"wp:featuredmedia":[{"embeddable":true,"href":"http:\/\/hoycordobaweb.com\/index.php\/wp-json\/wp\/v2\/media\/56178"}],"wp:attachment":[{"href":"http:\/\/hoycordobaweb.com\/index.php\/wp-json\/wp\/v2\/media?parent=56177"}],"wp:term":[{"taxonomy":"category","embeddable":true,"href":"http:\/\/hoycordobaweb.com\/index.php\/wp-json\/wp\/v2\/categories?post=56177"},{"taxonomy":"post_tag","embeddable":true,"href":"http:\/\/hoycordobaweb.com\/index.php\/wp-json\/wp\/v2\/tags?post=56177"}],"curies":[{"name":"wp","href":"https:\/\/api.w.org\/{rel}","templated":true}]}}