{"id":56154,"date":"2023-02-28T17:19:00","date_gmt":"2023-02-28T17:19:00","guid":{"rendered":"http:\/\/hoycordobaweb.com\/index.php\/2023\/02\/28\/fernandez-no-importa-quien-presidira-el-pais-en-diciembre-si-que-sea-de-los-nuestros\/"},"modified":"2023-02-28T17:19:00","modified_gmt":"2023-02-28T17:19:00","slug":"fernandez-no-importa-quien-presidira-el-pais-en-diciembre-si-que-sea-de-los-nuestros","status":"publish","type":"post","link":"http:\/\/hoycordobaweb.com\/index.php\/2023\/02\/28\/fernandez-no-importa-quien-presidira-el-pais-en-diciembre-si-que-sea-de-los-nuestros\/","title":{"rendered":"Fern\u00e1ndez: \u00abNo importa qui\u00e9n presidir\u00e1 el pa\u00eds en diciembre, s\u00ed que sea de los nuestros\u00bb"},"content":{"rendered":"<p><img src=\"http:\/\/hoycordobaweb.com\/wp-content\/uploads\/2023\/02\/fernandez-no-importa-quien-presidira-el-pais-en-diciembre-si-que-sea-de-los-nuestros.jpg\"><\/p>\n<figure class=\"mb-3\"><img loading=\"lazy\" data-src=\"http:\/\/hoycordobaweb.com\/wp-content\/uploads\/2023\/02\/fernandez-no-importa-quien-presidira-el-pais-en-diciembre-si-que-sea-de-los-nuestros-2.jpg\" src=\"https:\/\/www.telam.com.ar\/assets\/img\/not_image.png\" class=\" lazy \" width=\"100%\" height=\"100%\" alt=\"El acto se realiza en la localidad de Morn provincia de Buenos Aires\"><figcaption> El acto se realiza en la localidad de Mor\u00f3n, provincia de Buenos Aires <\/figcaption><\/figure>\n<p>El presidente<strong> Alberto Fern\u00e1ndez <\/strong>dijo este martes que \u00abno importa qui\u00e9n va presidir el pa\u00eds\u00bb a partir del 10 de diciembre pr\u00f3ximo, tras las elecciones presidenciales, sino que \u00absea uno de los nuestros\u00bb, en referencia a los integrantes de la coalici\u00f3n gobernante Frente de Todos (FdT), y<strong> record\u00f3 que cuando fueron electos Fernando de La R\u00faa y Mauricio Macri \u201cel pa\u00eds se desmoron\u00f3\u201d.<\/strong><\/p>\n<p>El jefe de Estado encabez\u00f3 este mediod\u00eda el acto con el que se certific\u00f3 la cobertura total de cloacas en el partido bonaerense de Mor\u00f3n, desde d\u00f3nde reivindic\u00f3 la gesti\u00f3n realizada por su Gobierno a pesar del \u201ccontexto\u201d de los \u00faltimos tres a\u00f1os, d\u00f3nde se conjug\u00f3 la herencia de inflaci\u00f3n y endeudamiento, la pandemia y la guerra europea.<\/p>\n<p><strong>\u201cLlevamos tres a\u00f1os muy dif\u00edciles. Lo que Macri nos dej\u00f3, que no hay que olvidarlo, porque nos dej\u00f3 54 puntos de inflaci\u00f3n, un endeudamiento como nunca, obligaciones imposibles de cumplir. <\/strong>Al d\u00eda 99 vino una pandemia que se llev\u00f3 10 millones de vidas. Cuando estaba por superarse, se desat\u00f3 una guerra. Planteo este escenario para que sepamos c\u00f3mo podemos hacer obras como \u00e9sta en semejante contexto. La respuesta es simple, hay decisi\u00f3n pol\u00edtica\u201d, se\u00f1al\u00f3.<\/p>\n<p>Acompa\u00f1ado por<strong> el ministro de Obras P\u00fablicas, Gabriel Katopodis<\/strong>; <a href=\"https:\/\/www.telam.com.ar\/notas\/202302\/621204-kicillof-macri-cloacas-moron-rousselot-katopodis-galmarini.html\" target=\"_blank\" rel=\"noopener noreferrer\">el gobernador bonaerense, <strong>Axel Kicillof<\/strong><\/a>; el intendente local, <strong>Lucas Gh<\/strong>i; la titular de AySa, <strong>Malena Galmarini<\/strong>, y el ministro de Econom\u00eda, <strong>Sergio Massa<\/strong> en primera fila, Fern\u00e1ndez inaugur\u00f3 una obra de saneamiento que, adem\u00e1s de su impacto en el distrito, tiene una alto contenido simb\u00f3lico que todos los presentes se encargaron de destacar.<\/p>\n<p><strong>A fines de la d\u00e9cada de 1980, el por entonces intendente Juan Carlos Rouselot suscribi\u00f3 un acuerdo con una empresa de la familia Macri para la construcci\u00f3n de las cloacas del distrito, un hecho que fue denunciado como un acto de corrupci\u00f3n <\/strong>y que le vali\u00f3 la carrera pol\u00edtica a ese jefe comunal.<\/p>\n<p>\u201cEs imposible no recordar hoy esa foto (en la que se ve a un joven Mauricio Macri firmando el contrato junto a Russelot). Se llev\u00f3 puesto a un intendente pero dej\u00f3 libre al corruptor. El corrupto termin\u00f3 enjuiciado y el corruptor sigui\u00f3 su vida, hizo maniobras de contrabando con la venta de autos y luego se volvi\u00f3 presidente de Argentina donde tambi\u00e9n hizo sus maniobras\u201d, dijo el Presidente en referencia a los contratos de participaci\u00f3n p\u00fablico-privada que impuls\u00f3 Cambiemos.<\/p>\n<p>Fern\u00e1ndez, como ya lo hizo otras ocasiones, dijo que \u201cno todo es lo mismo en pol\u00edtica\u201d y se\u00f1al\u00f3 que su administraci\u00f3n<strong> \u201cpudo demostrar que se pueden hacer obras p\u00fablicas sin beneficiar amigos y pensando en la gente\u201d.<\/strong><\/p>\n<p>En ese mismo sentido, critic\u00f3 la decisi\u00f3n del Gobierno de Macri de realizar el Paseo del Bajo en Puerto Madero para beneficiar a un \u201cprimo\u201d -en lo que pareci\u00f3 <strong>una alusi\u00f3n al empresario Angelo Calcaterra, familiar del expresidente-<\/strong> y haber relegado obras vitales en las provincias.<\/p>\n<p>En cambio, se\u00f1al\u00f3 que durante su gesti\u00f3n \u201cAySa increment\u00f3 un 1500% su presupuesto y el Enohsa (Ente Nacional de Obras H\u00eddricas de Saneamiento) aument\u00f3 en 1300% ya que interensan todos los argentinos por igual\u201d.<\/p>\n<p><strong>\u201cEn estos tres a\u00f1os hicimos m\u00e1s que lo que se hizo en 17 a\u00f1os de AySA\u201d, a\u00f1adi\u00f3.<\/strong><\/p>\n<p>Fue sobre el final que pidi\u00f3 a los argentinos que \u00abno desv\u00eden la senda\u00bb, y agreg\u00f3: <strong>\u201cVotaron a De La R\u00faa y el pa\u00eds se desmoron\u00f3 y votaron a Macri y el pa\u00eds se desmoron\u00f3\u201d.<\/strong><\/p>\n<p>\u201cNo importa qui\u00e9n va a presidir a partir del 10 de diciembre, s\u00ed importa que sea uno de los nuestros para que no se altere el movimiento y el sentido que le hemos dado a la Argentina\u201d, concluy\u00f3 el mandatario su mensaje.<\/p>\n","protected":false},"excerpt":{"rendered":"<p>El acto se realiza en la localidad de Mor\u00f3n, provincia de Buenos Aires El presidente Alberto Fern\u00e1ndez dijo este martes que \u00abno importa qui\u00e9n va presidir el pa\u00eds\u00bb a partir del 10 de diciembre pr\u00f3ximo, tras las elecciones presidenciales, sino que \u00absea uno de los nuestros\u00bb, en referencia a los integrantes de la coalici\u00f3n gobernante [&hellip;]<\/p>\n","protected":false},"author":1,"featured_media":56155,"comment_status":"open","ping_status":"closed","sticky":false,"template":"","format":"standard","meta":[],"categories":[19],"tags":[],"_links":{"self":[{"href":"http:\/\/hoycordobaweb.com\/index.php\/wp-json\/wp\/v2\/posts\/56154"}],"collection":[{"href":"http:\/\/hoycordobaweb.com\/index.php\/wp-json\/wp\/v2\/posts"}],"about":[{"href":"http:\/\/hoycordobaweb.com\/index.php\/wp-json\/wp\/v2\/types\/post"}],"author":[{"embeddable":true,"href":"http:\/\/hoycordobaweb.com\/index.php\/wp-json\/wp\/v2\/users\/1"}],"replies":[{"embeddable":true,"href":"http:\/\/hoycordobaweb.com\/index.php\/wp-json\/wp\/v2\/comments?post=56154"}],"version-history":[{"count":0,"href":"http:\/\/hoycordobaweb.com\/index.php\/wp-json\/wp\/v2\/posts\/56154\/revisions"}],"wp:featuredmedia":[{"embeddable":true,"href":"http:\/\/hoycordobaweb.com\/index.php\/wp-json\/wp\/v2\/media\/56155"}],"wp:attachment":[{"href":"http:\/\/hoycordobaweb.com\/index.php\/wp-json\/wp\/v2\/media?parent=56154"}],"wp:term":[{"taxonomy":"category","embeddable":true,"href":"http:\/\/hoycordobaweb.com\/index.php\/wp-json\/wp\/v2\/categories?post=56154"},{"taxonomy":"post_tag","embeddable":true,"href":"http:\/\/hoycordobaweb.com\/index.php\/wp-json\/wp\/v2\/tags?post=56154"}],"curies":[{"name":"wp","href":"https:\/\/api.w.org\/{rel}","templated":true}]}}