{"id":56136,"date":"2023-02-28T14:55:23","date_gmt":"2023-02-28T14:55:23","guid":{"rendered":"https:\/\/www.ole.com.ar\/futbol-internacional\/robinho-condena-extradicion-datos-ubicacion-brasil_0_nP4Vdqfzj7.html"},"modified":"2023-02-28T14:55:23","modified_gmt":"2023-02-28T14:55:23","slug":"caso-robinho-piden-que-cumpla-la-condena-en-brasil-y-brindan-datos-de-su-ubicacion","status":"publish","type":"post","link":"http:\/\/hoycordobaweb.com\/index.php\/2023\/02\/28\/caso-robinho-piden-que-cumpla-la-condena-en-brasil-y-brindan-datos-de-su-ubicacion\/","title":{"rendered":"Caso Robinho: piden que cumpla la condena en Brasil y brindan datos de su ubicaci\u00f3n"},"content":{"rendered":"<p><img src=\"http:\/\/hoycordobaweb.com\/wp-content\/uploads\/2023\/02\/caso-robinho-piden-que-cumpla-la-condena-en-brasil-y-brindan-datos-de-su-ubicacion.jpg\"><\/p>\n<div class=\"custom-text \" readability=\"36\">\n<p>El caso Robinho tiene una nueva actualizaci\u00f3n y la Fiscal\u00eda busca que el ex jugador del Santos cumpla su condena en Brasil. Es por eso, que la Justicia italiana entreg\u00f3 un informe a la Corte <strong>manifestando que \u201cno hay nada que impida\u201d la detenci\u00f3n del futbolista en su pa\u00eds natal y agreg\u00f3 cuatro direcciones donde se lo podr\u00eda encontrar.<\/strong><\/p>\n<\/div>\n<div class=\"sc-489cef11-0 jHGTKj\" readability=\"6\">\n<section readability=\"2\"><picture><img class=\"img\" src=\"http:\/\/hoycordobaweb.com\/wp-content\/uploads\/2023\/02\/caso-robinho-piden-que-cumpla-la-condena-en-brasil-y-brindan-datos-de-su-ubicacion-2.jpg\" alt=\"Caso Robinho: iniciaron el proceso para que quede preso en Brasil\" height=\"290\" width=\"290\" loading=\"lazy\"><\/picture>\n<p><span>Mir\u00e1 tambi\u00e9n<\/span><\/p>\n<hr>\n<h3>Caso Robinho: iniciaron el proceso para que quede preso en Brasil<\/h3>\n<\/p>\n<\/section>\n<\/div>\n<div class=\"custom-text \" readability=\"39\">\n<p>El ex integrante de la selecci\u00f3n brasile\u00f1a<strong> fue condenado a nueve a\u00f1os de prisi\u00f3n tras ser declarado culpable de participar,<\/strong> junto a un grupo de amigos, en la violaci\u00f3n sufrida por una joven albanesa en una discoteca italiana, en 2013. Sin embargo, el cumplimiento de la condena a\u00fan no se ha hecho efectivo debido a diversos motivos.<\/p>\n<\/div>\n<div class=\"sc-489cef11-0 jHGTKj\" readability=\"6\">\n<section readability=\"2\"><picture><img class=\"img\" src=\"http:\/\/hoycordobaweb.com\/wp-content\/uploads\/2023\/02\/caso-robinho-piden-que-cumpla-la-condena-en-brasil-y-brindan-datos-de-su-ubicacion-3.jpg\" alt=\"Un rev\u00e9s para Dani Alves: seguir\u00e1 preso \" height=\"290\" width=\"290\" loading=\"lazy\"><\/picture>\n<p><span>Mir\u00e1 tambi\u00e9n<\/span><\/p>\n<hr>\n<h3>Un rev\u00e9s para Dani Alves: seguir\u00e1 preso<br \/>\n<\/h3>\n<\/p>\n<\/section>\n<\/div>\n<div class=\"custom-text \" readability=\"39\">\n<p>Si bien Brasil no permite la extradici\u00f3n de sus ciudadanos, en Italia piden que cumpla la pena en su pa\u00eds. Teniendo en cuenta los requisitos que expone la normativa, que su sentencia es firme, la pena es superior a un a\u00f1o y el hecho delictivo est\u00e1 penado en ambos pa\u00edses, se busca hacer inmediata la detenci\u00f3n. <\/p>\n<\/div>\n<div class=\"sc-489cef11-0 jHGTKj\" readability=\"6\">\n<section readability=\"2\"><picture><img class=\"img\" src=\"http:\/\/hoycordobaweb.com\/wp-content\/uploads\/2023\/02\/caso-robinho-piden-que-cumpla-la-condena-en-brasil-y-brindan-datos-de-su-ubicacion-4.jpg\" alt=\"Qu\u00e9 dice el comunicado de la defensa de Dani Alves luego de negarle su libertad\" height=\"290\" width=\"290\" loading=\"lazy\"><\/picture>\n<p><span>Mir\u00e1 tambi\u00e9n<\/span><\/p>\n<hr>\n<h3>Qu\u00e9 dice el comunicado de la defensa de Dani Alves luego de negarle su libertad<\/h3>\n<\/p>\n<\/section>\n<\/div>\n<div class=\"custom-text \" readability=\"41\">\n<p>Maria Thereza de Assis Moura, presidenta del Tribunal Superior de Justicia brasile\u00f1o (STJ), confirm\u00f3 que la solicitud de cumplimiento de pena presentada por tribunales italianos est\u00e1, en principio, de acuerdo con los tratados que existen entre ambos pa\u00edses.<strong> \u201cRobinho tuvo un juicio justo en Italia y fue defendido regularmente, y su condena se ajusta al marco estricto del derecho\u201d<\/strong>, declar\u00f3. <\/p>\n<\/div>\n<div class=\"sc-489cef11-0 jHGTKj\" readability=\"6\">\n<section readability=\"2\"><picture><img class=\"img\" src=\"http:\/\/hoycordobaweb.com\/wp-content\/uploads\/2023\/02\/caso-robinho-piden-que-cumpla-la-condena-en-brasil-y-brindan-datos-de-su-ubicacion-2.jpg\" alt=\"Robinho en problemas: pidieron que vaya preso en Brasil...\" height=\"290\" width=\"290\" loading=\"lazy\"><\/picture>\n<p><span>Mir\u00e1 tambi\u00e9n<\/span><\/p>\n<hr>\n<h3>Robinho en problemas: pidieron que vaya preso en Brasil&#8230;<\/h3>\n<\/p>\n<\/section>\n<\/div>\n<div class=\"custom-text \" readability=\"40\">\n<p>Es por eso que ahora, distintos medios brasile\u00f1os informaron que se fueron proporcionadas<strong> cuatro ubicaciones donde podr\u00eda encontrarse el ex Real Madrid y habr\u00e1 que ver si la Justicia procede a la excarcelaci\u00f3n.<\/strong> De cualquier modo, la defensa todav\u00eda tiene la oportunidad de pedir que esto no ocurra y ante la apelaci\u00f3n, la presidenta del Tribunal Superior de Justicia, Maria Thereza de Assis Moura, tendr\u00e1 que definir c\u00f3mo proceder.<\/p>\n<\/div>\n<div class=\"sc-489cef11-0 jHGTKj\" readability=\"6\">\n<section readability=\"2\"><picture><img class=\"img\" src=\"http:\/\/hoycordobaweb.com\/wp-content\/uploads\/2023\/02\/caso-robinho-piden-que-cumpla-la-condena-en-brasil-y-brindan-datos-de-su-ubicacion-5.jpg\" alt=\"Italia pidi\u00f3 que Robinho vaya preso en Brasil\" height=\"290\" width=\"290\" loading=\"lazy\"><\/picture>\n<p><span>Mir\u00e1 tambi\u00e9n<\/span><\/p>\n<hr>\n<h3>Italia pidi\u00f3 que Robinho vaya preso en Brasil<\/h3>\n<\/p>\n<\/section>\n<\/div>\n","protected":false},"excerpt":{"rendered":"<p>El caso Robinho tiene una nueva actualizaci\u00f3n y la Fiscal\u00eda busca que el ex jugador del Santos cumpla su condena en Brasil. Es por eso, que la Justicia italiana entreg\u00f3 un informe a la Corte manifestando que \u201cno hay nada que impida\u201d la detenci\u00f3n del futbolista en su pa\u00eds natal y agreg\u00f3 cuatro direcciones donde [&hellip;]<\/p>\n","protected":false},"author":1,"featured_media":56137,"comment_status":"open","ping_status":"closed","sticky":false,"template":"","format":"standard","meta":[],"categories":[16],"tags":[],"_links":{"self":[{"href":"http:\/\/hoycordobaweb.com\/index.php\/wp-json\/wp\/v2\/posts\/56136"}],"collection":[{"href":"http:\/\/hoycordobaweb.com\/index.php\/wp-json\/wp\/v2\/posts"}],"about":[{"href":"http:\/\/hoycordobaweb.com\/index.php\/wp-json\/wp\/v2\/types\/post"}],"author":[{"embeddable":true,"href":"http:\/\/hoycordobaweb.com\/index.php\/wp-json\/wp\/v2\/users\/1"}],"replies":[{"embeddable":true,"href":"http:\/\/hoycordobaweb.com\/index.php\/wp-json\/wp\/v2\/comments?post=56136"}],"version-history":[{"count":0,"href":"http:\/\/hoycordobaweb.com\/index.php\/wp-json\/wp\/v2\/posts\/56136\/revisions"}],"wp:featuredmedia":[{"embeddable":true,"href":"http:\/\/hoycordobaweb.com\/index.php\/wp-json\/wp\/v2\/media\/56137"}],"wp:attachment":[{"href":"http:\/\/hoycordobaweb.com\/index.php\/wp-json\/wp\/v2\/media?parent=56136"}],"wp:term":[{"taxonomy":"category","embeddable":true,"href":"http:\/\/hoycordobaweb.com\/index.php\/wp-json\/wp\/v2\/categories?post=56136"},{"taxonomy":"post_tag","embeddable":true,"href":"http:\/\/hoycordobaweb.com\/index.php\/wp-json\/wp\/v2\/tags?post=56136"}],"curies":[{"name":"wp","href":"https:\/\/api.w.org\/{rel}","templated":true}]}}