{"id":56100,"date":"2023-02-27T16:49:00","date_gmt":"2023-02-27T16:49:00","guid":{"rendered":"http:\/\/hoycordobaweb.com\/index.php\/2023\/02\/27\/un-paro-docente-con-movilizacion-afecto-el-inicio-de-clases-en-cordoba\/"},"modified":"2023-02-27T16:49:00","modified_gmt":"2023-02-27T16:49:00","slug":"un-paro-docente-con-movilizacion-afecto-el-inicio-de-clases-en-cordoba","status":"publish","type":"post","link":"http:\/\/hoycordobaweb.com\/index.php\/2023\/02\/27\/un-paro-docente-con-movilizacion-afecto-el-inicio-de-clases-en-cordoba\/","title":{"rendered":"Un paro docente con movilizaci\u00f3n afect\u00f3 el inicio de clases en C\u00f3rdoba"},"content":{"rendered":"<p><img src=\"http:\/\/hoycordobaweb.com\/wp-content\/uploads\/2023\/02\/un-paro-docente-con-movilizacion-afecto-el-inicio-de-clases-en-cordoba.jpg\"><\/p>\n<figure class=\"mb-3\"><img loading=\"lazy\" src=\"http:\/\/hoycordobaweb.com\/wp-content\/uploads\/2023\/02\/un-paro-docente-con-movilizacion-afecto-el-inicio-de-clases-en-cordoba-2.jpg\" width=\"100%\" height=\"100%\" alt=\"La UEPC atribuy la adhesin a la protesta al hartazgo por las dilaciones y la falta de respuestas a los reclamos por parte de la gestin provincial de Juan Schiaretti\"><figcaption> La UEPC atribuy\u00f3 la adhesi\u00f3n a la protesta al \u00abhartazgo por las dilaciones\u00bb y \u00abla falta de respuestas a los reclamos\u00bb por parte de la gesti\u00f3n provincial de Juan Schiaretti. <\/figcaption><\/figure>\n<p>Docentes de C\u00f3rdoba cumpl\u00edan este lunes una jornada de paro y movilizaci\u00f3n en reclamo de la apertura de las negociaciones salariales para activos y jubilados del sector, en el marco de un conflicto que afect\u00f3 el inicio de las clases en el distrito.<\/p>\n<p><strong>\u00abEl Gobierno de C\u00f3rdoba es el \u00fanico responsable de que en la mayor\u00eda de las escuelas hoy est\u00e9n sin clases\u00bb<\/strong>, asegur\u00f3 Zulma Miretti, secretaria gremial de la <strong>Uni\u00f3n de Educadores de la provincia de C\u00f3rdoba (Uepc)<\/strong>, al participar de la marcha que se realiz\u00f3 en el centro de la capital cordobesa.<\/p>\n<p>La gremialista sostuvo que la medida de fuerza ten\u00eda un <strong>\u00abalt\u00edsimo\u00bb nivel de acatamiento<\/strong> y que la movilizaci\u00f3n era \u00abmultitudinaria\u00bb.<\/p>\n<p>En este sentido, atribuy\u00f3 la adhesi\u00f3n a la protesta al \u00abhartazgo por las dilaciones\u00bb y \u00abla falta de respuestas a los reclamos\u00bb por parte de la gesti\u00f3n provincial de Juan Schiaretti.<\/p>\n<p>Miretti, de todas formas, reconoci\u00f3 que, como las protestas est\u00e1n en pleno desarrollo, el gremio todav\u00eda no tiene los datos de todas las delegaciones de Uepc de la provincia.<\/p>\n<p>Adem\u00e1s del reclamo salarial, los docentes de C\u00f3rdoba exigen <strong>la \u00abreconstrucci\u00f3n de muchas escuelas\u00bb <\/strong>que tienen problemas de infraestructura y obras pendientes desde la pandemia.<\/p>\n<p>Finalmente, la secretaria gremial de Uepc explic\u00f3 que el impacto de la medida de fuerza se sent\u00eda en \u00abtodas las instituciones educativas p\u00fablicas de gesti\u00f3n estatal y de gesti\u00f3n privada, de todos los niveles y modalidades\u00bb.<\/p>\n<p><strong>La movilizaci\u00f3n convocada por el gremio docente<\/strong> arranc\u00f3 antes del mediod\u00eda, con un recorrido por las calles de la zona c\u00e9ntrica de la capital cordobesa hasta confluir frente a la Casa de Gobierno provincial, donde desplegaron banderas e hicieron escuchar los reclamos. <\/p>\n","protected":false},"excerpt":{"rendered":"<p>La UEPC atribuy\u00f3 la adhesi\u00f3n a la protesta al \u00abhartazgo por las dilaciones\u00bb y \u00abla falta de respuestas a los reclamos\u00bb por parte de la gesti\u00f3n provincial de Juan Schiaretti. Docentes de C\u00f3rdoba cumpl\u00edan este lunes una jornada de paro y movilizaci\u00f3n en reclamo de la apertura de las negociaciones salariales para activos y jubilados [&hellip;]<\/p>\n","protected":false},"author":1,"featured_media":56101,"comment_status":"open","ping_status":"closed","sticky":false,"template":"","format":"standard","meta":[],"categories":[19],"tags":[],"_links":{"self":[{"href":"http:\/\/hoycordobaweb.com\/index.php\/wp-json\/wp\/v2\/posts\/56100"}],"collection":[{"href":"http:\/\/hoycordobaweb.com\/index.php\/wp-json\/wp\/v2\/posts"}],"about":[{"href":"http:\/\/hoycordobaweb.com\/index.php\/wp-json\/wp\/v2\/types\/post"}],"author":[{"embeddable":true,"href":"http:\/\/hoycordobaweb.com\/index.php\/wp-json\/wp\/v2\/users\/1"}],"replies":[{"embeddable":true,"href":"http:\/\/hoycordobaweb.com\/index.php\/wp-json\/wp\/v2\/comments?post=56100"}],"version-history":[{"count":0,"href":"http:\/\/hoycordobaweb.com\/index.php\/wp-json\/wp\/v2\/posts\/56100\/revisions"}],"wp:featuredmedia":[{"embeddable":true,"href":"http:\/\/hoycordobaweb.com\/index.php\/wp-json\/wp\/v2\/media\/56101"}],"wp:attachment":[{"href":"http:\/\/hoycordobaweb.com\/index.php\/wp-json\/wp\/v2\/media?parent=56100"}],"wp:term":[{"taxonomy":"category","embeddable":true,"href":"http:\/\/hoycordobaweb.com\/index.php\/wp-json\/wp\/v2\/categories?post=56100"},{"taxonomy":"post_tag","embeddable":true,"href":"http:\/\/hoycordobaweb.com\/index.php\/wp-json\/wp\/v2\/tags?post=56100"}],"curies":[{"name":"wp","href":"https:\/\/api.w.org\/{rel}","templated":true}]}}