{"id":56086,"date":"2023-02-27T14:36:15","date_gmt":"2023-02-27T14:36:15","guid":{"rendered":"https:\/\/www.ole.com.ar\/futbol-internacional\/libertadores\/copa-libertadores-segunda-fase-huracan-boston-river-grupos-llave-vuelta_0_f8q7H5veP6.html"},"modified":"2023-02-27T14:36:15","modified_gmt":"2023-02-27T14:36:15","slug":"alerta-huracan-se-vienen-las-revanchas-en-la-libertadores","status":"publish","type":"post","link":"http:\/\/hoycordobaweb.com\/index.php\/2023\/02\/27\/alerta-huracan-se-vienen-las-revanchas-en-la-libertadores\/","title":{"rendered":"Alerta Hurac\u00e1n: se vienen las revanchas en la Libertadores"},"content":{"rendered":"<p><img src=\"http:\/\/hoycordobaweb.com\/wp-content\/uploads\/2023\/02\/alerta-huracan-se-vienen-las-revanchas-en-la-libertadores.jpg\"><\/p>\n<div class=\"custom-text \" readability=\"34.212328767123\">\n<p>Cada d\u00eda falta menos para que comience la fase de grupos de la <a href=\"https:\/\/www.ole.com.ar\/tema\/copa-libertadores.html\" title=\"Copa Libertadores\" alt=\"Copa Libertadores\" class=\"slug\"><strong>Copa Libertadores 2023<\/strong><\/a>. Sin embargo, hay algunos equipos que les resta definir su presencia dentro de la m\u00e1xima competici\u00f3n sudamericana y,<strong> durante esta semana, deber\u00e1n definir su clasificaci\u00f3n a la tercera -y \u00faltima- fase<\/strong>. <\/p>\n<\/div>\n<div class=\"sc-489cef11-0 jHGTKj\" readability=\"6\">\n<section readability=\"2\"><picture><img class=\"img\" src=\"http:\/\/hoycordobaweb.com\/wp-content\/uploads\/2023\/02\/alerta-huracan-se-vienen-las-revanchas-en-la-libertadores-2.jpg\" alt=\"La buena noticia en la pr\u00e1ctica abierta de Boca\" height=\"290\" width=\"290\" loading=\"lazy\"><\/picture>\n<p><span>Mir\u00e1 tambi\u00e9n<\/span><\/p>\n<hr>\n<h3>La buena noticia en la pr\u00e1ctica abierta de Boca<\/h3>\n<\/p>\n<\/section>\n<\/div>\n<div class=\"custom-text \" readability=\"33.501639344262\">\n<p>Entre ellos se encuentra el <a href=\"https:\/\/www.ole.com.ar\/tema\/huracan.html\" title=\"Hurac\u00e1n\" alt=\"Hurac\u00e1n\" class=\"slug\"><strong>Hurac\u00e1n<\/strong><\/a><strong> de <\/strong><a href=\"https:\/\/www.ole.com.ar\/tema\/diego-dabove.html\" title=\"Diego Dabove\" alt=\"Diego Dabove\" class=\"slug\"><strong>Diego Dabove<\/strong><\/a>, uno de los equipos m\u00e1s s\u00f3lidos del pa\u00eds que <strong>tendr\u00e1 una de las semanas m\u00e1s importantes del a\u00f1o<\/strong>: primero, <strong>deber\u00e1n jugar ante <\/strong><a href=\"https:\/\/www.ole.com.ar\/tema\/boston-river.html\" title=\"Boston River\" alt=\"Boston River\" class=\"slug\"><strong>Boston River<\/strong><\/a><strong> por la vuelta de su llave copera<\/strong>, y despu\u00e9s, <strong>disputar\u00e1n el cl\u00e1sico contra <\/strong><a href=\"https:\/\/www.ole.com.ar\/tema\/san-lorenzo.html\" title=\"San Lorenzo\" alt=\"San Lorenzo\" class=\"slug\"><strong>San Lorenzo<\/strong><\/a><strong> en el torneo local<\/strong>. <\/p>\n<\/div>\n<div class=\"sc-996041c8-0 kvfKM\"><img alt=\"El Globo tendr\u00e1 una de semana important\u00edsima. (EFE)\" src=\"http:\/\/hoycordobaweb.com\/wp-content\/uploads\/2023\/02\/alerta-huracan-se-vienen-las-revanchas-en-la-libertadores-3.jpg\" width=\"720\" height=\"0\" decoding=\"async\" data-nimg=\"future\" loading=\"lazy\"><span>El Globo tendr\u00e1 una de semana important\u00edsima. (EFE)<\/span><\/div>\n<div class=\"custom-text \" readability=\"37\">\n<p>Tras igualar sin goles en Uruguay, <strong>el equipo de Parque Patricios buscar\u00e1 hacerse fuerte en el Tom\u00e1s Adolfo Duc\u00f3<\/strong> y vencer al Verdirrojo este mi\u00e9rcoles a las 19:00 (hora Argentina) sin sufrir sobresaltos ni lesiones ya que, cuatro d\u00edas despu\u00e9s, se ver\u00e1n las caras con su rival ac\u00e9rrimo. <\/p>\n<\/div>\n<div class=\"sc-489cef11-0 jHGTKj\" readability=\"6.5\">\n<section readability=\"3\"><picture><img class=\"img\" src=\"http:\/\/hoycordobaweb.com\/wp-content\/uploads\/2023\/02\/alerta-huracan-se-vienen-las-revanchas-en-la-libertadores-4.jpg\" alt=\"Mientras sue\u00f1a con Gareca, V\u00e9lez confirm\u00f3 a Marcelo Bravo como DT interino\" height=\"290\" width=\"290\" loading=\"lazy\"><\/picture>\n<p><span>Mir\u00e1 tambi\u00e9n<\/span><\/p>\n<hr>\n<h3>Mientras sue\u00f1a con Gareca, V\u00e9lez confirm\u00f3 a Marcelo Bravo como DT interino<\/h3>\n<\/p>\n<\/section>\n<\/div>\n<div class=\"custom-text \" readability=\"45.245901639344\">\n<p>De hecho, <strong>Dabove dimension\u00f3 la importancia de lo que se viene y, en su \u00faltimo encuentro, frente a <\/strong><a href=\"https:\/\/www.ole.com.ar\/tema\/colon.html\" title=\"Col\u00f3n\" alt=\"Col\u00f3n\" class=\"slug\"><strong>Col\u00f3n<\/strong><\/a><strong>, par\u00f3 un once completamente alternativo<\/strong>, d\u00e1ndole la oportunidad a Nicolas Campisi ; Fernando Torrent, Patricio Pizarro, Joaquin Novillo, Lucas Carrizo; Santiago Lujan, Agostino Spina, Fernando Godoy, Walter Mazzantti; Juan Manuel Garc\u00eda y Nicol\u00e1s Cordero.<\/p>\n<\/div>\n<div class=\"sc-e6588e40-0 jMZSMl\">\n<div class=\"sc-e6588e40-1 ghdCia videoText\" id=\"contentTitleundefined5niqaJTk\" readability=\"56\"><svg fill=\"#ffffff\"><symbol id=\"play\" viewBox=\"0 0 512 512\"><path d=\"M512 256C512 397.4 397.4 512 256 512C114.6 512 0 397.4 0 256C0 114.6 114.6 0 256 0C397.4 0 512 114.6 512 256zM176 168V344C176 352.7 180.7 360.7 188.3 364.9C195.8 369.2 205.1 369 212.5 364.5L356.5 276.5C363.6 272.1 368 264.4 368 256C368 247.6 363.6 239.9 356.5 235.5L212.5 147.5C205.1 142.1 195.8 142.8 188.3 147.1C180.7 151.3 176 159.3 176 168V168z\" \/><\/symbol><use xlink:href=\"#play\" \/><\/svg><\/p>\n<div class=\"right\" readability=\"7\">\n<p>Nicol\u00e1s Cordero<!-- --> &#8211;<!-- --> <span>27-2-2023<\/span><\/p>\n<h2 class=\"title-vid\">Cordero marc\u00f3 el 1-0 para el Globo<\/h2>\n<\/div>\n<\/div>\n<p><span class=\"back\" id=\"spanBackundefined5niqaJTk\"><\/span><\/div>\n<div class=\"sc-e6588e40-0 jMZSMl\">\n<div class=\"sc-e6588e40-1 ghdCia videoText\" id=\"contentTitleundefined4dW9Y9Wg\"><svg fill=\"#ffffff\"><symbol id=\"play\" viewBox=\"0 0 512 512\"><path d=\"M512 256C512 397.4 397.4 512 256 512C114.6 512 0 397.4 0 256C0 114.6 114.6 0 256 0C397.4 0 512 114.6 512 256zM176 168V344C176 352.7 180.7 360.7 188.3 364.9C195.8 369.2 205.1 369 212.5 364.5L356.5 276.5C363.6 272.1 368 264.4 368 256C368 247.6 363.6 239.9 356.5 235.5L212.5 147.5C205.1 142.1 195.8 142.8 188.3 147.1C180.7 151.3 176 159.3 176 168V168z\" \/><\/symbol><use xlink:href=\"#play\" \/><\/svg><\/p>\n<div class=\"right\">\n<p>Col\u00f3n<!-- --> &#8211;<!-- --> <span>27-2-2023<\/span><\/p>\n<h2 class=\"title-vid\">Col\u00f3n empat\u00f3 el partido<\/h2>\n<\/div>\n<\/div>\n<p><span class=\"back\" id=\"spanBackundefined4dW9Y9Wg\"><\/span><\/div>\n<div class=\"custom-text \" readability=\"40.396181384248\">\n<p>Ya <strong>para el duelo ante el combinado charr\u00faa se espera que el entrenador del Globo vuelva a su formaci\u00f3n de gala<\/strong>, que le ha permitido ubicarse 5\u00b0 en la <a href=\"https:\/\/www.ole.com.ar\/tema\/liga-profesional.html\" title=\"Liga Profesional\" alt=\"Liga Profesional\" class=\"slug\"><strong>Liga Profesional<\/strong><\/a> y ser uno de los mejores equipos del pa\u00eds. Dicho XI est\u00e1 compuesto por Lucas Chaves; Guillermo Soto, Fernando Tobio, Gast\u00f3n Sauro, Guillermo Benitez; Santiago Hezze, Federico Fattori, Gabriel Gudi\u00f1o, Jon\u00e1s Acevedo; Juan Gauto y Mat\u00edas Coccaro.<\/p>\n<\/div>\n<div class=\"sc-996041c8-0 kvfKM\"><img alt=\"El Globo tendr\u00e1 una de semana important\u00edsima. (EFE)\" src=\"http:\/\/hoycordobaweb.com\/wp-content\/uploads\/2023\/02\/alerta-huracan-se-vienen-las-revanchas-en-la-libertadores-5.jpg\" width=\"720\" height=\"0\" decoding=\"async\" data-nimg=\"future\" loading=\"lazy\"><span>El Globo tendr\u00e1 una de semana important\u00edsima. (EFE)<\/span><\/div>\n<div class=\"custom-text \" readability=\"34.470085470085\">\n<p>Cabe destacar que, <strong>si los hombres de la Quema pasan de ronda, se medir\u00e1n con el vencedor de la serie entre Nacional (Paraguay) y <\/strong><a href=\"https:\/\/www.ole.com.ar\/tema\/sporting-cristal.html\" title=\"Sporting Cristal\" alt=\"Sporting Cristal\" class=\"slug\"><strong>Sporting Cristal <\/strong><\/a><strong>(Per\u00fa)<\/strong>, que decidir\u00e1n la eliminatoria el mismo martes en el estadio Nacional de Lima. <\/p>\n<\/div>\n<p><h2>Otras llaves de la segunda fase<\/h2>\n<\/p>\n<div class=\"sc-996041c8-0 kvfKM\"><img alt=\"Magallanes venci\u00f3 a Always Ready en la ida. (EFE)\" src=\"http:\/\/hoycordobaweb.com\/wp-content\/uploads\/2023\/02\/alerta-huracan-se-vienen-las-revanchas-en-la-libertadores-6.jpg\" width=\"720\" height=\"0\" decoding=\"async\" data-nimg=\"future\" loading=\"lazy\"><span>Magallanes venci\u00f3 a Always Ready en la ida. (EFE)<\/span><\/div>\n<div class=\"custom-text \" readability=\"32.514792899408\">\n<p><strong>Magallanes (Chile)<\/strong>, que volvi\u00f3 este a\u00f1o a la Copa tras 38 a\u00f1os de ausencia, <strong>sac\u00f3 buena ventaja sobre el <\/strong><a href=\"https:\/\/www.ole.com.ar\/tema\/always-ready.html\" title=\"Always Ready\" alt=\"Always Ready\" class=\"slug\"><strong>Always Ready<\/strong><\/a><strong> (Bolivia)<\/strong> al golearlo 3-0 en la ida en Rancagua.<\/p>\n<\/div>\n<div class=\"custom-text \" readability=\"37\">\n<p>Ahora, <strong>deber\u00e1 defender la ventaja en la siempre dif\u00edcil altura de La Paz<\/strong>, a 3.600 metros sobre el nivel del mar, donde el equipo pace\u00f1o se hace fuerte y buscar\u00e1 el milagro: ganar por cuatro goles para seguir en el torneo. <\/p>\n<\/div>\n<div class=\"sc-996041c8-0 kvfKM\"><img alt=\"El Nacional e Independiente Medell\u00edn igualaron 2-2. (EFE)\" src=\"http:\/\/hoycordobaweb.com\/wp-content\/uploads\/2023\/02\/alerta-huracan-se-vienen-las-revanchas-en-la-libertadores-7.jpg\" width=\"720\" height=\"0\" decoding=\"async\" data-nimg=\"future\" loading=\"lazy\"><span>El Nacional e Independiente Medell\u00edn igualaron 2-2. (EFE)<\/span><\/div>\n<div class=\"custom-text \" readability=\"30.041666666667\">\n<p>El ganador de esta llave <strong>se enfrentar\u00e1 al vencedor de la serie entre <\/strong><a href=\"https:\/\/www.ole.com.ar\/tema\/el-nacional-de-quito.html\" title=\"El Nacional de Quito\" alt=\"El Nacional de Quito\" class=\"slug\"><strong>El Nacional <\/strong><\/a><strong>(Ecuador) e <\/strong><a href=\"https:\/\/www.ole.com.ar\/tema\/independiente-medellin.html\" title=\"iNDEPENDIENTE medellin\" alt=\"iNDEPENDIENTE medellin\" class=\"slug\"><strong>Independiente Medell\u00edn<\/strong><\/a><strong> (Colombia)<\/strong>, que en Quito igualaron 2-2 y definir\u00e1n la eliminatoria este mi\u00e9rcoles en el Atanasio Girardot en Medell\u00edn.&lt;<\/p>\n<\/div>\n<div class=\"sc-489cef11-0 jHGTKj\" readability=\"6\">\n<section readability=\"2\"><picture><img class=\"img\" src=\"http:\/\/hoycordobaweb.com\/wp-content\/uploads\/2023\/02\/alerta-huracan-se-vienen-las-revanchas-en-la-libertadores-8.jpg\" alt=\"Heinze: &quot;Las dudas deben estar con el entrenador y no con el futbolista&quot;\" height=\"290\" width=\"290\" loading=\"lazy\"><\/picture>\n<p><span>Mir\u00e1 tambi\u00e9n<\/span><\/p>\n<hr>\n<h3>Heinze: \u00abLas dudas deben estar con el entrenador y no con el futbolista\u00bb<\/h3>\n<\/p>\n<\/section>\n<\/div>\n<div class=\"custom-text \" readability=\"28.556390977444\">\n<p>Por otro lado, <a href=\"https:\/\/www.ole.com.ar\/tema\/cerro-porteno.html\" title=\"Cerro Porte\u00f1o\" alt=\"Cerro Porte\u00f1o\" class=\"slug\"><strong>Cerro Porte\u00f1o<\/strong><\/a><strong> (Paraguay) derrot\u00f3 1-0 de visitante a <\/strong><a href=\"https:\/\/www.ole.com.ar\/tema\/curico-unido.html\" title=\"Curic\u00f3 Unido\" alt=\"Curic\u00f3 Unido\" class=\"slug\"><strong>Curic\u00f3 Unido<\/strong><\/a><strong> (Chile) y el martes jugar\u00e1 en Asunci\u00f3n para sellar su boleto a la tercera fas<\/strong>e, donde se topar\u00eda con el vencedor del duelo entre <a href=\"https:\/\/www.ole.com.ar\/tema\/fortaleza.html\" title=\"Fortaleza\" alt=\"Fortaleza\" class=\"slug\"><strong>Fortaleza<\/strong><\/a> (Brasil) y <a href=\"https:\/\/www.ole.com.ar\/tema\/deportivo-maldonado.html\" title=\"Deportivo Maldonado\" alt=\"Deportivo Maldonado\" class=\"slug\"><strong>Deportivo Maldonado<\/strong><\/a> (Uruguay). <\/p>\n<\/div>\n<div class=\"sc-996041c8-0 kvfKM\"><img alt=\"Fortaleza igual\u00f3 a cero con Deportivo Maldonado. (AFP)\" src=\"http:\/\/hoycordobaweb.com\/wp-content\/uploads\/2023\/02\/alerta-huracan-se-vienen-las-revanchas-en-la-libertadores-9.jpg\" width=\"720\" height=\"0\" decoding=\"async\" data-nimg=\"future\" loading=\"lazy\"><span>Fortaleza igual\u00f3 a cero con Deportivo Maldonado. (AFP)<\/span><\/div>\n<div class=\"custom-text \" readability=\"34.091703056769\">\n<p>En referencia a este \u00faltimo enfrentamiento, <strong>el elenco brasile\u00f1o comandado por <\/strong><a href=\"https:\/\/www.ole.com.ar\/tema\/juan-pablo-vojvoda.html\" title=\"Juan Pablo Vojvoda\" alt=\"Juan Pablo Vojvoda\" class=\"slug\"><strong>Juan Pablo Vojvoda<\/strong><\/a><strong> se trajo un empate sin goles de tierras charr\u00faas<\/strong> y el jueves en su estadio, el Castelao de Fortaleza, buscar\u00e1 liquidar la serie. <\/p>\n<\/div>\n<div class=\"custom-text \" readability=\"33.984\">\n<p>Adem\u00e1s, otro de los grandes equipos que buscar\u00e1 entrar en la fase de grupos de la Copa Libertadores ser\u00e1 <strong>Atl\u00e9tico Mineiro<\/strong>. El conjunto dirigido por <a href=\"https:\/\/www.ole.com.ar\/tema\/eduardo-coudet.html\" title=\"Eduardo Coudet\" alt=\"Eduardo Coudet\" class=\"slug\"><strong>Eduardo Coudet<\/strong><\/a> <strong>recibir\u00e1 al d\u00e9bil Carabobo de Venezuela<\/strong>, con el que empat\u00f3 sin goles en Caracas.<\/p>\n<\/div>\n","protected":false},"excerpt":{"rendered":"<p>Cada d\u00eda falta menos para que comience la fase de grupos de la Copa Libertadores 2023. Sin embargo, hay algunos equipos que les resta definir su presencia dentro de la m\u00e1xima competici\u00f3n sudamericana y, durante esta semana, deber\u00e1n definir su clasificaci\u00f3n a la tercera -y \u00faltima- fase. Mir\u00e1 tambi\u00e9n La buena noticia en la pr\u00e1ctica [&hellip;]<\/p>\n","protected":false},"author":1,"featured_media":56087,"comment_status":"open","ping_status":"closed","sticky":false,"template":"","format":"standard","meta":[],"categories":[16],"tags":[],"_links":{"self":[{"href":"http:\/\/hoycordobaweb.com\/index.php\/wp-json\/wp\/v2\/posts\/56086"}],"collection":[{"href":"http:\/\/hoycordobaweb.com\/index.php\/wp-json\/wp\/v2\/posts"}],"about":[{"href":"http:\/\/hoycordobaweb.com\/index.php\/wp-json\/wp\/v2\/types\/post"}],"author":[{"embeddable":true,"href":"http:\/\/hoycordobaweb.com\/index.php\/wp-json\/wp\/v2\/users\/1"}],"replies":[{"embeddable":true,"href":"http:\/\/hoycordobaweb.com\/index.php\/wp-json\/wp\/v2\/comments?post=56086"}],"version-history":[{"count":0,"href":"http:\/\/hoycordobaweb.com\/index.php\/wp-json\/wp\/v2\/posts\/56086\/revisions"}],"wp:featuredmedia":[{"embeddable":true,"href":"http:\/\/hoycordobaweb.com\/index.php\/wp-json\/wp\/v2\/media\/56087"}],"wp:attachment":[{"href":"http:\/\/hoycordobaweb.com\/index.php\/wp-json\/wp\/v2\/media?parent=56086"}],"wp:term":[{"taxonomy":"category","embeddable":true,"href":"http:\/\/hoycordobaweb.com\/index.php\/wp-json\/wp\/v2\/categories?post=56086"},{"taxonomy":"post_tag","embeddable":true,"href":"http:\/\/hoycordobaweb.com\/index.php\/wp-json\/wp\/v2\/tags?post=56086"}],"curies":[{"name":"wp","href":"https:\/\/api.w.org\/{rel}","templated":true}]}}