{"id":56084,"date":"2023-02-27T14:40:17","date_gmt":"2023-02-27T14:40:17","guid":{"rendered":"https:\/\/www.ole.com.ar\/futbol-internacional\/italia\/italia-de-rossi-entrenador-despedido-regreso-spal-serie-b_0_LELURzn1pz.html"},"modified":"2023-02-27T14:40:17","modified_gmt":"2023-02-27T14:40:17","slug":"insolito-de-rossi-vuelve-al-equipo-que-lo-despidio","status":"publish","type":"post","link":"http:\/\/hoycordobaweb.com\/index.php\/2023\/02\/27\/insolito-de-rossi-vuelve-al-equipo-que-lo-despidio\/","title":{"rendered":"Ins\u00f3lito: \u00bfDe Rossi vuelve al equipo que lo despidi\u00f3?"},"content":{"rendered":"<p><img src=\"http:\/\/hoycordobaweb.com\/wp-content\/uploads\/2023\/02\/insolito-de-rossi-vuelve-al-equipo-que-lo-despidio.jpg\"><\/p>\n<div class=\"custom-text \" readability=\"36.325068870523\">\n<p>El pasado 14 de febrero, <a href=\"https:\/\/www.ole.com.ar\/tema\/daniele-de-rossi.html\" title=\"Daniele de Rossi\" alt=\"Daniele de Rossi\" class=\"slug\">Daniele De Rossi<\/a> finaliz\u00f3 su primera experiencia como entrenador tras ser destituido del Spal por malos resultados. Esta noticia no pas\u00f3 desapercibida y marcaba un estreno no tan feliz para el ex Roma. <strong>Pero ahora, 13 d\u00edas despu\u00e9s de aquella decisi\u00f3n, podr\u00eda haber una marcha atr\u00e1s para que el entrenador italiano vuelva a su cargo<\/strong>.<\/p>\n<\/div>\n<div class=\"sc-489cef11-0 jHGTKj\" readability=\"6\">\n<section readability=\"2\"><picture><img class=\"img\" src=\"http:\/\/hoycordobaweb.com\/wp-content\/uploads\/2023\/02\/insolito-de-rossi-vuelve-al-equipo-que-lo-despidio-2.jpg\" alt=\"El capit\u00e1n de Bangladesh jugar\u00e1 la Copa Argentina\" height=\"290\" width=\"290\" loading=\"lazy\"><\/picture>\n<p><span>Mir\u00e1 tambi\u00e9n<\/span><\/p>\n<hr>\n<h3>El capit\u00e1n de Bangladesh jugar\u00e1 la Copa Argentina<\/h3>\n<\/p>\n<\/section>\n<\/div>\n<div class=\"custom-text \" readability=\"37\">\n<p>Tras 17 partidos, el ex Boca dej\u00f3 el banco del conjunto de Ferrara, pero los motivos no ser\u00edan \u00fanicamente deportivos. <strong>Si bien es verdad que los resultados no fueron los mejores, Daniele tuvo fuertes diferencias con el Director Deportivo por la pol\u00edtica de refuerzos y termin\u00f3 siendo despedido<\/strong>.<\/p>\n<\/div>\n<div class=\"sc-996041c8-0 kvfKM\"><img alt=\"Daniele De Rossi podr\u00eda volver al Spal. (@spalferrara)\" src=\"http:\/\/hoycordobaweb.com\/wp-content\/uploads\/2023\/02\/insolito-de-rossi-vuelve-al-equipo-que-lo-despidio-3.jpg\" width=\"720\" height=\"0\" decoding=\"async\" data-nimg=\"future\" loading=\"lazy\"><span>Daniele De Rossi podr\u00eda volver al Spal. (@spalferrara)<\/span><\/div>\n<div class=\"custom-text \" readability=\"39\">\n<p>Horas m\u00e1s tarde del anuncio de su salida, Spal ya ten\u00eda a su reemplazante, una cuesti\u00f3n que no pas\u00f3 desapercibida para nadie. <strong>Massimo Oddo se hizo cargo del lugar que dej\u00f3 De Rossi, pero los malos resultados contin\u00faan<\/strong>. Tal es as\u00ed que tras dos partidos donde cosech\u00f3 un empate y una duro derrota ante el Genoa por 3-0, el ex Milan estar\u00eda en la cuerda floja.<\/p>\n<\/div>\n<div class=\"sc-489cef11-0 jHGTKj\" readability=\"6\">\n<section readability=\"2\"><picture><img class=\"img\" src=\"http:\/\/hoycordobaweb.com\/wp-content\/uploads\/2023\/02\/insolito-de-rossi-vuelve-al-equipo-que-lo-despidio-4.jpg\" alt=\"Messi: la intimidad del vestuario ganador y el reencuentro con los hinchas\" height=\"290\" width=\"290\" loading=\"lazy\"><\/picture>\n<p><span>Mir\u00e1 tambi\u00e9n<\/span><\/p>\n<hr>\n<h3>Messi: la intimidad del vestuario ganador y el reencuentro con los hinchas<\/h3>\n<\/p>\n<\/section>\n<\/div>\n<div class=\"custom-text \" readability=\"40\">\n<p><strong>Al no poder revertir la situaci\u00f3n, seg\u00fan informaron en La Gazzetta dello Sport, el presidente del club, Joe Tacopina, apunt\u00f3 contra el Director Deportivo, Fabio Lupo, y dar\u00eda marcha atr\u00e1s en la decisi\u00f3n de despedir a De Rossi y el que terminar\u00eda fuera del club ser\u00eda Lupo<\/strong>.<\/p>\n<\/div>\n<div class=\"sc-996041c8-0 kvfKM\"><img alt=\"Daniele De Rossi podr\u00eda volver al Spal. (@spalferrara)\" src=\"http:\/\/hoycordobaweb.com\/wp-content\/uploads\/2023\/02\/insolito-de-rossi-vuelve-al-equipo-que-lo-despidio-5.jpg\" width=\"720\" height=\"0\" decoding=\"async\" data-nimg=\"future\" loading=\"lazy\"><span>Daniele De Rossi podr\u00eda volver al Spal. (@spalferrara)<\/span><\/div>\n<div class=\"custom-text \" readability=\"35\">\n<p>No obstante, para evitar una crisis interna impresionante, Tacopina desminti\u00f3 estos comentarios alrededor del club y todo se mantiene con mucha incertidumbre.<\/p>\n<\/div>\n<div class=\"sc-489cef11-0 jHGTKj\" readability=\"6\">\n<section readability=\"2\"><picture><img class=\"img\" src=\"http:\/\/hoycordobaweb.com\/wp-content\/uploads\/2023\/02\/insolito-de-rossi-vuelve-al-equipo-que-lo-despidio-6.jpg\" alt=\"Jurgen Klinsmann y su nueva selecci\u00f3n \" height=\"290\" width=\"290\" loading=\"lazy\"><\/picture>\n<p><span>Mir\u00e1 tambi\u00e9n<\/span><\/p>\n<hr>\n<h3>Jurgen Klinsmann y su nueva selecci\u00f3n <\/h3>\n<\/p>\n<\/section>\n<\/div>\n<div class=\"custom-text \" readability=\"40\">\n<p>Lo cierto es que el Spal se encuentra en el puesto 18 de la tabla de posiciones de la Serie B, en descenso directo, y lleva seis partidos sin poder ganar, donde la \u00faltima derrota fue ante Reggina, con De Rossi en el banco. La realidad marca que si no levanta cabeza, la Serie C es una posibilidad latente.<\/p>\n<\/div>\n","protected":false},"excerpt":{"rendered":"<p>El pasado 14 de febrero, Daniele De Rossi finaliz\u00f3 su primera experiencia como entrenador tras ser destituido del Spal por malos resultados. Esta noticia no pas\u00f3 desapercibida y marcaba un estreno no tan feliz para el ex Roma. Pero ahora, 13 d\u00edas despu\u00e9s de aquella decisi\u00f3n, podr\u00eda haber una marcha atr\u00e1s para que el entrenador [&hellip;]<\/p>\n","protected":false},"author":1,"featured_media":56085,"comment_status":"open","ping_status":"closed","sticky":false,"template":"","format":"standard","meta":[],"categories":[16],"tags":[],"_links":{"self":[{"href":"http:\/\/hoycordobaweb.com\/index.php\/wp-json\/wp\/v2\/posts\/56084"}],"collection":[{"href":"http:\/\/hoycordobaweb.com\/index.php\/wp-json\/wp\/v2\/posts"}],"about":[{"href":"http:\/\/hoycordobaweb.com\/index.php\/wp-json\/wp\/v2\/types\/post"}],"author":[{"embeddable":true,"href":"http:\/\/hoycordobaweb.com\/index.php\/wp-json\/wp\/v2\/users\/1"}],"replies":[{"embeddable":true,"href":"http:\/\/hoycordobaweb.com\/index.php\/wp-json\/wp\/v2\/comments?post=56084"}],"version-history":[{"count":0,"href":"http:\/\/hoycordobaweb.com\/index.php\/wp-json\/wp\/v2\/posts\/56084\/revisions"}],"wp:featuredmedia":[{"embeddable":true,"href":"http:\/\/hoycordobaweb.com\/index.php\/wp-json\/wp\/v2\/media\/56085"}],"wp:attachment":[{"href":"http:\/\/hoycordobaweb.com\/index.php\/wp-json\/wp\/v2\/media?parent=56084"}],"wp:term":[{"taxonomy":"category","embeddable":true,"href":"http:\/\/hoycordobaweb.com\/index.php\/wp-json\/wp\/v2\/categories?post=56084"},{"taxonomy":"post_tag","embeddable":true,"href":"http:\/\/hoycordobaweb.com\/index.php\/wp-json\/wp\/v2\/tags?post=56084"}],"curies":[{"name":"wp","href":"https:\/\/api.w.org\/{rel}","templated":true}]}}