{"id":56076,"date":"2023-02-27T15:40:02","date_gmt":"2023-02-27T15:40:02","guid":{"rendered":"https:\/\/www.ole.com.ar\/river-plate\/famosos-river-monumental-michael-buble-gabriela-sabatini-maggie-civantos_0_ZbLgQkrJPe.html"},"modified":"2023-02-27T15:40:02","modified_gmt":"2023-02-27T15:40:02","slug":"fotos-los-famosos-que-estuvieron-este-domingo-en-el-monumental","status":"publish","type":"post","link":"http:\/\/hoycordobaweb.com\/index.php\/2023\/02\/27\/fotos-los-famosos-que-estuvieron-este-domingo-en-el-monumental\/","title":{"rendered":"Fotos: los famosos que estuvieron este domingo en el Monumental"},"content":{"rendered":"<p><img src=\"http:\/\/hoycordobaweb.com\/wp-content\/uploads\/2023\/02\/fotos-los-famosos-que-estuvieron-este-domingo-en-el-monumental.jpg\"><\/p>\n<div class=\"custom-text \" readability=\"13.675174013921\">\n<p>Cuando est\u00e1n en Argentina, hay algo en lo que coinciden muchos famosos extranjeros y aut\u00f3ctonos: pr\u00e1cticamente <strong>ninguno se quiere perder la oportunidad de conocer el <\/strong><a href=\"https:\/\/www.ole.com.ar\/tema\/estadio-monumental.html\" title=\"Estadio Monumental\" alt=\"Estadio Monumental\" class=\"slug\"><strong>Monumental<\/strong><\/a>. Es una experiencia \u00fanica, y m\u00e1s todav\u00eda en este renovado estadio, que con las obras se transform\u00f3 en el m\u00e1s grande de Sudam\u00e9rica e impacta por su tama\u00f1o. <strong>Por eso, este domingo hubo bastantes en lo que termin\u00f3 siendo derrota 2-1 ante Arsenal&#8230;<\/strong><\/p>\n<\/div>\n<div class=\"sc-489cef11-0 jHGTKj\" readability=\"8\">\n<section readability=\"6\"><picture><img class=\"img\" src=\"http:\/\/hoycordobaweb.com\/wp-content\/uploads\/2023\/02\/fotos-los-famosos-que-estuvieron-este-domingo-en-el-monumental-2.jpg\" alt=\"Luis Leal, picante, tras el triunfo ante River: &quot;Quer\u00eda levantar el partido, estaba silencioso&quot;\" height=\"290\" width=\"290\" loading=\"lazy\"><\/picture>\n<p><span>Mir\u00e1 tambi\u00e9n<\/span><\/p>\n<hr>\n<h3>Luis Leal, picante, tras el triunfo ante River: \u00abQuer\u00eda levantar el partido, estaba silencioso\u00bb<\/h3>\n<\/p>\n<\/section>\n<\/div>\n<div class=\"sc-996041c8-0 kvfKM\"><img alt=\"Gabi y el DT. \" src=\"http:\/\/hoycordobaweb.com\/wp-content\/uploads\/2023\/02\/fotos-los-famosos-que-estuvieron-este-domingo-en-el-monumental-3.jpg\" width=\"720\" height=\"0\" decoding=\"async\" data-nimg=\"future\" loading=\"lazy\"><span>Gabi y el DT. <\/span><\/div>\n<div class=\"custom-text \" readability=\"14.592734225621\">\n<p>M\u00e1s all\u00e1 de <a href=\"https:\/\/www.ole.com.ar\/river-plate\/gabriela-sabatini-gesto-river-monumental_0_LC6tRCaP7Z.html\">la presencia de la gran Gabriela Sabatini<\/a>, quien fue reconocida por el club por toda su carrera, dio una vuelta por toda la cancha en la previa del encuentro y se sac\u00f3 <strong>fotos con Francescoli, Demichelis y Ponzio<\/strong>, entre los extranjeros quien m\u00e1s se destac\u00f3 fue <strong>Michael Bubl\u00e9<\/strong>. El famoso cantante, quien est\u00e1 casado con <strong>Luisana Lopilato<\/strong> (ella le comparti\u00f3 el fanatismo por <a href=\"https:\/\/www.ole.com.ar\/tema\/river-plate.html\" target=\"_blank\" title=\"River Plate\" alt=\"River Plate\" class=\"slug\" rel=\"noopener noreferrer\"><strong>River<\/strong><\/a>), se encuentra por unos d\u00edas en nuestro pa\u00eds y no se perdi\u00f3 la oportunidad de venir al <strong>Monumental <\/strong>por tercera vez en su vida.<\/p>\n<\/div>\n<div class=\"sc-489cef11-0 jHGTKj\" readability=\"6.5\">\n<section readability=\"3\"><picture><img class=\"img\" src=\"http:\/\/hoycordobaweb.com\/wp-content\/uploads\/2023\/02\/fotos-los-famosos-que-estuvieron-este-domingo-en-el-monumental-4.jpg\" alt=\"Enzo P\u00e9rez, presente en todos los partidos: \u00bfcu\u00e1nto descans\u00f3 en el semestre?\" height=\"290\" width=\"290\" loading=\"lazy\"><\/picture>\n<p><span>Mir\u00e1 tambi\u00e9n<\/span><\/p>\n<hr>\n<h3>Enzo P\u00e9rez, presente en todos los partidos: \u00bfcu\u00e1nto descans\u00f3 en el semestre?<\/h3>\n<\/p>\n<\/section>\n<\/div>\n<div class=\"sc-996041c8-0 kvfKM\"><img alt=\"Gabi, tambi\u00e9n con Enzo. \" src=\"http:\/\/hoycordobaweb.com\/wp-content\/uploads\/2023\/02\/fotos-los-famosos-que-estuvieron-este-domingo-en-el-monumental-5.jpg\" width=\"720\" height=\"0\" decoding=\"async\" data-nimg=\"future\" loading=\"lazy\"><span>Gabi, tambi\u00e9n con Enzo. <\/span><\/div>\n<div class=\"sc-996041c8-0 kvfKM\"><img alt=\"Gabriela Sabatini se fotografi\u00f3 con Ponzio. \" src=\"http:\/\/hoycordobaweb.com\/wp-content\/uploads\/2023\/02\/fotos-los-famosos-que-estuvieron-este-domingo-en-el-monumental-6.jpg\" width=\"720\" height=\"0\" decoding=\"async\" data-nimg=\"future\" loading=\"lazy\"><span>Gabriela Sabatini se fotografi\u00f3 con Ponzio. <\/span><\/div>\n<div class=\"custom-text \" readability=\"17\">\n<p>Antes, hab\u00eda estado en el 2014 (de hecho, se sac\u00f3 una foto con <strong>Marcelo Gallardo<\/strong>) y en el 2019, cuando junto a Luisana le organizaron el festejo del sexto cumplea\u00f1os a Noah, uno de los hijos que tuvieron en la cancha (s\u00ed, un festejo que el peque\u00f1o no se olvidar\u00e1 jam\u00e1s). Hace tres semanas, <strong>Bubl\u00e9 <\/strong>gan\u00f3 un Grammy a Mejor \u00c1lbum Pop Tradicional por su disco de estudio Higher, lanzado en enero del 2022.<\/p>\n<\/div>\n<div class=\"sc-996041c8-0 kvfKM\"><img alt=\"Michael Bubl\u00e9, Maggie Civantos y Gabriela Sabatini, los famosos en el Monumental.\" src=\"http:\/\/hoycordobaweb.com\/wp-content\/uploads\/2023\/02\/fotos-los-famosos-que-estuvieron-este-domingo-en-el-monumental-7.jpg\" width=\"720\" height=\"0\" decoding=\"async\" data-nimg=\"future\" loading=\"lazy\"><span>Michael Bubl\u00e9, Maggie Civantos y Gabriela Sabatini, los famosos en el Monumental.<\/span><\/div>\n<div class=\"sc-489cef11-0 jHGTKj\" readability=\"6.5\">\n<section readability=\"3\"><picture><img class=\"img\" src=\"http:\/\/hoycordobaweb.com\/wp-content\/uploads\/2023\/02\/fotos-los-famosos-que-estuvieron-este-domingo-en-el-monumental-8.jpg\" alt=\"Beltr\u00e1n-Rond\u00f3n, el doble nueve que no le dio resultado a Demichelis\" height=\"290\" width=\"290\" loading=\"lazy\"><\/picture>\n<p><span>Mir\u00e1 tambi\u00e9n<\/span><\/p>\n<hr>\n<h3>Beltr\u00e1n-Rond\u00f3n, el doble nueve que no le dio resultado a Demichelis<\/h3>\n<\/p>\n<\/section>\n<\/div>\n<div class=\"custom-text \" readability=\"16\">\n<p>Pero el cantante no estuvo en soledad en el palco. Tambi\u00e9n fue invitada la reconocida actriz espa\u00f1ola <strong>Maggie Civantos<\/strong>, popular en el mundo por sus papeles en las <strong>series Vis a Vis (interpretaba a Macarena Ferreiro) y Las chicas del cable (\u00c1ngeles Vidal).<\/strong> Ella, a diferencia de <strong>Bubl\u00e9<\/strong>, se mostr\u00f3 muy activa en las redes sociales, subiendo varias historias de la cancha y junto a algunos amigos que la hab\u00edan acompa\u00f1ado (el actor mexicano <strong>Jos\u00e9 Eduardo Derbez<\/strong>, entre otros). Adem\u00e1s, le dieron una camiseta con su nombre y el n\u00famero 10.<\/p>\n<\/div>\n<div class=\"sc-996041c8-0 kvfKM\"><img alt=\"A Maggie le dieron la 10. \" src=\"http:\/\/hoycordobaweb.com\/wp-content\/uploads\/2023\/02\/fotos-los-famosos-que-estuvieron-este-domingo-en-el-monumental-9.jpg\" width=\"720\" height=\"0\" decoding=\"async\" data-nimg=\"future\" loading=\"lazy\"><span>A Maggie le dieron la 10. <\/span><\/div>\n<div class=\"sc-996041c8-0 kvfKM\"><img alt=\"Maggie tambi\u00e9n llev\u00f3 a algunos amigos. \" src=\"http:\/\/hoycordobaweb.com\/wp-content\/uploads\/2023\/02\/fotos-los-famosos-que-estuvieron-este-domingo-en-el-monumental-10.jpg\" width=\"720\" height=\"0\" decoding=\"async\" data-nimg=\"future\" loading=\"lazy\"><span>Maggie tambi\u00e9n llev\u00f3 a algunos amigos. <\/span><\/div>\n<p><h2><strong>Gabi y su vuelta por el Monumental<\/strong><\/h2>\n<\/p>\n<div class=\"sc-489cef11-0 jHGTKj\" readability=\"6\">\n<section readability=\"2\"><picture><img class=\"img\" src=\"http:\/\/hoycordobaweb.com\/wp-content\/uploads\/2023\/02\/fotos-los-famosos-que-estuvieron-este-domingo-en-el-monumental-11.jpg\" alt=\"Las disculpas de Demichelis al hincha de River y el &quot;soy responsable&quot;\" height=\"290\" width=\"290\" loading=\"lazy\"><\/picture>\n<p><span>Mir\u00e1 tambi\u00e9n<\/span><\/p>\n<hr>\n<h3>Las disculpas de Demichelis al hincha de River y el \u00absoy responsable\u00bb<\/h3>\n<\/p>\n<\/section>\n<\/div>\n<div class=\"sc-996041c8-0 kvfKM\"><img alt=\"Gabi fue ovacionada por el Monumental (Juan Manuel Foglia). \" src=\"http:\/\/hoycordobaweb.com\/wp-content\/uploads\/2023\/02\/fotos-los-famosos-que-estuvieron-este-domingo-en-el-monumental-12.jpg\" width=\"720\" height=\"0\" decoding=\"async\" data-nimg=\"future\" loading=\"lazy\"><span>Gabi fue ovacionada por el Monumental (Juan Manuel Foglia). <\/span><\/div>\n<div class=\"sc-e6588e40-0 jMZSMl\">\n<div class=\"sc-e6588e40-1 ghdCia videoText\" id=\"contentTitleundefinedhpBGKL44\" readability=\"6\"><svg fill=\"#ffffff\"><symbol id=\"play\" viewBox=\"0 0 512 512\"><path d=\"M512 256C512 397.4 397.4 512 256 512C114.6 512 0 397.4 0 256C0 114.6 114.6 0 256 0C397.4 0 512 114.6 512 256zM176 168V344C176 352.7 180.7 360.7 188.3 364.9C195.8 369.2 205.1 369 212.5 364.5L356.5 276.5C363.6 272.1 368 264.4 368 256C368 247.6 363.6 239.9 356.5 235.5L212.5 147.5C205.1 142.1 195.8 142.8 188.3 147.1C180.7 151.3 176 159.3 176 168V168z\" \/><\/symbol><use xlink:href=\"#play\" \/><\/svg><\/p>\n<div class=\"right\" readability=\"7\">\n<p>Gabriela Sabatini<!-- --> &#8211;<!-- --> <span>27-2-2023<\/span><\/p>\n<h2 class=\"title-vid\">El saludo de Gabriela Sabatini a una jovencita en el Monumental<\/h2>\n<\/div>\n<\/div>\n<p><span class=\"back\" id=\"spanBackundefinedhpBGKL44\"><\/span><\/div>\n<div class=\"sc-489cef11-0 jHGTKj\" readability=\"6.5\">\n<section readability=\"3\"><picture><img class=\"img\" src=\"http:\/\/hoycordobaweb.com\/wp-content\/uploads\/2023\/02\/fotos-los-famosos-que-estuvieron-este-domingo-en-el-monumental-13.jpg\" alt=\"Pe\u00f1a, la figura de Arsenal que con su nivel alegr\u00f3 a Demichelis\" height=\"290\" width=\"290\" loading=\"lazy\"><\/picture>\n<p><span>Mir\u00e1 tambi\u00e9n<\/span><\/p>\n<hr>\n<h3>Pe\u00f1a, la figura de Arsenal que con su nivel alegr\u00f3 a Demichelis<\/h3>\n<\/p>\n<\/section>\n<\/div>\n<div class=\"sc-489cef11-0 jHGTKj\" readability=\"6\">\n<section readability=\"2\"><picture><img class=\"img\" src=\"http:\/\/hoycordobaweb.com\/wp-content\/uploads\/2023\/02\/fotos-los-famosos-que-estuvieron-este-domingo-en-el-monumental-14.jpg\" alt=\"Liga Profesional: las posiciones con 4 punteros y c\u00f3mo termina la fecha 5\" height=\"290\" width=\"290\" loading=\"lazy\"><\/picture>\n<p><span>Mir\u00e1 tambi\u00e9n<\/span><\/p>\n<hr>\n<h3>Liga Profesional: las posiciones con 4 punteros y c\u00f3mo termina la fecha 5<\/h3>\n<\/p>\n<\/section>\n<\/div>\n","protected":false},"excerpt":{"rendered":"<p>Cuando est\u00e1n en Argentina, hay algo en lo que coinciden muchos famosos extranjeros y aut\u00f3ctonos: pr\u00e1cticamente ninguno se quiere perder la oportunidad de conocer el Monumental. Es una experiencia \u00fanica, y m\u00e1s todav\u00eda en este renovado estadio, que con las obras se transform\u00f3 en el m\u00e1s grande de Sudam\u00e9rica e impacta por su tama\u00f1o. Por [&hellip;]<\/p>\n","protected":false},"author":1,"featured_media":56077,"comment_status":"open","ping_status":"closed","sticky":false,"template":"","format":"standard","meta":[],"categories":[16],"tags":[],"_links":{"self":[{"href":"http:\/\/hoycordobaweb.com\/index.php\/wp-json\/wp\/v2\/posts\/56076"}],"collection":[{"href":"http:\/\/hoycordobaweb.com\/index.php\/wp-json\/wp\/v2\/posts"}],"about":[{"href":"http:\/\/hoycordobaweb.com\/index.php\/wp-json\/wp\/v2\/types\/post"}],"author":[{"embeddable":true,"href":"http:\/\/hoycordobaweb.com\/index.php\/wp-json\/wp\/v2\/users\/1"}],"replies":[{"embeddable":true,"href":"http:\/\/hoycordobaweb.com\/index.php\/wp-json\/wp\/v2\/comments?post=56076"}],"version-history":[{"count":0,"href":"http:\/\/hoycordobaweb.com\/index.php\/wp-json\/wp\/v2\/posts\/56076\/revisions"}],"wp:featuredmedia":[{"embeddable":true,"href":"http:\/\/hoycordobaweb.com\/index.php\/wp-json\/wp\/v2\/media\/56077"}],"wp:attachment":[{"href":"http:\/\/hoycordobaweb.com\/index.php\/wp-json\/wp\/v2\/media?parent=56076"}],"wp:term":[{"taxonomy":"category","embeddable":true,"href":"http:\/\/hoycordobaweb.com\/index.php\/wp-json\/wp\/v2\/categories?post=56076"},{"taxonomy":"post_tag","embeddable":true,"href":"http:\/\/hoycordobaweb.com\/index.php\/wp-json\/wp\/v2\/tags?post=56076"}],"curies":[{"name":"wp","href":"https:\/\/api.w.org\/{rel}","templated":true}]}}