{"id":56026,"date":"2023-02-26T15:29:18","date_gmt":"2023-02-26T15:29:18","guid":{"rendered":"https:\/\/www.ole.com.ar\/ecuador\/internacional\/inicio-temporada-2023-mls-carlos-gruezo-pedro-vite-anderson-julio-leonardo-campana_0_8inoLXgTSC.html"},"modified":"2023-02-26T15:29:18","modified_gmt":"2023-02-26T15:29:18","slug":"la-mls-inicio-la-temporada-con-presencia-ecuatoriana","status":"publish","type":"post","link":"http:\/\/hoycordobaweb.com\/index.php\/2023\/02\/26\/la-mls-inicio-la-temporada-con-presencia-ecuatoriana\/","title":{"rendered":"La MLS inici\u00f3 la temporada con presencia ecuatoriana"},"content":{"rendered":"<p><img src=\"http:\/\/hoycordobaweb.com\/wp-content\/uploads\/2023\/02\/la-mls-inicio-la-temporada-con-presencia-ecuatoriana.jpg\"><\/p>\n<div class=\"custom-text \" readability=\"35.480106100796\">\n<p>La <a href=\"https:\/\/www.ole.com.ar\/tema\/major-league-soccer.html\" title=\"Major League Soccer\" alt=\"Major League Soccer\" class=\"slug\">Major League Soccer (MLS)<\/a> empez\u00f3 la nueva temporada este s\u00e1bado con 11 partidos, varios de ellos en simult\u00e1neo. <strong>Algunos de los ecuatorianos que militan en la liga de Estados Unidos tuvieron acci\u00f3n, e incluso hubo un duelo entre tricolores<\/strong>. El balance para los nuestros fue agridulce, ya que algunos de sus clubes consiguieron victorias y otros iniciaron con una derrota.<\/p>\n<\/div>\n<div class=\"sc-489cef11-0 jHGTKj\" readability=\"6\">\n<section readability=\"2\"><picture><img class=\"img\" src=\"http:\/\/hoycordobaweb.com\/wp-content\/uploads\/2023\/02\/la-mls-inicio-la-temporada-con-presencia-ecuatoriana-2.jpg\" alt=\"Todo listo: Chelsea habr\u00eda llegado a un acuerdo con IDV por Kendry P\u00e1ez\" height=\"290\" width=\"290\" loading=\"lazy\"><\/picture>\n<p><span>Mir\u00e1 tambi\u00e9n<\/span><\/p>\n<hr>\n<h3>Todo listo: Chelsea habr\u00eda llegado a un acuerdo con IDV por Kendry P\u00e1ez<\/h3>\n<\/p>\n<\/section>\n<\/div>\n<div class=\"sc-489cef11-0 jHGTKj\" readability=\"6.5\">\n<section readability=\"3\"><picture><img class=\"img\" src=\"http:\/\/hoycordobaweb.com\/wp-content\/uploads\/2023\/02\/la-mls-inicio-la-temporada-con-presencia-ecuatoriana-3.jpg\" alt=\"Bustos: &quot;El partido estaba parejo, no merecimos perder&quot;\" height=\"290\" width=\"290\" loading=\"lazy\"><\/picture>\n<p><span>Mir\u00e1 tambi\u00e9n<\/span><\/p>\n<hr>\n<h3>Bustos: \u00abEl partido estaba parejo, no merecimos perder\u00bb<\/h3>\n<\/p>\n<\/section>\n<\/div>\n<div class=\"sc-489cef11-0 jHGTKj\" readability=\"6\">\n<section readability=\"2\"><picture><img class=\"img\" src=\"http:\/\/hoycordobaweb.com\/wp-content\/uploads\/2023\/02\/la-mls-inicio-la-temporada-con-presencia-ecuatoriana-4.jpg\" alt=\"Arranc\u00f3 la LigaPro: as\u00ed sigue la primera fecha\" height=\"290\" width=\"290\" loading=\"lazy\"><\/picture>\n<p><span>Mir\u00e1 tambi\u00e9n<\/span><\/p>\n<hr>\n<h3>Arranc\u00f3 la LigaPro: as\u00ed sigue la primera fecha<\/h3>\n<\/p>\n<\/section>\n<\/div>\n<div class=\"custom-text \" readability=\"37\">\n<p><strong>El enfrentamiento entre ecuatorianos se dio en el partido en que los Vancouver Whitecaps de Pedro Vite recibi\u00f3 al Real Salt Lake de Anderson Julio<\/strong>. La visita tuvo a Julio como titular y disputando 79 minutos, mientras que Vite ingres\u00f3 a los 66 minutos desde el banco de suplentes. <strong>El Real Salt Lake se qued\u00f3 con la victoria por 2-1 tras empezar perdiendo por el gol de Javain Brown, pero lograron darlo vuelta gracias a Justen Glad y Damir Kreilach.<\/strong><\/p>\n<\/div>\n<div class=\"sc-996041c8-0 kvfKM\"><img alt=\"Anderson Julio fue titular. (Reuter)\" src=\"http:\/\/hoycordobaweb.com\/wp-content\/uploads\/2023\/02\/la-mls-inicio-la-temporada-con-presencia-ecuatoriana-5.jpg\" width=\"720\" height=\"0\" decoding=\"async\" data-nimg=\"future\" loading=\"lazy\"><span>Anderson Julio fue titular. (Reuter)<\/span><\/div>\n<div class=\"custom-text \" readability=\"34.425257731959\">\n<p><a href=\"https:\/\/www.ole.com.ar\/tema\/leonardo-campana.html\" title=\"Leonardo Campana\" alt=\"Leonardo Campana\" class=\"slug\"><strong>Leonardo Campana<\/strong><\/a><strong> no fue parte del partido del <\/strong><a href=\"https:\/\/www.ole.com.ar\/tema\/inter-miami.html\" title=\"Inter Miami\" alt=\"Inter Miami\" class=\"slug\"><strong>Inter Miami<\/strong><\/a><strong> frente al CF Montreal, prendiendo las alarmas despu\u00e9s de conocerse que fue por una molestia f\u00edsica.<\/strong> Desde Miami dieron a conocer que una molestia en los gemelos de una de sus piernas fue la raz\u00f3n para quedar fuera de la convocatoria. A pesar de la ausencia de Leo, el Inter consigui\u00f3 el triunfo por 2-0 en condici\u00f3n de local.<\/p>\n<\/div>\n<div class=\"sc-996041c8-0 kvfKM\"><img alt=\"Campana se perdi\u00f3 el partido por molestias f\u00edsicas. (@InterMiamiCF)\" src=\"http:\/\/hoycordobaweb.com\/wp-content\/uploads\/2023\/02\/la-mls-inicio-la-temporada-con-presencia-ecuatoriana-6.jpg\" width=\"720\" height=\"0\" decoding=\"async\" data-nimg=\"future\" loading=\"lazy\"><span>Campana se perdi\u00f3 el partido por molestias f\u00edsicas. (@InterMiamiCF)<\/span><\/div>\n<div class=\"custom-text \" readability=\"33.550116550117\">\n<p><strong>La primera titularidad de <\/strong><a href=\"https:\/\/www.ole.com.ar\/tema\/carlos-gruezo.html\" title=\"Carlos Gruezo\" alt=\"Carlos Gruezo\" class=\"slug\"><strong>Carlos Gruezo<\/strong><\/a><strong> en el San Jos\u00e9 Earthquakes no dej\u00f3 un resultado positivo, debido a que perdieron en la visita al <\/strong><a href=\"https:\/\/www.ole.com.ar\/tema\/atlanta-united.html\" title=\"Atlanta United\" alt=\"Atlanta United\" class=\"slug\"><strong>Atlanta United<\/strong><\/a>. El mediocampista ecuatoriano disput\u00f3 los 90 minutos e hizo dupla con Jackson Yueill. Los locales remontaron un 1-0 en contra en los minutos adicionales por un doblete de <a href=\"https:\/\/www.ole.com.ar\/tema\/thiago-almada.html\" title=\"Thiago Almada\" alt=\"Thiago Almada\" class=\"slug\">Thiago Almada<\/a> (2-1), el cual dej\u00f3 en nada al gol que hab\u00eda anotado Jeremy Ebobisse para el San Jos\u00e9.<\/p>\n<\/div>\n<div class=\"sc-996041c8-0 kvfKM\"><img alt=\"Gruezo tuvo sus primeros minutos en la MLS. (Reuter)\" src=\"http:\/\/hoycordobaweb.com\/wp-content\/uploads\/2023\/02\/la-mls-inicio-la-temporada-con-presencia-ecuatoriana-7.jpg\" width=\"720\" height=\"0\" decoding=\"async\" data-nimg=\"future\" loading=\"lazy\"><span>Gruezo tuvo sus primeros minutos en la MLS. (Reuter)<\/span><\/div>\n<div class=\"custom-text \" readability=\"37\">\n<p>El Cincinnati FC de Marco Angulo consigui\u00f3 una victoria en el debut frente al Houston Dynamo. Sergio Santos y Obinna Nwobodo fueron quienes le dieron la victoria a los locales, mientras que Tate Schmitt hab\u00eda empatado transitoriamente. <strong>Angulo vio el partido desde el banco de suplentes, haciendo que sus primeros minutos en la MLS se aplacen.<\/strong><\/p>\n<\/div>\n<div class=\"sc-996041c8-0 kvfKM\"><img alt=\"El FC Cincinnati consigui\u00f3 la victoria. (Reuter)\" src=\"http:\/\/hoycordobaweb.com\/wp-content\/uploads\/2023\/02\/la-mls-inicio-la-temporada-con-presencia-ecuatoriana-8.jpg\" width=\"720\" height=\"0\" decoding=\"async\" data-nimg=\"future\" loading=\"lazy\"><span>El FC Cincinnati consigui\u00f3 la victoria. (Reuter)<\/span><\/div>\n","protected":false},"excerpt":{"rendered":"<p>La Major League Soccer (MLS) empez\u00f3 la nueva temporada este s\u00e1bado con 11 partidos, varios de ellos en simult\u00e1neo. Algunos de los ecuatorianos que militan en la liga de Estados Unidos tuvieron acci\u00f3n, e incluso hubo un duelo entre tricolores. El balance para los nuestros fue agridulce, ya que algunos de sus clubes consiguieron victorias [&hellip;]<\/p>\n","protected":false},"author":1,"featured_media":56027,"comment_status":"open","ping_status":"closed","sticky":false,"template":"","format":"standard","meta":[],"categories":[16],"tags":[],"_links":{"self":[{"href":"http:\/\/hoycordobaweb.com\/index.php\/wp-json\/wp\/v2\/posts\/56026"}],"collection":[{"href":"http:\/\/hoycordobaweb.com\/index.php\/wp-json\/wp\/v2\/posts"}],"about":[{"href":"http:\/\/hoycordobaweb.com\/index.php\/wp-json\/wp\/v2\/types\/post"}],"author":[{"embeddable":true,"href":"http:\/\/hoycordobaweb.com\/index.php\/wp-json\/wp\/v2\/users\/1"}],"replies":[{"embeddable":true,"href":"http:\/\/hoycordobaweb.com\/index.php\/wp-json\/wp\/v2\/comments?post=56026"}],"version-history":[{"count":0,"href":"http:\/\/hoycordobaweb.com\/index.php\/wp-json\/wp\/v2\/posts\/56026\/revisions"}],"wp:featuredmedia":[{"embeddable":true,"href":"http:\/\/hoycordobaweb.com\/index.php\/wp-json\/wp\/v2\/media\/56027"}],"wp:attachment":[{"href":"http:\/\/hoycordobaweb.com\/index.php\/wp-json\/wp\/v2\/media?parent=56026"}],"wp:term":[{"taxonomy":"category","embeddable":true,"href":"http:\/\/hoycordobaweb.com\/index.php\/wp-json\/wp\/v2\/categories?post=56026"},{"taxonomy":"post_tag","embeddable":true,"href":"http:\/\/hoycordobaweb.com\/index.php\/wp-json\/wp\/v2\/tags?post=56026"}],"curies":[{"name":"wp","href":"https:\/\/api.w.org\/{rel}","templated":true}]}}