{"id":56024,"date":"2023-02-26T15:38:21","date_gmt":"2023-02-26T15:38:21","guid":{"rendered":"https:\/\/www.ole.com.ar\/opinion\/de-frente-velez-renuncia-cacique-medina_0_DZBLYwZZKU.html"},"modified":"2023-02-26T15:38:21","modified_gmt":"2023-02-26T15:38:21","slug":"el-cacique-medina-se-fue-cuatro-meses-tarde-y-ahora","status":"publish","type":"post","link":"http:\/\/hoycordobaweb.com\/index.php\/2023\/02\/26\/el-cacique-medina-se-fue-cuatro-meses-tarde-y-ahora\/","title":{"rendered":"El Cacique Medina se fue cuatro meses tarde, \u00bfy ahora?"},"content":{"rendered":"<p><img src=\"http:\/\/hoycordobaweb.com\/wp-content\/uploads\/2023\/02\/el-cacique-medina-se-fue-cuatro-meses-tarde-y-ahora.jpg\"><\/p>\n<div class=\"custom-text \" readability=\"40\">\n<p>Desde que se termin\u00f3 el torneo pasado que el ciclo de Alexander Medina estaba terminado en V\u00e9lez. Y no es que lo dijera yo, lo dec\u00edan sus (flojos) n\u00fameros. \u00bfQu\u00e9 cambi\u00f3 desde que termin\u00f3 el campeonato anterior? Nada. No se encontr\u00f3 un estilo de juego, no le dio forma al equipo, no se cae una idea. A qu\u00e9 juega V\u00e9lez, no se sabe, parece un rejuntado que hace lo que puede. Y duele. <\/p>\n<\/div>\n<div class=\"custom-text \" readability=\"41\">\n<p>Fueron cuatro meses perdidos. Se regalaron una pretemporada, un mercado de pases y cinco fechas. La salida de com\u00fan acuerdo era antes. Con tiempo para elegir al nuevo entrenador, con tiempo para rearmar el plantel, con tiempo para que el nuevo t\u00e9cnico pudiera ver, analizar y decidir. Con tiempo para negociar con los refuerzos. \u00bfY ahora, con cinco fechas disputadas, qu\u00e9 hacemos? \u00bfImprovisar? <\/p>\n<\/div>\n<div class=\"sc-996041c8-0 kvfKM\"><img alt=\"La derrota ante Boca fue el final del Cacique Medina en V\u00e9lez. (Foto: Fernando de la Orden)\" src=\"http:\/\/hoycordobaweb.com\/wp-content\/uploads\/2023\/02\/el-cacique-medina-se-fue-cuatro-meses-tarde-y-ahora-2.jpg\" width=\"720\" height=\"0\" decoding=\"async\" data-nimg=\"future\" loading=\"lazy\"><span>La derrota ante Boca fue el final del Cacique Medina en V\u00e9lez. (Foto: Fernando de la Orden)<\/span><\/div>\n<div class=\"custom-text \" readability=\"39\">\n<p>La derrota frente a Boca fue el colmo. Se puede perder, no cabe dudas, pero hay formas: no le ganaste a un Boca que jugaba con diez. No solo que no ganaste, lo perdiste cuando ten\u00edas un hombre m\u00e1s y todo para ganar. Pero, volvemos al principio, dif\u00edcil ganar si no hay estrategia. <\/p>\n<\/div>\n<div class=\"custom-text \" readability=\"37\">\n<p>Me qued\u00f3 una imagen grabada del partido: hubo un momento que V\u00e9lez intent\u00f3 salir jugando y ten\u00eda plantada dos l\u00edneas de cuatro bien marcadas, nadie se mov\u00eda, nadie buscaba el espacio. \u00bfC\u00f3mo termin\u00f3? Pelotazo hacia Janson, y hac\u00e9 lo que puedas. As\u00ed no.<\/p>\n<\/div>\n<div class=\"sc-489cef11-0 jHGTKj\" readability=\"6\">\n<section readability=\"2\"><picture><img class=\"img\" src=\"http:\/\/hoycordobaweb.com\/wp-content\/uploads\/2023\/02\/el-cacique-medina-se-fue-cuatro-meses-tarde-y-ahora-3.jpg\" alt=\"A lo Boca: le gan\u00f3 a V\u00e9lez con diez gracias a Figal\" height=\"290\" width=\"290\" loading=\"lazy\"><\/picture>\n<p><span>Mir\u00e1 tambi\u00e9n<\/span><\/p>\n<hr>\n<h3>A lo Boca: le gan\u00f3 a V\u00e9lez con diez gracias a Figal<\/h3>\n<\/p>\n<\/section>\n<\/div>\n<div class=\"custom-text \" readability=\"36\">\n<p>Medina estuvo 40 partidos: gan\u00f3 11, empat\u00f3 13 y perdi\u00f3 16 (logr\u00f3 38,33% de los puntos en juego). Hasta Omar de Felippe hizo una campa\u00f1a m\u00e1s digna (14 triunfos, 9 empates y 14 derrotas). <\/p>\n<\/div>\n<div class=\"custom-text \" readability=\"38\">\n<p>Queda un plantel repleto de j\u00f3venes y habr\u00e1 que ver qui\u00e9n quiere agarrar este fierro caliente. No es algo que asuste, al menos a los hinchas, porque V\u00e9lez lo mejor que tiene es su cantera. Sabemos que los pibes son los que sacar\u00e1n esto adelante. Pero hay que empezar a tener decisiones acertadas. Nada nos garantiza que la mano cambiar\u00e1 con la llegada de un nuevo det\u00e9, pero estaba claro que el Cacique no era la soluci\u00f3n.<\/p>\n<\/div>\n<p><h2><strong>LOS GOLES DE V\u00c9LEZ &#8211; BOCA<\/strong><\/h2>\n<\/p>\n<div class=\"sc-e6588e40-0 jMZSMl\">\n<div class=\"sc-e6588e40-1 ghdCia videoText\" id=\"contentTitleundefined6jS8aP6C\" readability=\"56\"><svg fill=\"#ffffff\"><symbol id=\"play\" viewBox=\"0 0 512 512\"><path d=\"M512 256C512 397.4 397.4 512 256 512C114.6 512 0 397.4 0 256C0 114.6 114.6 0 256 0C397.4 0 512 114.6 512 256zM176 168V344C176 352.7 180.7 360.7 188.3 364.9C195.8 369.2 205.1 369 212.5 364.5L356.5 276.5C363.6 272.1 368 264.4 368 256C368 247.6 363.6 239.9 356.5 235.5L212.5 147.5C205.1 142.1 195.8 142.8 188.3 147.1C180.7 151.3 176 159.3 176 168V168z\" \/><\/symbol><use xlink:href=\"#play\" \/><\/svg><\/p>\n<div class=\"right\" readability=\"7\">\n<p>Nicolas Figal<!-- --> &#8211;<!-- --> <span>26-2-2023<\/span><\/p>\n<h2 class=\"title-vid\">Figal anot\u00f3 el 2-1 para Boca<\/h2>\n<\/div>\n<\/div>\n<p><span class=\"back\" id=\"spanBackundefined6jS8aP6C\"><\/span><\/div>\n<div class=\"sc-e6588e40-0 jMZSMl\">\n<div class=\"sc-e6588e40-1 ghdCia videoText\" id=\"contentTitleundefinedK8ytmtjD\"><svg fill=\"#ffffff\"><symbol id=\"play\" viewBox=\"0 0 512 512\"><path d=\"M512 256C512 397.4 397.4 512 256 512C114.6 512 0 397.4 0 256C0 114.6 114.6 0 256 0C397.4 0 512 114.6 512 256zM176 168V344C176 352.7 180.7 360.7 188.3 364.9C195.8 369.2 205.1 369 212.5 364.5L356.5 276.5C363.6 272.1 368 264.4 368 256C368 247.6 363.6 239.9 356.5 235.5L212.5 147.5C205.1 142.1 195.8 142.8 188.3 147.1C180.7 151.3 176 159.3 176 168V168z\" \/><\/symbol><use xlink:href=\"#play\" \/><\/svg><\/p>\n<div class=\"right\">\n<p>Lucas Janson<!-- --> &#8211;<!-- --> <span>26-2-2023<\/span><\/p>\n<h2 class=\"title-vid\">Janson empat\u00f3 el partido<\/h2>\n<\/div>\n<\/div>\n<p><span class=\"back\" id=\"spanBackundefinedK8ytmtjD\"><\/span><\/div>\n<div class=\"sc-e6588e40-0 jMZSMl\">\n<div class=\"sc-e6588e40-1 ghdCia videoText\" id=\"contentTitleundefined3jqSSqVd\"><svg fill=\"#ffffff\"><symbol id=\"play\" viewBox=\"0 0 512 512\"><path d=\"M512 256C512 397.4 397.4 512 256 512C114.6 512 0 397.4 0 256C0 114.6 114.6 0 256 0C397.4 0 512 114.6 512 256zM176 168V344C176 352.7 180.7 360.7 188.3 364.9C195.8 369.2 205.1 369 212.5 364.5L356.5 276.5C363.6 272.1 368 264.4 368 256C368 247.6 363.6 239.9 356.5 235.5L212.5 147.5C205.1 142.1 195.8 142.8 188.3 147.1C180.7 151.3 176 159.3 176 168V168z\" \/><\/symbol><use xlink:href=\"#play\" \/><\/svg><\/p>\n<div class=\"right\">\n<p>Boca Juniors<!-- --> &#8211;<!-- --> <span>26-2-2023<\/span><\/p>\n<h2 class=\"title-vid\">Langoni puso el 1-0 para Boca<\/h2>\n<\/div>\n<\/div>\n<p><span class=\"back\" id=\"spanBackundefined3jqSSqVd\"><\/span><\/div>\n<div class=\"sc-489cef11-0 jHGTKj\" readability=\"6\">\n<section readability=\"2\"><picture><img class=\"img\" src=\"http:\/\/hoycordobaweb.com\/wp-content\/uploads\/2023\/02\/el-cacique-medina-se-fue-cuatro-meses-tarde-y-ahora-4.jpg\" alt=\"El Cacique Medina se fue de V\u00e9lez\" height=\"290\" width=\"290\" loading=\"lazy\"><\/picture>\n<p><span>Mir\u00e1 tambi\u00e9n<\/span><\/p>\n<hr>\n<h3>El Cacique Medina se fue de V\u00e9lez<\/h3>\n<\/p>\n<\/section>\n<\/div>\n<p><h2><strong>LA PALABRA DE BASSEDAS<\/strong><\/h2>\n<\/p>\n<div class=\"custom-text \" readability=\"37\">\n<p>\u00abInformarles para ser claros como instituci\u00f3n que decidimos de com\u00fan acuerdo interrumpir el ciclo de Medina en V\u00e9lez. Es un momento de tristeza, porque nos une un v\u00ednculo muy profundo aparte de lo profesional, pero es parte del camino. No hay mucho m\u00e1s para hablar\u00bb, dijo Bassedas a la prensa.<\/p>\n<\/div>\n<div class=\"custom-text \" readability=\"35\">\n<p>\u00abTenemos un muy lindo plantel, con buenos futbolistas y uno es optimista en lo que viene por delante\u00bb, agreg\u00f3.<\/p>\n<\/div>\n<div class=\"sc-e6588e40-0 jMZSMl\">\n<div class=\"sc-e6588e40-1 ghdCia videoText\" id=\"contentTitleundefinedjAsQ0v1c\" readability=\"56\"><svg fill=\"#ffffff\"><symbol id=\"play\" viewBox=\"0 0 512 512\"><path d=\"M512 256C512 397.4 397.4 512 256 512C114.6 512 0 397.4 0 256C0 114.6 114.6 0 256 0C397.4 0 512 114.6 512 256zM176 168V344C176 352.7 180.7 360.7 188.3 364.9C195.8 369.2 205.1 369 212.5 364.5L356.5 276.5C363.6 272.1 368 264.4 368 256C368 247.6 363.6 239.9 356.5 235.5L212.5 147.5C205.1 142.1 195.8 142.8 188.3 147.1C180.7 151.3 176 159.3 176 168V168z\" \/><\/symbol><use xlink:href=\"#play\" \/><\/svg><\/p>\n<div class=\"right\" readability=\"7\">\n<p>Cacique Medina<!-- --> &#8211;<!-- --> <span>26-2-2023<\/span><\/p>\n<h2 class=\"title-vid\">El anuncio de Bassedas sobre la salida del Cacique Medina<\/h2>\n<\/div>\n<\/div>\n<p><span class=\"back\" id=\"spanBackundefinedjAsQ0v1c\"><\/span><\/div>\n<div class=\"custom-text \" readability=\"38\">\n<p>Los rumores de fin de ciclo del Cacique ven\u00edan escuch\u00e1ndose desde hace rato en Liniers por el flojo 2022 a nivel local (apost\u00f3 a la Libertadores, donde pas\u00f3 a River en cuartos y perdi\u00f3 feo con Flamengo en semifinales) y un arranque con muchas dudas en este 2023. La derrota con Newell\u2019s y los empates con Independiente y Atl\u00e9tico Tucum\u00e1n ya hab\u00edan instalado su posible salida, con pedido de renuncia por parte de algunos hinchas. Para colmo, la aparici\u00f3n de Ricardo Gareca en la TV argentina asegurando que volver\u00eda a dirigir en el pa\u00eds gener\u00f3 entusiasmo e ilusi\u00f3n en el p\u00fablico fortinero.<\/p>\n<\/div>\n<div class=\"custom-text \" readability=\"38\">\n<p>Pese a esa versi\u00f3n, en la dirigencia de V\u00e9lez aseguraban que iban \u201cd\u00eda a d\u00eda\u201d y no pon\u00edan plazos al ciclo de Medina, pero el l\u00edmite fue esta nueva derrota con el rival con diez jugadores y un escenario que parec\u00eda favorable para la recuperaci\u00f3n por c\u00f3mo se estaba dando el encuentro en los minutos finales, con todo el apoyo de su gente en un estadio con las tribunas repletas y unos 30.000 hinchas locales.<\/p>\n<\/div>\n<div class=\"sc-489cef11-0 jHGTKj\" readability=\"6\">\n<section readability=\"2\"><picture><img class=\"img\" src=\"http:\/\/hoycordobaweb.com\/wp-content\/uploads\/2023\/02\/el-cacique-medina-se-fue-cuatro-meses-tarde-y-ahora-5.jpg\" alt=\"Los memes del triunfo de Boca ante V\u00e9lez \" height=\"290\" width=\"290\" loading=\"lazy\"><\/picture>\n<p><span>Mir\u00e1 tambi\u00e9n<\/span><\/p>\n<hr>\n<h3>Los memes del triunfo de Boca ante V\u00e9lez <\/h3>\n<\/p>\n<\/section>\n<\/div>\n","protected":false},"excerpt":{"rendered":"<p>Desde que se termin\u00f3 el torneo pasado que el ciclo de Alexander Medina estaba terminado en V\u00e9lez. Y no es que lo dijera yo, lo dec\u00edan sus (flojos) n\u00fameros. \u00bfQu\u00e9 cambi\u00f3 desde que termin\u00f3 el campeonato anterior? Nada. No se encontr\u00f3 un estilo de juego, no le dio forma al equipo, no se cae una [&hellip;]<\/p>\n","protected":false},"author":1,"featured_media":56025,"comment_status":"open","ping_status":"closed","sticky":false,"template":"","format":"standard","meta":[],"categories":[16],"tags":[],"_links":{"self":[{"href":"http:\/\/hoycordobaweb.com\/index.php\/wp-json\/wp\/v2\/posts\/56024"}],"collection":[{"href":"http:\/\/hoycordobaweb.com\/index.php\/wp-json\/wp\/v2\/posts"}],"about":[{"href":"http:\/\/hoycordobaweb.com\/index.php\/wp-json\/wp\/v2\/types\/post"}],"author":[{"embeddable":true,"href":"http:\/\/hoycordobaweb.com\/index.php\/wp-json\/wp\/v2\/users\/1"}],"replies":[{"embeddable":true,"href":"http:\/\/hoycordobaweb.com\/index.php\/wp-json\/wp\/v2\/comments?post=56024"}],"version-history":[{"count":0,"href":"http:\/\/hoycordobaweb.com\/index.php\/wp-json\/wp\/v2\/posts\/56024\/revisions"}],"wp:featuredmedia":[{"embeddable":true,"href":"http:\/\/hoycordobaweb.com\/index.php\/wp-json\/wp\/v2\/media\/56025"}],"wp:attachment":[{"href":"http:\/\/hoycordobaweb.com\/index.php\/wp-json\/wp\/v2\/media?parent=56024"}],"wp:term":[{"taxonomy":"category","embeddable":true,"href":"http:\/\/hoycordobaweb.com\/index.php\/wp-json\/wp\/v2\/categories?post=56024"},{"taxonomy":"post_tag","embeddable":true,"href":"http:\/\/hoycordobaweb.com\/index.php\/wp-json\/wp\/v2\/tags?post=56024"}],"curies":[{"name":"wp","href":"https:\/\/api.w.org\/{rel}","templated":true}]}}