{"id":55983,"date":"2023-02-25T14:27:58","date_gmt":"2023-02-25T14:27:58","guid":{"rendered":"https:\/\/www.ole.com.ar\/padel\/world-padel-championship-2024-qatar-major-premier-padel_0_1MLoFrbfwG.html"},"modified":"2023-02-25T14:27:58","modified_gmt":"2023-02-25T14:27:58","slug":"qatar-quiere-organizar-el-mundial-de-padel-2024-estamos-listos-para-tenerlo-de-nuevo","status":"publish","type":"post","link":"http:\/\/hoycordobaweb.com\/index.php\/2023\/02\/25\/qatar-quiere-organizar-el-mundial-de-padel-2024-estamos-listos-para-tenerlo-de-nuevo\/","title":{"rendered":"Qatar quiere organizar el Mundial de p\u00e1del 2024: \u00abEstamos listos para tenerlo de nuevo\u00bb"},"content":{"rendered":"<p><img src=\"http:\/\/hoycordobaweb.com\/wp-content\/uploads\/2023\/02\/qatar-quiere-organizar-el-mundial-de-padel-2024-estamos-listos-para-tenerlo-de-nuevo.jpg\"><\/p>\n<div class=\"custom-text \" readability=\"35\">\n<p>Doha es la sede elegida para levantar el tel\u00f3n de la segunda temporada de Premier Padel: <strong>el Qatar Major 2023 cerrar\u00e1 un mes intenso de actividad en el Khalifa Complex<\/strong> -ubicado en el coraz\u00f3n de la capital qatar\u00ed- donde hace una semana la polaca Iga Swiatek se coron\u00f3 en el WTA 500 y este s\u00e1bado el brit\u00e1nico Andy Murray y el ruso Daniil Medv\u00e9dev definir\u00e1n el t\u00edtulo del ATP 250.<\/p>\n<\/div>\n<div class=\"custom-text \" readability=\"39\">\n<p>Desde el martes 28 y hasta el domingo 5 de marzo, las estrellas de la rama masculina pondr\u00e1n en juego el cetro que el a\u00f1o pasado qued\u00f3 en manos de Navarro &amp; Di Nenno, hoy ya separados<strong>. Los campeones de har\u00e1n con 2.000 puntos para el ranking FIP (Federaci\u00f3n Internacional de Padel) mientras que habr\u00e1 525.000 d\u00f3lares en premios,<\/strong> un price money que es -a d\u00eda de hoy- el m\u00e1s alto para un torneo de p\u00e1del junto con los otros tres &#8216;grandes&#8217; de Premier: Roma, Par\u00eds y Monterrey.<\/p>\n<\/div>\n<div class=\"custom-text \" readability=\"36\">\n<p>Ol\u00e9 -junto con Wall- hablaron mano a mano con Tareq Zainal, director del Qatar Major y secretario general de la QTF, entidad que es presidida por Nasser Al Khelaifi -un rostro reconocido en Argentina por ser el pope del PSG-.<\/p>\n<\/div>\n<div class=\"sc-996041c8-0 kvfKM\"><img alt=\"Tareq Zainal (izquierda) junto con Gal\u00e1n, Nasser Al Khelaifi, Lebr\u00f3n y Luigi Carraro.\" src=\"http:\/\/hoycordobaweb.com\/wp-content\/uploads\/2023\/02\/qatar-quiere-organizar-el-mundial-de-padel-2024-estamos-listos-para-tenerlo-de-nuevo-2.jpg\" width=\"720\" height=\"0\" decoding=\"async\" data-nimg=\"future\" loading=\"lazy\"><span>Tareq Zainal (izquierda) junto con Gal\u00e1n, Nasser Al Khelaifi, Lebr\u00f3n y Luigi Carraro.<\/span><\/div>\n<div class=\"custom-text \" readability=\"32\">\n<p><strong>\u00bfQu\u00e9 deber\u00edamos esperar de la segunda edici\u00f3n del Qatar Major?<\/strong><\/p>\n<\/div>\n<div class=\"custom-text \" readability=\"41\">\n<p>Primero, que estamos muy felices de que se juegue en el mismo lugar, en el Complex Khalifa, teniendo a los jugadores TOP y que se hayan sumado grandes nombres que el a\u00f1o pasado no hab\u00edan formado parte del torneo y esta a\u00f1o s\u00ed (NdR: Tapia, Lamperti, Juan Mart\u00edn D\u00edaz&#8230;). El torneo se caracteriza por dar la mejor log\u00edstica y el confort para que todos los deportistas puedan jugar en su mejor nivel. Nuestro esfuerzo es el t\u00e9rminos de hoteles, transportes y actividades: queremos proveer todo para que los jugadores puedan darnos un alto nivel de juego. Lo que m\u00e1s nos reconforta es que todos se sientan a gusto en Doha.<\/p>\n<\/div>\n<div class=\"custom-text \" readability=\"33\">\n<p><strong>&#8211; Han tenido un WTA 500, un ATP 250 y ahora Premier. \u00bfSupone un desaf\u00edo?<\/strong><\/p>\n<\/div>\n<div class=\"custom-text \" readability=\"39\">\n<p>Es el primer a\u00f1o que tenemos torneos &#8216;back to back&#8217;, empezando con el de la WTA, siguiendo por ATP y finalizando con Premier. Es un reto para nosotros, especialmente el cambio de deporte del tenis al p\u00e1del: necesitamos ensamblar la pista central en un d\u00eda y medio ya que la colocaci\u00f3n comenzar\u00e1 entre el 26 y 27 y el 28 inicia el cuadro principal. Sin embargo, este a\u00f1os ya construimos las dem\u00e1s pistas del complejo: necesitamos cinco y ya hay cuatro finalizadas. Por lo que s\u00f3lo nos falta la central.<\/p>\n<\/div>\n<div class=\"custom-text \" readability=\"33\">\n<p><strong>&#8211; Hemos tenido grandes noticias para la saluda del deporte ya que Premier estuvo teniendo charlas con el World Padel Tour.<\/strong><\/p>\n<\/div>\n<div class=\"custom-text \" readability=\"36\">\n<p>Ciertamente, escuch\u00e9 lo mismo que vos. Pero no tengo mayor informaci\u00f3n sobre eso. Nosotros, como QTF (Qatar Tennis Federation) no tenemos m\u00e1s informaci\u00f3n al respecto. Premier Padel es una entidad diferente y separada de la QTF pero s\u00ed debo admitir que escuch\u00e9 sobre el tema.<\/p>\n<\/div>\n<div class=\"custom-text \" readability=\"33\">\n<p><strong>&#8211; Como miembro de la QTF, \u00bfqu\u00e9 consider\u00e1s que se deber\u00eda hacer sobre este tema?<\/strong><\/p>\n<\/div>\n<div class=\"custom-text \" readability=\"36\">\n<p>S\u00e9 a lo que apunta tu pregunta. Entre la FIP (Federaci\u00f3n Internacional de Padel), QSI (Qatar Sports Investment) y Premier no hay conflicto, pero se manejan separado a QTF. Yo no estoy involucrado en esta conversaci\u00f3n&#8230;<\/p>\n<\/div>\n<div class=\"custom-text \" readability=\"33\">\n<p><strong>&#8211; El primer a\u00f1o de Premier ha llevado el p\u00e1del a grandes escenarios. \u00bfQu\u00e9 es lo que viene luego?<\/strong><\/p>\n<\/div>\n<div class=\"custom-text \" readability=\"40\">\n<p>Como t\u00fa sabes, el de Qatar es el m\u00e1s alto en cuanto a categor\u00edas con los 2.000 puntos y los 525.000 d\u00f3lares junto con Roland Garros, Italia y M\u00e9xico. La discusi\u00f3n para el a\u00f1o pr\u00f3ximo es poder traer a las mujeres junto con los hombres. El a\u00f1o que viene volveremos a ser anfitriones de un Major, por lo que a\u00fan queda mucho por aprender de nuestros errores y desarrollarnos a\u00f1o tras a\u00f1o. As\u00ed como en el tenis, que empezamos en 1993 con la ATP, queremos hacer a largo plazo uno de los mejores torneos de p\u00e1del del mundo. Queremos que la gente pueda venir y disfrutar y grandes partidos.<\/p>\n<\/div>\n<div class=\"custom-text \" readability=\"32\">\n<p><strong>&#8211; \u00bfEl p\u00e1del crece en Qatar?<\/strong><\/p>\n<\/div>\n<div class=\"custom-text \" readability=\"41\">\n<p>En comparaciones a hace dos o tres a\u00f1os, el p\u00e1del est\u00e1 empezando a crecer. Nuestro primer desaf\u00edo como anfitriones fue el World Padel Championship 2021 luego de ingresar a la FIP, es decir que nos iniciamos con el torneo m\u00e1s importante a nivel federativo como lo es un Mundial. Y seg\u00fan lo que escuch\u00e9 de jugadores, fue un torneo fant\u00e1stico. Fue la primera edici\u00f3n en Asia, mientras que las anteriores se dieron en Europa y en Sudam\u00e9rica, as\u00ed que quiz\u00e1s tenemos en planes el volver a ser anfitriones en el 2024 ya que se d\u00e1 cada dos a\u00f1os. Nos vamos a postular de nuevo, por lo que esperamos ganar y poder recibir otra vez este torneo. Todos aqu\u00ed aman este deporte y estamos listos para tenerlo de nuevo. El p\u00e1del merece m\u00e1s de lo que tiene ahora.<\/p>\n<\/div>\n","protected":false},"excerpt":{"rendered":"<p>Doha es la sede elegida para levantar el tel\u00f3n de la segunda temporada de Premier Padel: el Qatar Major 2023 cerrar\u00e1 un mes intenso de actividad en el Khalifa Complex -ubicado en el coraz\u00f3n de la capital qatar\u00ed- donde hace una semana la polaca Iga Swiatek se coron\u00f3 en el WTA 500 y este s\u00e1bado [&hellip;]<\/p>\n","protected":false},"author":1,"featured_media":55984,"comment_status":"open","ping_status":"closed","sticky":false,"template":"","format":"standard","meta":[],"categories":[16],"tags":[],"_links":{"self":[{"href":"http:\/\/hoycordobaweb.com\/index.php\/wp-json\/wp\/v2\/posts\/55983"}],"collection":[{"href":"http:\/\/hoycordobaweb.com\/index.php\/wp-json\/wp\/v2\/posts"}],"about":[{"href":"http:\/\/hoycordobaweb.com\/index.php\/wp-json\/wp\/v2\/types\/post"}],"author":[{"embeddable":true,"href":"http:\/\/hoycordobaweb.com\/index.php\/wp-json\/wp\/v2\/users\/1"}],"replies":[{"embeddable":true,"href":"http:\/\/hoycordobaweb.com\/index.php\/wp-json\/wp\/v2\/comments?post=55983"}],"version-history":[{"count":0,"href":"http:\/\/hoycordobaweb.com\/index.php\/wp-json\/wp\/v2\/posts\/55983\/revisions"}],"wp:featuredmedia":[{"embeddable":true,"href":"http:\/\/hoycordobaweb.com\/index.php\/wp-json\/wp\/v2\/media\/55984"}],"wp:attachment":[{"href":"http:\/\/hoycordobaweb.com\/index.php\/wp-json\/wp\/v2\/media?parent=55983"}],"wp:term":[{"taxonomy":"category","embeddable":true,"href":"http:\/\/hoycordobaweb.com\/index.php\/wp-json\/wp\/v2\/categories?post=55983"},{"taxonomy":"post_tag","embeddable":true,"href":"http:\/\/hoycordobaweb.com\/index.php\/wp-json\/wp\/v2\/tags?post=55983"}],"curies":[{"name":"wp","href":"https:\/\/api.w.org\/{rel}","templated":true}]}}