{"id":55949,"date":"2023-02-24T16:51:00","date_gmt":"2023-02-24T16:51:00","guid":{"rendered":"http:\/\/hoycordobaweb.com\/index.php\/2023\/02\/24\/reclamo-de-trabajadores-de-la-salud-para-que-larreta-deje-de-vaciar-la-salud-publica\/"},"modified":"2023-02-24T16:51:00","modified_gmt":"2023-02-24T16:51:00","slug":"reclamo-de-trabajadores-de-la-salud-para-que-larreta-deje-de-vaciar-la-salud-publica","status":"publish","type":"post","link":"http:\/\/hoycordobaweb.com\/index.php\/2023\/02\/24\/reclamo-de-trabajadores-de-la-salud-para-que-larreta-deje-de-vaciar-la-salud-publica\/","title":{"rendered":"Reclamo de trabajadores de la salud para que Larreta \u00abdeje de vaciar la salud p\u00fablica\u00bb"},"content":{"rendered":"<p><img src=\"http:\/\/hoycordobaweb.com\/wp-content\/uploads\/2023\/02\/reclamo-de-trabajadores-de-la-salud-para-que-larreta-deje-de-vaciar-la-salud-publica.jpg\"><\/p>\n<figure class=\"mb-3\"><img loading=\"lazy\" src=\"http:\/\/hoycordobaweb.com\/wp-content\/uploads\/2023\/02\/reclamo-de-trabajadores-de-la-salud-para-que-larreta-deje-de-vaciar-la-salud-publica-2.jpg\" width=\"100%\" height=\"100%\" alt=\"Foto Victoria Gesualdi\"><figcaption> Foto: Victoria Gesualdi. <\/figcaption><\/figure>\n<p>Trabajadores de la salud p\u00fablica porte\u00f1os, agrupados en ATE, realizaron una nueva jornada de protesta para exigir que el jefe de Gobierno, Horacio Rodr\u00edguez Larreta, y el ministro de Salud, Fern\u00e1n Quir\u00f3s, <strong>\u00abdejen de vaciar la salud p\u00fablica\u00bb<\/strong> y reclamaron por la \u00abinstalaci\u00f3n de refrigeraci\u00f3n en las salas de internaci\u00f3n y quir\u00f3fanos, y la apertura del servicio de salud mental\u00bb.<\/p>\n<p>\u00abLas y los trabajadores de la salud queremos <strong>exigir al Ministro de Salud Fern\u00e1n Quir\u00f3s y Horacio Rodr\u00edguez Larreta<\/strong>: instalaci\u00f3n de aire acondicionado y calefacci\u00f3n en los servicios de internaci\u00f3n y quir\u00f3fano de los Hospitales, soluci\u00f3n inmediata de las 1.000 cirug\u00edas postergadas en el Hospital Durand y apertura del servicio de Salud Metal, para evitar m\u00e1s muertes en el nosocomio\u00bb, explic\u00f3 ATE en un comunicado.<\/p>\n<blockquote class=\"twitter-tweet\" readability=\"6.0978260869565\">\n<p lang=\"es\" dir=\"ltr\"><a href=\"https:\/\/twitter.com\/hashtag\/HospitalDurand?src=hash&amp;ref_src=twsrc%5Etfw\">#HospitalDurand<\/a>: <br \/>Sala de internaci\u00f3n Cardiolog\u00eda, familiares llevan ventiladores a los pacientes internados, por qu\u00e9 los equipos de refrigeraci\u00f3n no funcionan.<a href=\"https:\/\/twitter.com\/horaciorlarreta?ref_src=twsrc%5Etfw\">@horaciorlarreta<\/a> <a href=\"https:\/\/twitter.com\/FernanQuirosBA?ref_src=twsrc%5Etfw\">@FernanQuirosBA<\/a> <a href=\"https:\/\/t.co\/4S0Q0vVJKa\">pic.twitter.com\/4S0Q0vVJKa<\/a><\/p>\n<p>\u2014 ATE HOSPITAL DURAND (@ATEDURAND) <a href=\"https:\/\/twitter.com\/ATEDURAND\/status\/1625512345123409920?ref_src=twsrc%5Etfw\">February 14, 2023<\/a><\/p><\/blockquote>\n<p>Los trabajadores llevaron a cabo la protesta desde las 11 horas frente al Hospital Durand, ubicado en Avenida D\u00edaz V\u00e9lez 5044, en el barrio porte\u00f1o Caballito.<\/p>\n<p>Desde ATE adelantaron que \u00abla primera de varias convocatorias\u00bb y aseguraron que el pr\u00f3ximo lunes definir\u00e1n una nueva protesta frente a otro Hospital porte\u00f1o, d\u00f3nde llevar\u00e1n a cabo un corte de calle para visibilizar el reclamo.<\/p>\n<figure class=\"mb-3\"><img loading=\"lazy\" src=\"http:\/\/hoycordobaweb.com\/wp-content\/uploads\/2023\/02\/reclamo-de-trabajadores-de-la-salud-para-que-larreta-deje-de-vaciar-la-salud-publica-3.jpg\" width=\"100%\" height=\"100%\" alt=\"Foto Victoria Gesualdi\"><figcaption> Foto: Victoria Gesualdi. <\/figcaption><\/figure>\n<p>Esta situaci\u00f3n hab\u00eda sido denunciada hace una semana por delegados de ATE, cuando advirtieron sobre la<strong> suspensi\u00f3n de m\u00e1s de 20 cirug\u00edas diarias debido a las altas temperaturas<\/strong> dentro de los quir\u00f3fanos por la falta de mantenimiento de los aires acondicionados.<\/p>\n<p><strong>\u00abLa problem\u00e1tica esta sucediendo en la mayor\u00eda de los hospitales, pero especialmente en el Hospital Durand y el Hospital Oftalmol\u00f3gico Lagleyze. En el verano se sufre mucho y se tuvieron que suspender operaciones\u00bb<\/strong>, denunci\u00f3 el delegado de ATE H\u00e9ctor Ortiz en declaraciones para T\u00e9lam.<\/p>\n<figure class=\"mb-3\"><img loading=\"lazy\" src=\"http:\/\/hoycordobaweb.com\/wp-content\/uploads\/2023\/02\/reclamo-de-trabajadores-de-la-salud-para-que-larreta-deje-de-vaciar-la-salud-publica-4.jpg\" width=\"100%\" height=\"100%\" alt=\"Foto Victoria Gesualdi\"><figcaption> Foto: Victoria Gesualdi. <\/figcaption><\/figure>\n<p>Ortiz, que se desempe\u00f1a como enfermero en el Hospital Durand, sostuvo que la administraci\u00f3n porte\u00f1a \u00abno hace nada\u00bb y se repiten los problemas porque \u00abni al ministro de Salud, Fern\u00e1n Quir\u00f3s, ni al jefe de Gobierno Horacio Rodr\u00edguez Larreta les interesa la salud p\u00fablica\u00bb.<\/p>\n<p>Desde ATE hab\u00edan advertido que, de no tener respuestas, se movilizar\u00edan frente al Durand para reclamar por la falta de infraestructura hospitalaria.<\/p>\n<p>Adem\u00e1s, los trabajadores reclamaron por el <strong>\u00abno al cese de contratos del personal de enfermer\u00eda y nombramiento urgente de personal administrativo\u00bb.<\/strong>&nbsp;<\/p>\n<blockquote class=\"twitter-tweet\" readability=\"1.958041958042\">\n<p lang=\"qme\" dir=\"ltr\"><a href=\"https:\/\/twitter.com\/hashtag\/larreta?src=hash&amp;ref_src=twsrc%5Etfw\">#larreta<\/a> <a href=\"https:\/\/twitter.com\/hashtag\/quir%C3%B3s?src=hash&amp;ref_src=twsrc%5Etfw\">#quir\u00f3s<\/a> <a href=\"https:\/\/twitter.com\/hashtag\/saludpublica?src=hash&amp;ref_src=twsrc%5Etfw\">#saludpublica<\/a> <a href=\"https:\/\/twitter.com\/hashtag\/hospitaldurand?src=hash&amp;ref_src=twsrc%5Etfw\">#hospitaldurand<\/a> <a href=\"https:\/\/t.co\/V2e6CYvwsA\">pic.twitter.com\/V2e6CYvwsA<\/a><\/p>\n<p>\u2014 Frente de Unidad Germ\u00e1n Abdala (@FrenteGerman) <a href=\"https:\/\/twitter.com\/FrenteGerman\/status\/1628783304328478720?ref_src=twsrc%5Etfw\">February 23, 2023<\/a><\/p><\/blockquote>\n","protected":false},"excerpt":{"rendered":"<p>Foto: Victoria Gesualdi. Trabajadores de la salud p\u00fablica porte\u00f1os, agrupados en ATE, realizaron una nueva jornada de protesta para exigir que el jefe de Gobierno, Horacio Rodr\u00edguez Larreta, y el ministro de Salud, Fern\u00e1n Quir\u00f3s, \u00abdejen de vaciar la salud p\u00fablica\u00bb y reclamaron por la \u00abinstalaci\u00f3n de refrigeraci\u00f3n en las salas de internaci\u00f3n y quir\u00f3fanos, [&hellip;]<\/p>\n","protected":false},"author":1,"featured_media":55950,"comment_status":"open","ping_status":"closed","sticky":false,"template":"","format":"standard","meta":[],"categories":[19],"tags":[],"_links":{"self":[{"href":"http:\/\/hoycordobaweb.com\/index.php\/wp-json\/wp\/v2\/posts\/55949"}],"collection":[{"href":"http:\/\/hoycordobaweb.com\/index.php\/wp-json\/wp\/v2\/posts"}],"about":[{"href":"http:\/\/hoycordobaweb.com\/index.php\/wp-json\/wp\/v2\/types\/post"}],"author":[{"embeddable":true,"href":"http:\/\/hoycordobaweb.com\/index.php\/wp-json\/wp\/v2\/users\/1"}],"replies":[{"embeddable":true,"href":"http:\/\/hoycordobaweb.com\/index.php\/wp-json\/wp\/v2\/comments?post=55949"}],"version-history":[{"count":0,"href":"http:\/\/hoycordobaweb.com\/index.php\/wp-json\/wp\/v2\/posts\/55949\/revisions"}],"wp:featuredmedia":[{"embeddable":true,"href":"http:\/\/hoycordobaweb.com\/index.php\/wp-json\/wp\/v2\/media\/55950"}],"wp:attachment":[{"href":"http:\/\/hoycordobaweb.com\/index.php\/wp-json\/wp\/v2\/media?parent=55949"}],"wp:term":[{"taxonomy":"category","embeddable":true,"href":"http:\/\/hoycordobaweb.com\/index.php\/wp-json\/wp\/v2\/categories?post=55949"},{"taxonomy":"post_tag","embeddable":true,"href":"http:\/\/hoycordobaweb.com\/index.php\/wp-json\/wp\/v2\/tags?post=55949"}],"curies":[{"name":"wp","href":"https:\/\/api.w.org\/{rel}","templated":true}]}}