{"id":55947,"date":"2023-02-24T16:56:00","date_gmt":"2023-02-24T16:56:00","guid":{"rendered":"http:\/\/hoycordobaweb.com\/index.php\/2023\/02\/24\/la-guerra-en-ucrania-impulso-la-utilizacion-de-las-energias-renovables\/"},"modified":"2023-02-24T16:56:00","modified_gmt":"2023-02-24T16:56:00","slug":"la-guerra-en-ucrania-impulso-la-utilizacion-de-las-energias-renovables","status":"publish","type":"post","link":"http:\/\/hoycordobaweb.com\/index.php\/2023\/02\/24\/la-guerra-en-ucrania-impulso-la-utilizacion-de-las-energias-renovables\/","title":{"rendered":"La guerra en Ucrania impuls\u00f3 la utilizaci\u00f3n de las energ\u00edas renovables"},"content":{"rendered":"<p><img src=\"http:\/\/hoycordobaweb.com\/wp-content\/uploads\/2023\/02\/la-guerra-en-ucrania-impulso-la-utilizacion-de-las-energias-renovables.jpg\"><\/p>\n<figure class=\"mb-3\"><img loading=\"lazy\" src=\"http:\/\/hoycordobaweb.com\/wp-content\/uploads\/2023\/02\/la-guerra-en-ucrania-impulso-la-utilizacion-de-las-energias-renovables-2.jpg\" width=\"100%\" height=\"100%\" alt=\"La suma de la energa elica y solar alcanzaron un 22 de la generacin de energa en la Unin Europea en 2022 Foto archivo\"><figcaption> La suma de la energ\u00eda e\u00f3lica y solar alcanzaron un 22% de la generaci\u00f3n de energ\u00eda en la Uni\u00f3n Europea en 2022. Foto: archivo. <\/figcaption><\/figure>\n<p>A un a\u00f1o del inicio del conflicto b\u00e9lico entre Rusia y Ucrania, una de las consecuencias inesperadas de la guerra fue el aumento de m\u00e1s del 20% del uso de las energ\u00edas e\u00f3lica y solar en la Uni\u00f3n Europea (UE), que sustituy\u00f3 casi el 75% de las importaciones rusas de gas f\u00f3sil, mientras que el mundo est\u00e1 listo para agregar tanta energ\u00eda renovable en los pr\u00f3ximos cinco a\u00f1os como lo hizo en los \u00faltimos 20, seg\u00fan un nuevo an\u00e1lisis de Zero Carbon Analytics.<\/p>\n<p>En su an\u00e1lisis \u00abMercados energ\u00e9ticos, un a\u00f1o despu\u00e9s de la invasi\u00f3n de Ucrania\u00bb, este grupo de investigaci\u00f3n internacional explic\u00f3 que la<strong> restricci\u00f3n del env\u00edo de gas de Rusia a la UE signific\u00f3 la sustituci\u00f3n de casi el 75% de las importaciones de este combustible <\/strong>en ese territorio, mientras que la demanda mundial de gas se estanc\u00f3 por primera vez y se prev\u00e9 que alcance su punto m\u00e1ximo a finales de la d\u00e9cada.<\/p>\n<p>\u00abAntes de su invasi\u00f3n de Ucrania, Rusia era, con mucho, el mayor exportador mundial de petr\u00f3leo y gas natural a los mercados mundiales. Desde entonces, su posici\u00f3n ha disminuido dr\u00e1sticamente. Los flujos de gasoducto de Rusia a Europa se han desplomado un 80% en s\u00f3lo un a\u00f1o\u00bb, asegur\u00f3<strong> Fatih Birol, director ejecutivo de la Agencia Internacional de Energ\u00eda<\/strong> (IEA), y sostuvo que \u00ablas alternativas m\u00e1s limpias a los combustibles f\u00f3siles est\u00e1n creciendo r\u00e1pidamente a medida que los gobiernos buscan fortalecer su seguridad energ\u00e9tica\u00bb.<\/p>\n<figure class=\"mb-3\"><img loading=\"lazy\" src=\"http:\/\/hoycordobaweb.com\/wp-content\/uploads\/2023\/02\/la-guerra-en-ucrania-impulso-la-utilizacion-de-las-energias-renovables-3.jpg\" width=\"100%\" height=\"100%\" alt=\"Telam SE\"><figcaption><\/figcaption><\/figure>\n<p>La<strong> suma de la energ\u00eda e\u00f3lica y solar alcanzaron un 22% de la generaci\u00f3n de energ\u00eda en la Uni\u00f3n Europea en 2022<\/strong>, lo que supone una cifra r\u00e9cord que supera por primera vez a las energ\u00edas producidas con combustibles f\u00f3siles, que se situaron en un 20% del total, seg\u00fan el estudio \u00abEuropean Electricity Review\u00bb.<\/p>\n<p>Desde Zero Carbon Analytics, aseguraron que el mundo est\u00e1 listo para a\u00f1adir tanta energ\u00eda renovable en los pr\u00f3ximos cinco a\u00f1os como en los \u00faltimos 20.<\/p>\n<p>\u00abLa capacidad de energ\u00eda renovable a\u00f1adida en todo el mundo aument\u00f3 alrededor de un cuarto en 2022. Las ventas mundiales de autom\u00f3viles el\u00e9ctricos aumentaron cerca del 60%, las inversiones en eficiencia energ\u00e9tica aumentaron, al igual que las instalaciones de bombas de calor. Y ahora, la energ\u00eda nuclear est\u00e1 regresando con fuerza\u00bb, precis\u00f3 Birol.<\/p>\n<p>\u00abMi esperanza y expectativa es que no se detengan ahora. En su lugar, deben seguir adelante para acelerar a\u00fan m\u00e1s las transiciones de energ\u00eda limpia\u00bb, opin\u00f3 el experto.<\/p>\n<h2 class>La ca\u00edda de la demanda de gas<\/h2>\n<p>En la <strong>UE cay\u00f3 10% en los primeros nueve meses de 2022 <\/strong>y se espera que caiga en un 43% para 2030 si la UE cumple sus compromisos clim\u00e1ticos a largo plazo.<\/p>\n<p>En el estudio de Zero Carbon Analytics, se pronostic\u00f3 que la demanda de gas alcanzar\u00e1 su punto m\u00e1ximo para fines de la d\u00e9cada.<\/p>\n<p>Mientras tanto, los<strong> altos precios del gas y el carb\u00f3n representaron el 90% del aumento en los costos de electricidad en todo el mundo en 2022<\/strong>.<\/p>\n<p>\u00abLa insensible invasi\u00f3n de Ucrania por parte de Rusia ha reescrito la historia de Europa. Sus fundamentos son el coraje de los ucranianos y la necesidad de una nueva geopol\u00edtica de la energ\u00eda renovable: donde el gas no debe armarse y los aut\u00f3cratas no deben ser apoyados con dinero cuya fuente es la sangre\u00bb, asegur\u00f3<strong> Laurence Tubiana, CEO de la Fundaci\u00f3n Europea para el Clima<\/strong>.<\/p>\n<p>Para <strong>Marcelo \u00c1lvarez, presidente del comit\u00e9 solar de la C\u00e1mara de Energ\u00eda Renovables (Cader) de la Argentina<\/strong>, este desarrollo de las energ\u00edas renovables como consecuencia de la guerra de Rusia y Ucrania \u00abtuvo un impacto m\u00e1s fuerte en Europa pero tuvo su rebote en Am\u00e9rica Latina\u00bb.<\/p>\n<p>\u00abPodes ver el vaso medio lleno o medio vac\u00edo. Se quintuplic\u00f3 la capacidad instalada de energ\u00eda renovable en nuestra matriz energ\u00e9tica: pas\u00f3 de ser un 2% en 2015 a un 14% en el d\u00eda de hoy. Es un crecimiento sostenido y r\u00e1pido pero que est\u00e1 lejos de lo que marca la Ley 27.191, ya que deber\u00edamos haber estado el a\u00f1o pasado en el 16% para llegar a la meta del 20% de la matriz el\u00e9ctrica para 2025\u00bb, explic\u00f3 a T\u00e9lam.<\/p>\n<p>De la <strong>energ\u00eda renovable que se produce en el pa\u00eds, 75% es e\u00f3lica, 20% solar y 5% biomasa<\/strong>, seg\u00fan datos de la Cader.<\/p>\n<p>\u00c1lvarez destac\u00f3 que es posible desarrollar la transici\u00f3n energ\u00e9tica gracias a que la Argentina cuenta con un importante desarrollo industrial, cient\u00edfico y tecnol\u00f3gico, pero a\u00fan permanecen ciertos problemas estructurales en estos proyectos.<\/p>\n<p>\u00abTenemos una falta de infraestructura para transportar esa energ\u00eda hacia los centros de consumo, donde el 40% est\u00e1 en Buenos Aires. Hubo una falta de inversi\u00f3n en los \u00faltimos 15 a\u00f1os y necesitamos recuperar capacidad de transporte para poder hacer nuevos y grandes parques e\u00f3licos o solares\u00bb, asever\u00f3.<\/p>\n<p>En tanto, \u00c1lvarez aclar\u00f3 que los problemas de financiamiento internacional que tiene la Argentina atentan contra esta transformaci\u00f3n.<\/p>\n<p>\u00abLas renovables son m\u00e1s baratas que las f\u00f3siles pero con estos problemas de financiaci\u00f3n se invierte en los f\u00f3siles que son m\u00e1s f\u00e1ciles. El desaf\u00edo que tienen las renovables es crear un sistema que administre de forma m\u00e1s barata, el principal reto no es tecnol\u00f3gico sino administrativo\u00bb, concluy\u00f3.<\/p>\n","protected":false},"excerpt":{"rendered":"<p>La suma de la energ\u00eda e\u00f3lica y solar alcanzaron un 22% de la generaci\u00f3n de energ\u00eda en la Uni\u00f3n Europea en 2022. Foto: archivo. A un a\u00f1o del inicio del conflicto b\u00e9lico entre Rusia y Ucrania, una de las consecuencias inesperadas de la guerra fue el aumento de m\u00e1s del 20% del uso de las [&hellip;]<\/p>\n","protected":false},"author":1,"featured_media":55948,"comment_status":"open","ping_status":"closed","sticky":false,"template":"","format":"standard","meta":[],"categories":[19],"tags":[],"_links":{"self":[{"href":"http:\/\/hoycordobaweb.com\/index.php\/wp-json\/wp\/v2\/posts\/55947"}],"collection":[{"href":"http:\/\/hoycordobaweb.com\/index.php\/wp-json\/wp\/v2\/posts"}],"about":[{"href":"http:\/\/hoycordobaweb.com\/index.php\/wp-json\/wp\/v2\/types\/post"}],"author":[{"embeddable":true,"href":"http:\/\/hoycordobaweb.com\/index.php\/wp-json\/wp\/v2\/users\/1"}],"replies":[{"embeddable":true,"href":"http:\/\/hoycordobaweb.com\/index.php\/wp-json\/wp\/v2\/comments?post=55947"}],"version-history":[{"count":0,"href":"http:\/\/hoycordobaweb.com\/index.php\/wp-json\/wp\/v2\/posts\/55947\/revisions"}],"wp:featuredmedia":[{"embeddable":true,"href":"http:\/\/hoycordobaweb.com\/index.php\/wp-json\/wp\/v2\/media\/55948"}],"wp:attachment":[{"href":"http:\/\/hoycordobaweb.com\/index.php\/wp-json\/wp\/v2\/media?parent=55947"}],"wp:term":[{"taxonomy":"category","embeddable":true,"href":"http:\/\/hoycordobaweb.com\/index.php\/wp-json\/wp\/v2\/categories?post=55947"},{"taxonomy":"post_tag","embeddable":true,"href":"http:\/\/hoycordobaweb.com\/index.php\/wp-json\/wp\/v2\/tags?post=55947"}],"curies":[{"name":"wp","href":"https:\/\/api.w.org\/{rel}","templated":true}]}}