{"id":55927,"date":"2023-02-24T15:18:35","date_gmt":"2023-02-24T15:18:35","guid":{"rendered":"https:\/\/www.ole.com.ar\/ecuador\/la-tri\/ecuador-sudamericano-sub-17-grupo-tri_0_PODIioxT7V.html"},"modified":"2023-02-24T15:18:35","modified_gmt":"2023-02-24T15:18:35","slug":"la-tri-sub-17-ya-conoce-a-sus-rivales-de-grupo-para-sudamericano","status":"publish","type":"post","link":"http:\/\/hoycordobaweb.com\/index.php\/2023\/02\/24\/la-tri-sub-17-ya-conoce-a-sus-rivales-de-grupo-para-sudamericano\/","title":{"rendered":"La Tri Sub 17 ya conoce a sus rivales de grupo para Sudamericano"},"content":{"rendered":"<p><img src=\"http:\/\/hoycordobaweb.com\/wp-content\/uploads\/2023\/02\/la-tri-sub-17-ya-conoce-a-sus-rivales-de-grupo-para-sudamericano.jpg\"><\/p>\n<div class=\"custom-text \" readability=\"38\">\n<p>La Tri Sub 17 ya conoce a sus rivales para el comienzo del Sudamericano del que ser\u00e1 local. <strong>Este viernes se realiz\u00f3 el sorteo de los grupos y a Ecuador le tocaron contrincantes bastante complicados: Chile, Uruguay, Brasil y Colombia<\/strong> ser\u00e1n los equipos que se enfrentar\u00e1n a los dirigidos por Diego Mart\u00ednez en el Grupo A, del cual el combinado ecuatoriano es cabeza por ser anfitri\u00f3n.<\/p>\n<\/div>\n<div class=\"custom-text \" readability=\"43\">\n<p>Del otro lado, en el Grupo B, <strong>estar\u00e1n Argentina (cabeza por ser el \u00faltimo campe\u00f3n), Paraguay, Per\u00fa, Venezuela y Bolivia.<\/strong> Esta zona, a priori, no pareciera ser tan dif\u00edcil como lo ser\u00e1 la otra. Sin embargo, todo puede pasar y las selecciones buscar\u00e1n llevarse su premio: clasificar al hexagonal final y lograr luego la ansiada clasificaci\u00f3n al Mundial de la categor\u00eda.<\/p>\n<\/div>\n<div class=\"sc-996041c8-0 kvfKM\"><img alt=\"As\u00ed quedaron los grupos del Sudamericano. Foto: Conmebol.\" src=\"http:\/\/hoycordobaweb.com\/wp-content\/uploads\/2023\/02\/la-tri-sub-17-ya-conoce-a-sus-rivales-de-grupo-para-sudamericano-2.jpg\" width=\"720\" height=\"0\" decoding=\"async\" data-nimg=\"future\" loading=\"lazy\"><span>As\u00ed quedaron los grupos del Sudamericano. Foto: Conmebol.<\/span><\/div>\n<div class=\"sc-489cef11-0 jHGTKj\" readability=\"6\">\n<section readability=\"2\"><picture><img class=\"img\" src=\"http:\/\/hoycordobaweb.com\/wp-content\/uploads\/2023\/02\/la-tri-sub-17-ya-conoce-a-sus-rivales-de-grupo-para-sudamericano-3.jpg\" alt=\"Shakira y un nuevo tema que tambi\u00e9n estar\u00eda dedicado a Pique\" height=\"290\" width=\"290\" loading=\"lazy\"><\/picture>\n<p><span>Mir\u00e1 tambi\u00e9n<\/span><\/p>\n<hr>\n<h3>Shakira y un nuevo tema que tambi\u00e9n estar\u00eda dedicado a Pique<\/h3>\n<\/p>\n<\/section>\n<\/div>\n<p><h2><strong>AS\u00cd SE DISPUTAR\u00c1 EL SUDAMERICANO SUB 17<\/strong><\/h2>\n<\/p>\n<div class=\"custom-text \" readability=\"36\">\n<p>El Sudamericano Sub 17 <strong>se disputar\u00e1 en Ecuador desde el 30 de marzo al 23 de abril en dos sedes: Guayaquil y Quito.<\/strong> El formato ser\u00e1 el tradicional en este tipo de torneos juveniles en Conmebol, dos grupos de cinco selecciones en formato todos contra todos. Los tres mejores de cada zona clasifican al hexagonal final.<\/p>\n<\/div>\n<div class=\"custom-text \" readability=\"33\">\n<p>En esa ronda se vuelve a jugar todos contra todos y <strong>los cuatro primeros clasifican al Mundial de la categor\u00eda que se llevar\u00e1 a cabo en Per\u00fa del 10 de noviembre al 2 de diciembre de este a\u00f1o.<\/strong><\/p>\n<\/div>\n<div class=\"custom-text \" readability=\"37\">\n<p>La Mini Tri y Argentina ser\u00e1n los cabezas de serie de cada grupo. Ecuador del grupo A por ser el pa\u00eds anfitri\u00f3n, mientras que Argentina del grupo B por ser el vigente campe\u00f3n del certamen. Aunque ya est\u00e1 clasificada al Mundial por ser local, la selecci\u00f3n peruana tambi\u00e9n participar\u00e1 de esta competencia.<\/p>\n<\/div>\n<div class=\"sc-996041c8-0 kvfKM\"><img alt=\"El Sudamericano Sub-17 se disputar\u00e1 en Ecuador. Foto: Conmebol.\" src=\"http:\/\/hoycordobaweb.com\/wp-content\/uploads\/2023\/02\/la-tri-sub-17-ya-conoce-a-sus-rivales-de-grupo-para-sudamericano-4.jpg\" width=\"720\" height=\"0\" decoding=\"async\" data-nimg=\"future\" loading=\"lazy\"><span>El Sudamericano Sub-17 se disputar\u00e1 en Ecuador. Foto: Conmebol.<\/span><\/div>\n<div class=\"sc-489cef11-0 jHGTKj\" readability=\"6\">\n<section readability=\"2\"><picture><img class=\"img\" src=\"http:\/\/hoycordobaweb.com\/wp-content\/uploads\/2023\/02\/la-tri-sub-17-ya-conoce-a-sus-rivales-de-grupo-para-sudamericano-5.jpg\" alt=\"Copa Libertadores: tremendo golpe en la cara a un arquero\" height=\"290\" width=\"290\" loading=\"lazy\"><\/picture>\n<p><span>Mir\u00e1 tambi\u00e9n<\/span><\/p>\n<hr>\n<h3>Copa Libertadores: tremendo golpe en la cara a un arquero<\/h3>\n<\/p>\n<\/section>\n<\/div>\n<p><h2><strong>EL CAMINO DE ECUADOR<\/strong><\/h2>\n<\/p>\n<div class=\"custom-text \" readability=\"37\">\n<p>La Selecci\u00f3n ecuatoriana Sub 17 empez\u00f3 el domingo 19 su concentraci\u00f3n previo al Sudamericano de la categor\u00eda que se llevar\u00e1 cabo en nuestro pa\u00eds y que da cuatro cupos para el Mundial Per\u00fa 2023. La Mini Tri, conformada actualmente por 26 jugadores, estar\u00e1 en la Casa de la Selecci\u00f3n hasta el martes 11 de marzo.<\/p>\n<\/div>\n<div class=\"custom-text \" readability=\"39\">\n<p>Durante ese tiempo jugar\u00e1 cuatro partidos amistosos, dos contra Brasil (27 de febrero y 2 de marzo) y dos contra Per\u00fa (6 y 10 de marzo) en estadios y horarios por confirmar. <strong>\u00abNos van a consolidar como equipo al darle competencia internacional que nos brinda crecimiento y experiencia positiva de cara al torneo\u00bb, <\/strong>dijo el entrenador de la Sub-17, Diego Mart\u00ednez, sobre estos encuentros.<\/p>\n<\/div>\n<div class=\"sc-489cef11-0 jHGTKj\" readability=\"6\">\n<section readability=\"2\"><picture><img class=\"img\" src=\"http:\/\/hoycordobaweb.com\/wp-content\/uploads\/2023\/02\/la-tri-sub-17-ya-conoce-a-sus-rivales-de-grupo-para-sudamericano-6.jpg\" alt=\"Moi en modo competitivo: gan\u00f3 a sus compa\u00f1eros en un mini-torneo\" height=\"290\" width=\"290\" loading=\"lazy\"><\/picture>\n<p><span>Mir\u00e1 tambi\u00e9n<\/span><\/p>\n<hr>\n<h3>Moi en modo competitivo: gan\u00f3 a sus compa\u00f1eros en un mini-torneo<\/h3>\n<\/p>\n<\/section>\n<\/div>\n<div class=\"sc-996041c8-0 kvfKM\"><img alt=\"La Selecci\u00f3n ecuatoriana sub 17 en la Casa de la Selecci\u00f3n.\" src=\"http:\/\/hoycordobaweb.com\/wp-content\/uploads\/2023\/02\/la-tri-sub-17-ya-conoce-a-sus-rivales-de-grupo-para-sudamericano-7.jpg\" width=\"720\" height=\"0\" decoding=\"async\" data-nimg=\"future\" loading=\"lazy\"><span>La Selecci\u00f3n ecuatoriana sub 17 en la Casa de la Selecci\u00f3n.<\/span><\/div>\n<div class=\"sc-489cef11-0 jHGTKj\" readability=\"6\">\n<section readability=\"2\"><picture><img class=\"img\" src=\"http:\/\/hoycordobaweb.com\/wp-content\/uploads\/2023\/02\/la-tri-sub-17-ya-conoce-a-sus-rivales-de-grupo-para-sudamericano-8.jpg\" alt=\"Las promesas del f\u00fatbol ecuatoriano que jugar\u00e1n en la LigaPro 2023\" height=\"290\" width=\"290\" loading=\"lazy\"><\/picture>\n<p><span>Mir\u00e1 tambi\u00e9n<\/span><\/p>\n<hr>\n<h3>Las promesas del f\u00fatbol ecuatoriano que jugar\u00e1n en la LigaPro 2023<\/h3>\n<\/p>\n<\/section>\n<\/div>\n<div class=\"custom-text \" readability=\"40\">\n<p><strong>\u00abLa lista definitiva para el Conmebol sub 17 est\u00e1 conformada en un 95%, estamos contentos con los observado y con la base que tenemos en la actualidad\u00bb, <\/strong>agreg\u00f3 Mart\u00ednez. El t\u00e9cnico nacional asumi\u00f3 el cargo en julio del 2022 y desde ah\u00ed ha realizado 10 microciclos, observ\u00f3 74 jugadores, adicionalmente a 215 futbolistas en scouting, torneos provinciales y nacionales.<\/p>\n<\/div>\n<div class=\"custom-text \" readability=\"38\">\n<p>Sobre el nivel que se van a encontrar en la competici\u00f3n, que inicia el r\u00f3ximo 30 de marzo, Mart\u00ednez se\u00f1al\u00f3: <strong>\u00abVemos un nivel muy alto con plantillas completas y de calidad que tienen ya jugadores en equipos de primera o en reserva, con 16-17 a\u00f1os, lo que nos motiva a ser competitivos\u00bb.<\/strong><\/p>\n<\/div>\n<div class=\"custom-text \" readability=\"39\">\n<p>Mart\u00ednez desestim\u00f3 que jugar como locales le afecte a ellos como equipos. M\u00e1s bien cree que puede llegar a ser una motivaci\u00f3n extra para los chicos. <strong>\u00abNo nos genera presi\u00f3n extra, estamos disfrutando del camino, sabiendo que es una responsabilidad muy grande hacerlo en casa; nos emociona y motiva jugar con nuestra gente, que los chicos tengan cerca a la familia\u00bb,<\/strong> argument\u00f3.<\/p>\n<\/div>\n<div class=\"sc-489cef11-0 jHGTKj\" readability=\"6\">\n<section readability=\"2\"><picture><img class=\"img\" src=\"http:\/\/hoycordobaweb.com\/wp-content\/uploads\/2023\/02\/la-tri-sub-17-ya-conoce-a-sus-rivales-de-grupo-para-sudamericano-9.jpg\" alt=\"Cat\u00f3lica empat\u00f3 con Millonarios en el debut de la Libertadores \" height=\"290\" width=\"290\" loading=\"lazy\"><\/picture>\n<p><span>Mir\u00e1 tambi\u00e9n<\/span><\/p>\n<hr>\n<h3>Cat\u00f3lica empat\u00f3 con Millonarios en el debut de la Libertadores <\/h3>\n<\/p>\n<\/section>\n<\/div>\n<div class=\"sc-489cef11-0 jHGTKj\" readability=\"6\">\n<section readability=\"2\"><picture><img class=\"img\" src=\"http:\/\/hoycordobaweb.com\/wp-content\/uploads\/2023\/02\/la-tri-sub-17-ya-conoce-a-sus-rivales-de-grupo-para-sudamericano-10.jpg\" alt=\"Refuerzo de lujo: Ronaldinho se suma al equipo de Ibai en la Kings League\" height=\"290\" width=\"290\" loading=\"lazy\"><\/picture>\n<p><span>Mir\u00e1 tambi\u00e9n<\/span><\/p>\n<hr>\n<h3>Refuerzo de lujo: Ronaldinho se suma al equipo de Ibai en la Kings League<\/h3>\n<\/p>\n<\/section>\n<\/div>\n","protected":false},"excerpt":{"rendered":"<p>La Tri Sub 17 ya conoce a sus rivales para el comienzo del Sudamericano del que ser\u00e1 local. Este viernes se realiz\u00f3 el sorteo de los grupos y a Ecuador le tocaron contrincantes bastante complicados: Chile, Uruguay, Brasil y Colombia ser\u00e1n los equipos que se enfrentar\u00e1n a los dirigidos por Diego Mart\u00ednez en el Grupo [&hellip;]<\/p>\n","protected":false},"author":1,"featured_media":55928,"comment_status":"open","ping_status":"closed","sticky":false,"template":"","format":"standard","meta":[],"categories":[16],"tags":[],"_links":{"self":[{"href":"http:\/\/hoycordobaweb.com\/index.php\/wp-json\/wp\/v2\/posts\/55927"}],"collection":[{"href":"http:\/\/hoycordobaweb.com\/index.php\/wp-json\/wp\/v2\/posts"}],"about":[{"href":"http:\/\/hoycordobaweb.com\/index.php\/wp-json\/wp\/v2\/types\/post"}],"author":[{"embeddable":true,"href":"http:\/\/hoycordobaweb.com\/index.php\/wp-json\/wp\/v2\/users\/1"}],"replies":[{"embeddable":true,"href":"http:\/\/hoycordobaweb.com\/index.php\/wp-json\/wp\/v2\/comments?post=55927"}],"version-history":[{"count":0,"href":"http:\/\/hoycordobaweb.com\/index.php\/wp-json\/wp\/v2\/posts\/55927\/revisions"}],"wp:featuredmedia":[{"embeddable":true,"href":"http:\/\/hoycordobaweb.com\/index.php\/wp-json\/wp\/v2\/media\/55928"}],"wp:attachment":[{"href":"http:\/\/hoycordobaweb.com\/index.php\/wp-json\/wp\/v2\/media?parent=55927"}],"wp:term":[{"taxonomy":"category","embeddable":true,"href":"http:\/\/hoycordobaweb.com\/index.php\/wp-json\/wp\/v2\/categories?post=55927"},{"taxonomy":"post_tag","embeddable":true,"href":"http:\/\/hoycordobaweb.com\/index.php\/wp-json\/wp\/v2\/tags?post=55927"}],"curies":[{"name":"wp","href":"https:\/\/api.w.org\/{rel}","templated":true}]}}