{"id":55921,"date":"2023-02-24T11:29:14","date_gmt":"2023-02-24T11:29:14","guid":{"rendered":"https:\/\/manoamanocba.com.ar\/?p=6115"},"modified":"2023-02-24T11:29:14","modified_gmt":"2023-02-24T11:29:14","slug":"12-bandas-locales-seran-protagonistas-del-griego-rock-2023","status":"publish","type":"post","link":"http:\/\/hoycordobaweb.com\/index.php\/2023\/02\/24\/12-bandas-locales-seran-protagonistas-del-griego-rock-2023\/","title":{"rendered":"12 bandas locales ser\u00e1n protagonistas del Griego Rock 2023"},"content":{"rendered":"<div><img src=\"http:\/\/hoycordobaweb.com\/wp-content\/uploads\/2023\/02\/12-bandas-locales-seran-protagonistas-del-griego-rock-2023.jpg\" class=\"ff-og-image-inserted\"><\/div>\n<p>La intensa agenda cultural de febrero en la ciudad cierra con el festival Griego Rock, organizado por la Municipalidad de C\u00f3rdoba a trav\u00e9s de la Secretar\u00eda de Cultura.<\/p>\n<p>El evento se desarrollar\u00e1 en dos jornadas, este s\u00e1bado 25 y domingo 26 desde las 18 horas y con entrada libre y gratuita.<\/p>\n<p>El rasgo distintivo de esta edici\u00f3n ser\u00e1 el protagonismo de los nuevos artistas, con espacio para que el arte desafiante sea lo que prospera e inspira. De esta manera, son de la partida las bandas Son de Ah\u00ed, Juli Rivarola, SIVA, SANTOZ, faunosirena, Eva Gou, Astor Ghres, Malen, Sofi Bonessi, Nati Dubicki, A la vera, luc\u00eda, y Chico Dorado\/933 Crew.<\/p>\n<p>La grilla se dise\u00f1\u00f3 teniendo en cuenta el cupo femenino, y una serie de diversidades: de g\u00e9nero, de edades, y de estilos musicales.<\/p>\n<p>Para conocer a los artistas que conforman la grilla de convocados, ingresar al siguiente archivo:&nbsp;<a href=\"https:\/\/cordoba.gob.ar\/wp-content\/uploads\/2023\/02\/Biograf%C3%ADa-de-artistas-GriegoRock-2023-1.pdf\">Biograf\u00eda de artistas \u2013 GriegoRock 2023<\/a><\/p>\n<p>Con mucho para descubrir, la programaci\u00f3n ofrece proyectos de rock cl\u00e1sico y vintage, pop rock, indie folk, hip-hop, trap y poes\u00eda urbana; rock alternativo, reggae, ska y retro pop et\u00e9reo y er\u00f3tico.<\/p>\n<p>El Festival forma parte de una pol\u00edtica p\u00fablica que prioriza el acceso a la cultura local de calidad y el fortalecimiento de las expresiones musicales cordobesas como parte fundamental de la econom\u00eda creativa.<\/p>\n<p>La programaci\u00f3n 2023 se aliment\u00f3 de dos convocatorias abiertas: una general en donde surgieron tres grupos locales y otra de M\u00fasica Emergente \u2013 Edici\u00f3n Griego Rock, destinada a proyectos j\u00f3venes (integrados por personas de entre 16 y 25 a\u00f1os), que podr\u00e1n editar un trabajo fonogr\u00e1fico en estudio profesional.<\/p>\n<p>A su vez, se complet\u00f3 con propuestas de la curadora, Karol Zingali \u2014referente de la escena musical local. Se convoc\u00f3, tambi\u00e9n, a dise\u00f1adoras\/es y\/o artistas visuales para crear el Afiche\/identidad del Festival.<\/p>\n<p>El Griego Rock propone un encuentro al aire libre para todo p\u00fablico, que funciona como una plataforma de visibilizaci\u00f3n de artistas cordobeses que fortalece el ecosistema musical local.<\/p>\n<p>Cada a\u00f1o convoca a un promedio de 4.000 personas, combinando estilos, generaciones y propuestas musicales. A lo largo de sus ediciones, el festival ha visto pasar numerosas agrupaciones musicales, djs, vjs, solistas, orquestas y elencos municipales, alcanzando a m\u00e1s de 350 m\u00fasicos locales.<\/p>\n<p>Esta es la programaci\u00f3n 2023:<\/p>\n<p><strong>GRILLA<\/strong><\/p>\n<p><strong>\u2022 S\u00e1bado 25\/02<\/strong><\/p>\n<p>Malen<\/p>\n<p>A la vera, luc\u00eda<\/p>\n<p>Sofi Bonessi<\/p>\n<p>faunosirena<\/p>\n<p>Juli Rivarola<\/p>\n<p>Son de Ah\u00ed<\/p>\n<p><strong>\u2022 Domingo 26\/02<\/strong><\/p>\n<p>Chico Dorado\/933 Crew<\/p>\n<p>Nati Dubicki<\/p>\n<p>Astor Ghres<\/p>\n<p>Eva Gou<\/p>\n<p>SIVA<\/p>\n<p>SANTOZ<\/p>\n<p><strong>Ver actas de selecci\u00f3n:<\/strong><\/p>\n<p><a href=\"https:\/\/cordoba.gob.ar\/wp-content\/uploads\/2023\/02\/ACTA-SELECCION-CONVOCATORIA-GR23.pdf\">ACTA SELECCION CONVOCATORIA GR23<\/a><\/p>\n<p><a href=\"https:\/\/cordoba.gob.ar\/wp-content\/uploads\/2023\/02\/AFICHE-GR23-ACTA-SELECCION-CONVOCATORIA-.pdf\">AFICHE GR23 ACTA SELECCION CONVOCATORIA&nbsp;<\/a><\/p>\n<p><a href=\"https:\/\/cordoba.gob.ar\/wp-content\/uploads\/2023\/02\/MUSICA-EMERGENTE-ACTA-SELECCION-CONVOCATORIA-GR23.pdf\">MUSICA EMERGENTE ACTA SELECCION CONVOCATORIA GR23<\/a><\/p>\n","protected":false},"excerpt":{"rendered":"<p>La intensa agenda cultural de febrero en la ciudad cierra con el festival Griego Rock, organizado por la Municipalidad de C\u00f3rdoba a trav\u00e9s de la Secretar\u00eda de Cultura. El evento se desarrollar\u00e1 en dos jornadas, este s\u00e1bado 25 y domingo 26 desde las 18 horas y con entrada libre y gratuita. El rasgo distintivo de [&hellip;]<\/p>\n","protected":false},"author":1,"featured_media":55922,"comment_status":"closed","ping_status":"closed","sticky":false,"template":"","format":"standard","meta":[],"categories":[19],"tags":[],"_links":{"self":[{"href":"http:\/\/hoycordobaweb.com\/index.php\/wp-json\/wp\/v2\/posts\/55921"}],"collection":[{"href":"http:\/\/hoycordobaweb.com\/index.php\/wp-json\/wp\/v2\/posts"}],"about":[{"href":"http:\/\/hoycordobaweb.com\/index.php\/wp-json\/wp\/v2\/types\/post"}],"author":[{"embeddable":true,"href":"http:\/\/hoycordobaweb.com\/index.php\/wp-json\/wp\/v2\/users\/1"}],"replies":[{"embeddable":true,"href":"http:\/\/hoycordobaweb.com\/index.php\/wp-json\/wp\/v2\/comments?post=55921"}],"version-history":[{"count":0,"href":"http:\/\/hoycordobaweb.com\/index.php\/wp-json\/wp\/v2\/posts\/55921\/revisions"}],"wp:featuredmedia":[{"embeddable":true,"href":"http:\/\/hoycordobaweb.com\/index.php\/wp-json\/wp\/v2\/media\/55922"}],"wp:attachment":[{"href":"http:\/\/hoycordobaweb.com\/index.php\/wp-json\/wp\/v2\/media?parent=55921"}],"wp:term":[{"taxonomy":"category","embeddable":true,"href":"http:\/\/hoycordobaweb.com\/index.php\/wp-json\/wp\/v2\/categories?post=55921"},{"taxonomy":"post_tag","embeddable":true,"href":"http:\/\/hoycordobaweb.com\/index.php\/wp-json\/wp\/v2\/tags?post=55921"}],"curies":[{"name":"wp","href":"https:\/\/api.w.org\/{rel}","templated":true}]}}