{"id":55919,"date":"2023-02-24T13:36:07","date_gmt":"2023-02-24T13:36:07","guid":{"rendered":"https:\/\/ladecimaweb.com\/?p=16046"},"modified":"2023-02-24T13:36:07","modified_gmt":"2023-02-24T13:36:07","slug":"salud-confirmo-nueve-casos-de-dengue-autoctono","status":"publish","type":"post","link":"http:\/\/hoycordobaweb.com\/index.php\/2023\/02\/24\/salud-confirmo-nueve-casos-de-dengue-autoctono\/","title":{"rendered":"Salud confirm\u00f3 nueve casos de dengue aut\u00f3ctono"},"content":{"rendered":"<div class=\"boldgrid-section\">\n<div class=\"container\">\n<div class=\"row\">\n<div class=\"col-md-12 col-xs-12 col-sm-12\">\n<p class=\"\"><em>(Prensa de gobierno)<\/em> El Ministerio de Salud de C\u00f3rdoba confirm\u00f3<span>&nbsp;<\/span><strong>nuevos casos de dengue aut\u00f3ctono<\/strong>&nbsp;de la temporada 2022-2023 en la provincia. Se trata de<span>&nbsp;<\/span><strong>nueve personas de la ciudad de C\u00f3rdoba, sin antecedes de viaje a otras regiones del pa\u00eds o al exterior<\/strong>.<\/p>\n<p>El lunes 20 de febrero se constataron dos casos de dengue, los cuales fueron notificados por el sistema de salud provincial, mediante la estrategia de vigilancia intensificada de s\u00edndrome febril agudo, cuando ambas personas consultaron en un centro de salud por s\u00edntomas compatibles con esta enfermedad.<\/p>\n<p class=\"\">A partir de la notificaci\u00f3n de estos casos,<span>&nbsp;<\/span><strong>se realizaron las acciones de control de foco correspondientes&nbsp;<\/strong>en la zona, en las que, hasta el momento, se<strong><span>&nbsp;<\/span>detectaron siete casos m\u00e1s.<span>&nbsp;<\/span><\/strong>Cabe destacar que las acciones de seguimiento en estas zonas se realizan en coordinaci\u00f3n con el municipio.<\/p>\n<p>Al respecto, Laura L\u00f3pez, directora de Epidemiolog\u00eda, inform\u00f3:<span>&nbsp;<\/span><em>\u201cLas nueve personas recibieron&nbsp;<strong>asistencia m\u00e9dica ambulatoria<\/strong>, sin requerimiento de internaci\u00f3n, y&nbsp;<strong>evolucionan favorablemente<\/strong>\u00ab.<\/em><\/p>\n<p>La especialista explic\u00f3 tambi\u00e9n que las acciones de control permiten&nbsp;<strong>reducir el riesgo de transmisi\u00f3n de la enfermedad:<span>&nbsp;<\/span><\/strong><em>\u201cEstos operativos incluyen la fumigaci\u00f3n intra y peridomiciliaria de la zona bajo estudio, adem\u00e1s, se brindan las recomendaciones para eliminar los potenciales criaderos y para el ordenamiento ambiental necesario para reducir la poblaci\u00f3n de mosquitos que puedan estar infectados. Tambi\u00e9n se suma la b\u00fasqueda de pacientes febriles que puedan estar cursando la enfermedad, o que la cursaron anteriormente sin advertirla\u201d<\/em><strong>,<span>&nbsp;<\/span><\/strong>detall\u00f3 la referente.<\/p>\n<p>Para que las acciones de bloqueo sean efectivas y se pueda controlar el brote, es fundamental que los y las vecinas permitan ingresar a los y las agentes sanitarios a sus domicilios y participen tomando las medidas preventivas recomendadas.<\/p>\n<p>Cabe aclarar que el equipo se encuentra identificado con credencial, n\u00famero de DNI y chalecos con logos del Ministerio de Salud. Ante cualquier duda en relaci\u00f3n a estos operativos, se puede llamar al 0800 1221 444.<\/p>\n<p>En lo que va de la temporada 22\/23, se reportaron&nbsp;<strong>16 casos de dengue en total<\/strong>, de los cuales, 11 son aut\u00f3ctonos, todos de Capital; y cinco tienen antecedentes de viaje a Bolivia, Colombia, M\u00e9xico y Per\u00fa. En cuanto a&nbsp;<strong>chikungunya<\/strong>,&nbsp;<strong>se contabilizan ocho casos<span>&nbsp;<\/span><\/strong>con antecedente de viaje a Paraguay.<\/p>\n<p><strong>S\u00edntomas y consulta temprana<\/strong><\/p>\n<p>Salud insiste en la&nbsp;<strong>importancia de la consulta m\u00e9dica oportuna por parte de la poblaci\u00f3n, ante la presencia de fiebre, dolor de cabeza, dolencia detr\u00e1s de los ojos, en las articulaciones y\/o los m\u00fasculos.<\/strong><\/p>\n<p><em>\u201cEs importante informar a la comunidad que algunos de los s\u00edntomas de Covid-19 inicialmente son similares y pueden confundirse con los de dengue, chikungunya y zika. De all\u00ed que resulta fundamental que todas las personas que presenten fiebre, dolor de cabeza, detr\u00e1s de los ojos, de m\u00fasculos y articulaciones concurran de manera inmediata a una consulta m\u00e9dica\u201d,<\/em>&nbsp;explic\u00f3 L\u00f3pez.<\/p>\n<p><strong>Medidas preventivas<\/strong><\/p>\n<p>Dengue, chikungunya y zika son enfermedades virales trasmitidas por el mosquito&nbsp;<em>Aedes aegypti<\/em>, que vive en los domicilios y en sus alrededores, por lo cual es importante profundizar las&nbsp;<a href=\"https:\/\/ministeriodesalud.cba.gov.ar\/recomendaciones-para-evitar-casos-de-dengue-chikungunya-y-zika\/\">medidas de cuidado<\/a>&nbsp;para evitar la proliferaci\u00f3n de mosquitos.<\/p>\n<p class=\"\"><em>&nbsp;\u201cEl mosquito que transmite el dengue habita en las viviendas, entonces es fundamental mantener limpios y desmalezados los patios, revisar la casa y sus jardines en busca de potenciales criaderos y evitar las picadura de mosquitos\u201d,<\/em>&nbsp;afirm\u00f3 L\u00f3pez.<\/p>\n<p>Tambi\u00e9n es&nbsp;<strong>esencial que quienes viajen a zonas tropicales o lugares con circulaci\u00f3n de los virus de dengue, chikungunya y zika extremen las medidas&nbsp;<\/strong>de cuidado para evitar picaduras.<\/p>\n<p class=\"\"><strong>Si durante el viaje o al regresar presentan s\u00edntomas<\/strong>&nbsp;como fiebre, dolor muscular, articular, de cabeza o detr\u00e1s de los ojos, decaimiento o sarpullido, deben&nbsp;<strong>realizar una consulta m\u00e9dica inmediata e informar sobre los pa\u00edses o regiones visitadas<\/strong>, y no consumir aspirinas o ibuprofeno ni aplicarse inyecciones intramusculares.<\/p>\n<p class=\"\">\n<div class=\"ubm_banner\"><a href=\"https:\/\/www.cba.gov.ar\" target=\"_blank\" rel=\"dofollow noopener noreferrer\"><img src=\"http:\/\/hoycordobaweb.com\/wp-content\/uploads\/2023\/02\/salud-confirmo-nueve-casos-de-dengue-autoctono.gif\" alt=\"\"><\/a><\/div>\n<\/div>\n<\/div>\n<\/div>\n<\/div>\n<p>La entrada <a rel=\"nofollow\" href=\"https:\/\/ladecimaweb.com\/salud-confirmo-nueve-casos-de-dengue-autoctono\/\">Salud confirm\u00f3 nueve casos de dengue aut\u00f3ctono<\/a> se public\u00f3 primero en <a rel=\"nofollow\" href=\"https:\/\/ladecimaweb.com\">LaDecima<\/a>.<\/p>\n","protected":false},"excerpt":{"rendered":"<p>(Prensa de gobierno) El Ministerio de Salud de C\u00f3rdoba confirm\u00f3&nbsp;nuevos casos de dengue aut\u00f3ctono&nbsp;de la temporada 2022-2023 en la provincia. Se trata de&nbsp;nueve personas de la ciudad de C\u00f3rdoba, sin antecedes de viaje a otras regiones del pa\u00eds o al exterior. El lunes 20 de febrero se constataron dos casos de dengue, los cuales fueron [&hellip;]<\/p>\n","protected":false},"author":1,"featured_media":55920,"comment_status":"closed","ping_status":"closed","sticky":false,"template":"","format":"standard","meta":[],"categories":[19],"tags":[],"_links":{"self":[{"href":"http:\/\/hoycordobaweb.com\/index.php\/wp-json\/wp\/v2\/posts\/55919"}],"collection":[{"href":"http:\/\/hoycordobaweb.com\/index.php\/wp-json\/wp\/v2\/posts"}],"about":[{"href":"http:\/\/hoycordobaweb.com\/index.php\/wp-json\/wp\/v2\/types\/post"}],"author":[{"embeddable":true,"href":"http:\/\/hoycordobaweb.com\/index.php\/wp-json\/wp\/v2\/users\/1"}],"replies":[{"embeddable":true,"href":"http:\/\/hoycordobaweb.com\/index.php\/wp-json\/wp\/v2\/comments?post=55919"}],"version-history":[{"count":0,"href":"http:\/\/hoycordobaweb.com\/index.php\/wp-json\/wp\/v2\/posts\/55919\/revisions"}],"wp:featuredmedia":[{"embeddable":true,"href":"http:\/\/hoycordobaweb.com\/index.php\/wp-json\/wp\/v2\/media\/55920"}],"wp:attachment":[{"href":"http:\/\/hoycordobaweb.com\/index.php\/wp-json\/wp\/v2\/media?parent=55919"}],"wp:term":[{"taxonomy":"category","embeddable":true,"href":"http:\/\/hoycordobaweb.com\/index.php\/wp-json\/wp\/v2\/categories?post=55919"},{"taxonomy":"post_tag","embeddable":true,"href":"http:\/\/hoycordobaweb.com\/index.php\/wp-json\/wp\/v2\/tags?post=55919"}],"curies":[{"name":"wp","href":"https:\/\/api.w.org\/{rel}","templated":true}]}}