{"id":55908,"date":"2023-02-23T10:24:00","date_gmt":"2023-02-23T10:24:00","guid":{"rendered":"https:\/\/fm-comunicar.com.ar\/contenido\/20035\/voladura-de-techos-y-arboles-caidos-en-av-san-martin-al-4600"},"modified":"2023-02-23T10:24:00","modified_gmt":"2023-02-23T10:24:00","slug":"voladura-de-techos-y-arboles-caidos-en-av-san-martin-al-4600","status":"publish","type":"post","link":"http:\/\/hoycordobaweb.com\/index.php\/2023\/02\/23\/voladura-de-techos-y-arboles-caidos-en-av-san-martin-al-4600\/","title":{"rendered":"Voladura de techos y \u00e1rboles ca\u00eddos en Av. San Mart\u00edn al 4600"},"content":{"rendered":"<p>Los damnificados aseguraron que se trat\u00f3 de una \u00abcola de tornado\u00bb. La chapas de un galp\u00f3n se volaron 50 metros hasta caer en la vereda. La Municipalidad est\u00e1 trabajando para liberar la Avenida.<img src=\"http:\/\/hoycordobaweb.com\/wp-content\/uploads\/2023\/02\/voladura-de-techos-y-arboles-caidos-en-av-san-martin-al-4600.jpg\"><\/p>\n","protected":false},"excerpt":{"rendered":"<p>Los damnificados aseguraron que se trat\u00f3 de una \u00abcola de tornado\u00bb. La chapas de un galp\u00f3n se volaron 50 metros hasta caer en la vereda. La Municipalidad est\u00e1 trabajando para liberar la Avenida.<\/p>\n","protected":false},"author":1,"featured_media":55909,"comment_status":"closed","ping_status":"closed","sticky":false,"template":"","format":"standard","meta":[],"categories":[18],"tags":[],"_links":{"self":[{"href":"http:\/\/hoycordobaweb.com\/index.php\/wp-json\/wp\/v2\/posts\/55908"}],"collection":[{"href":"http:\/\/hoycordobaweb.com\/index.php\/wp-json\/wp\/v2\/posts"}],"about":[{"href":"http:\/\/hoycordobaweb.com\/index.php\/wp-json\/wp\/v2\/types\/post"}],"author":[{"embeddable":true,"href":"http:\/\/hoycordobaweb.com\/index.php\/wp-json\/wp\/v2\/users\/1"}],"replies":[{"embeddable":true,"href":"http:\/\/hoycordobaweb.com\/index.php\/wp-json\/wp\/v2\/comments?post=55908"}],"version-history":[{"count":0,"href":"http:\/\/hoycordobaweb.com\/index.php\/wp-json\/wp\/v2\/posts\/55908\/revisions"}],"wp:featuredmedia":[{"embeddable":true,"href":"http:\/\/hoycordobaweb.com\/index.php\/wp-json\/wp\/v2\/media\/55909"}],"wp:attachment":[{"href":"http:\/\/hoycordobaweb.com\/index.php\/wp-json\/wp\/v2\/media?parent=55908"}],"wp:term":[{"taxonomy":"category","embeddable":true,"href":"http:\/\/hoycordobaweb.com\/index.php\/wp-json\/wp\/v2\/categories?post=55908"},{"taxonomy":"post_tag","embeddable":true,"href":"http:\/\/hoycordobaweb.com\/index.php\/wp-json\/wp\/v2\/tags?post=55908"}],"curies":[{"name":"wp","href":"https:\/\/api.w.org\/{rel}","templated":true}]}}