{"id":55902,"date":"2023-02-24T08:01:02","date_gmt":"2023-02-24T08:01:02","guid":{"rendered":"https:\/\/www.espinof.com\/estrenos\/payaso-salvaje-nueva-dosis-thriller-embotellado-mejor-peor-estrenos-cine"},"modified":"2023-02-24T08:01:02","modified_gmt":"2023-02-24T08:01:02","slug":"el-payaso-mas-salvaje-contra-la-nueva-dosis-de-thriller-embotellado-lo-mejor-y-lo-peor-de-los-estrenos-de-cine","status":"publish","type":"post","link":"http:\/\/hoycordobaweb.com\/index.php\/2023\/02\/24\/el-payaso-mas-salvaje-contra-la-nueva-dosis-de-thriller-embotellado-lo-mejor-y-lo-peor-de-los-estrenos-de-cine\/","title":{"rendered":"El payaso m\u00e1s salvaje contra la nueva dosis de thriller embotellado: lo mejor y lo peor de los estrenos de cine"},"content":{"rendered":"<div><img src=\"http:\/\/hoycordobaweb.com\/wp-content\/uploads\/2023\/02\/el-payaso-mas-salvaje-contra-la-nueva-dosis-de-thriller-embotellado-lo-mejor-y-lo-peor-de-los-estrenos-de-cine.jpg\" class=\"ff-og-image-inserted\"><\/div>\n<p>Si hoy hay <strong>estrenos de cine<\/strong>, es que es viernes; concretamente el 24 de un mes de febrero a punto de decirnos adi\u00f3s y que trae bajo el brazo un buen pu\u00f1ado de novedades a nuestras salas. En esta ocasi\u00f3n no hay nominadas a los \u00d3scar entre ellas, pero s\u00ed <strong>alg\u00fan que otro t\u00edtulo especialmente jugoso<\/strong> que no conviene perderse en pantalla grande. Vamos a repasar qu\u00e9 podemos llevarnos a nuestras retinas este finde.&nbsp;<\/p>\n<p><!-- BREAK 1 --><\/p>\n<h2>Los estrenos del 24 de febrero de 2023<\/h2>\n<h3>&#8216;Missing&#8217; (2023)<\/h3>\n<ul>\n<li>Es una secuela de &#8216;Searching&#8230;&#8217;, el sorprendente thriller de 2018 que nos sumerg\u00eda en una investigaci\u00f3n a trav\u00e9s de una pantalla de ordenador.<\/li>\n<li>Est\u00e1 dirigida a cuatro manos por Nicholas D. Johnson y Will Merrick, los montadores de su predecesora.<\/li>\n<li>Est\u00e1 protagonizada por Tim Griffi, Nia Long, Ken Leung y May Landecker.<\/li>\n<li>Si os gust\u00f3 la primera entrega, la f\u00f3rmula de &#8216;Missing&#8217; es pr\u00e1cticamente id\u00e9ntica.&nbsp;<\/li>\n<\/ul>\n<h3>&#8216;Terrifier 2&#8217; (2022)<\/h3>\n<ul>\n<li>Despu\u00e9s de que la viese todo el mundo en Terror Molins \u2014j\u00e9\u2014 &#8216;Terrifier 2&#8217; llega a nuestras salas de cine tras convertirse en uno de los fen\u00f3menos cinematogr\u00e1ficos de 2022.<\/li>\n<li>Es una secuela de &#8216;Terrifier&#8217;, basada a su vez en el cortometraje hom\u00f3nimo de Damien Leone, que vuelve a ejercer como director y guionista.<\/li>\n<li>Se ha vendido como una de las pel\u00edculas m\u00e1s violentas, desagradables y salvajes de los \u00faltimos tiempos.<\/li>\n<li>Dura la friolera de 138 minutos, lo cual no parece lo \u00f3ptimo para un slasher sin mayores \u00ednfulas que sacar a relucir sus efectos especiales.&nbsp;<\/li>\n<\/ul>\n<p>Cr\u00edtica en Espinof: <a href=\"https:\/\/www.espinof.com\/criticas\/he-visto-terrifier-2-su-polemica-esta-justificada-pelicula-terror-repugnante-sangrienta-divertida-ano\">He visto \u2018Terrifier 2\u2019 y su pol\u00e9mica est\u00e1 justificada: es la pel\u00edcula de terror m\u00e1s repugnante, sangrienta y divertida del a\u00f1o<\/a><\/p>\n<p><!-- BREAK 2 --> <\/p>\n<h3>&#8216;Till, el crimen que lo cambi\u00f3 todo&#8217; (&#8216;Till&#8217;, 2022)<\/h3>\n<ul>\n<li>Est\u00e1 dirigida por Chinonye Chukwu, que debut\u00f3 en el largometraje el pasado 2019 con &#8216;Clemency&#8217;.<\/li>\n<li>Est\u00e1 basada en la historia real de Emmett Louis Till y la lucha de su madre por hacer justicia tras su asesinato.<\/li>\n<li>La pel\u00edcula ha aprovechado los 27 a\u00f1os de investigaci\u00f3n realizada por Keith Beauchamp sobre el caso, que permitieron su reapertura en 2004.<\/li>\n<li>En 2005, el propio Beauchamp estren\u00f3 el documental &#8216;The Untold Story of Emmett Louis Till&#8217; sobre el mismo incidente.<\/li>\n<\/ul>\n<h3>&#8216;Irati&#8217; (2022)<\/h3>\n<ul>\n<li>Es la nueva pel\u00edcula de Paul Urkijo, que nos regal\u00f3 en 2017 la notable &#8216;Errementari (El herrero y el diablo)&#8217;.<\/li>\n<li>Nuevamente se ha sumergido en la rica mitolog\u00eda vasca para dar forma a una fantas\u00eda \u00e9pica con un esp\u00edritu heredado del Conan de Milius.&nbsp;<\/li>\n<li>Est\u00e1 rodada en euskera y protagonizada por Edume Azkarate, Eneko Sagardoy e Itziar Itu\u00f1o, entre otros.<\/li>\n<li>Llega a nuestros cines tras ser injustamente ninguneada en los Goya \u2014donde recibi\u00f3 cinco infructuosas nominaciones\u2014 y despu\u00e9s de alzarse con el Premio del p\u00fablico en el Festival de Sitges.<\/li>\n<\/ul>\n<h2>Y adem\u00e1s&#8230;<\/h2>\n<h3>&#8216;The Quiet Girl&#8217; (2022)<\/h3>\n<h3>&#8216;Asuntos familiares&#8217; (&#8216;Fr\u00e8re et soeur&#8217;, 2022)<\/h3>\n<h3>&#8216;Rumba terapia&#8217; (&#8216;Rumba la vie&#8217;, 2022)<\/h3>\n<h3>&#8216;El cielo no puede esperar&#8217; (2022)<\/h3>\n<h3>&#8216;Bill y Janet y otras cr\u00f3nicas marcianas&#8217; (&#8216;The Smeds and the Smoos&#8217;, 2022)<\/h3>\n<h3>&#8216;Disturbios&#8217; (&#8216;Unrueh&#8217;, 2022)<\/h3>\n<h3>&#8216;Shooting for Mirza&#8217; (2021)<\/h3>\n","protected":false},"excerpt":{"rendered":"<p>Si hoy hay estrenos de cine, es que es viernes; concretamente el 24 de un mes de febrero a punto de decirnos adi\u00f3s y que trae bajo el brazo un buen pu\u00f1ado de novedades a nuestras salas. En esta ocasi\u00f3n no hay nominadas a los \u00d3scar entre ellas, pero s\u00ed alg\u00fan que otro t\u00edtulo especialmente [&hellip;]<\/p>\n","protected":false},"author":1,"featured_media":55903,"comment_status":"open","ping_status":"closed","sticky":false,"template":"","format":"standard","meta":[],"categories":[10],"tags":[],"_links":{"self":[{"href":"http:\/\/hoycordobaweb.com\/index.php\/wp-json\/wp\/v2\/posts\/55902"}],"collection":[{"href":"http:\/\/hoycordobaweb.com\/index.php\/wp-json\/wp\/v2\/posts"}],"about":[{"href":"http:\/\/hoycordobaweb.com\/index.php\/wp-json\/wp\/v2\/types\/post"}],"author":[{"embeddable":true,"href":"http:\/\/hoycordobaweb.com\/index.php\/wp-json\/wp\/v2\/users\/1"}],"replies":[{"embeddable":true,"href":"http:\/\/hoycordobaweb.com\/index.php\/wp-json\/wp\/v2\/comments?post=55902"}],"version-history":[{"count":0,"href":"http:\/\/hoycordobaweb.com\/index.php\/wp-json\/wp\/v2\/posts\/55902\/revisions"}],"wp:featuredmedia":[{"embeddable":true,"href":"http:\/\/hoycordobaweb.com\/index.php\/wp-json\/wp\/v2\/media\/55903"}],"wp:attachment":[{"href":"http:\/\/hoycordobaweb.com\/index.php\/wp-json\/wp\/v2\/media?parent=55902"}],"wp:term":[{"taxonomy":"category","embeddable":true,"href":"http:\/\/hoycordobaweb.com\/index.php\/wp-json\/wp\/v2\/categories?post=55902"},{"taxonomy":"post_tag","embeddable":true,"href":"http:\/\/hoycordobaweb.com\/index.php\/wp-json\/wp\/v2\/tags?post=55902"}],"curies":[{"name":"wp","href":"https:\/\/api.w.org\/{rel}","templated":true}]}}