{"id":55870,"date":"2023-02-23T14:57:51","date_gmt":"2023-02-23T14:57:51","guid":{"rendered":"https:\/\/www.ole.com.ar\/boca-juniors\/superclasico-trofeo-de-campeones-final-boca-river_0_LISNW9BHZM.html"},"modified":"2023-02-23T14:57:51","modified_gmt":"2023-02-23T14:57:51","slug":"como-y-cuando-ven-en-boca-la-final-contra-river","status":"publish","type":"post","link":"http:\/\/hoycordobaweb.com\/index.php\/2023\/02\/23\/como-y-cuando-ven-en-boca-la-final-contra-river\/","title":{"rendered":"\u00bfC\u00f3mo y cu\u00e1ndo ven en Boca la final contra River?"},"content":{"rendered":"<p><img src=\"http:\/\/hoycordobaweb.com\/wp-content\/uploads\/2023\/02\/como-y-cuando-ven-en-boca-la-final-contra-river.jpg\"><\/p>\n<div class=\"custom-text \" readability=\"43\">\n<p><strong>\u00abNosotros no tenemos las finales que les dan a los dem\u00e1s\u00bb<\/strong>. Juan Rom\u00e1n Riquelme las pidi\u00f3 all\u00e1 por diciembre del 2021 y, de a poco, esas definiciones van llegando. Ya pasaron dos, contra Racing, que el equipo de Hugo Ibarra dej\u00f3 pasar. Pero ya hay revancha. Ahora, a la vuelta de la esquina, hay otra que tiene un condimento extra: <strong>ser\u00e1 nada menos que contra River, por el Trofeo de Campeones 2020. Y aunque falte (o no tanto) para que concrete, ya se juega&#8230;<\/strong><\/p>\n<\/div>\n<div class=\"custom-text \" readability=\"42\">\n<p>\u00bfC\u00f3mo cay\u00f3 en Boca la victoria del Millo ante Banfield y este nuevo supercl\u00e1sico que esta vez vale una estrella?<strong> <\/strong>En el b\u00fanker Ezeiza, est\u00e1 claro, siguieron muy de cerca el partido. Y en parte, aunque el f\u00fatbol siempre da sorpresa,<strong> era un resultado que consideraron \u00abesperable\u00bb<\/strong>. En efecto, tener que cruzarse con River era una posibilidad tan concreta que, en alg\u00fan punto, no sorprendi\u00f3. Y el hecho de que Boca logr\u00f3 cambiar<strong> la racha supercl\u00e1sica desde que arranc\u00f3 la era Riquelme inclina tambi\u00e9n la situaci\u00f3n a un semblante favorable&#8230;<\/strong><\/p>\n<\/div>\n<div class=\"sc-996041c8-0 kvfKM\"><img alt=\"Riquelme, desde su palco, disfrut\u00f3 de una buena racha contra River. (MARCELO CARROLL)\" src=\"http:\/\/hoycordobaweb.com\/wp-content\/uploads\/2023\/02\/como-y-cuando-ven-en-boca-la-final-contra-river-2.jpg\" width=\"720\" height=\"0\" decoding=\"async\" data-nimg=\"future\" loading=\"lazy\"><span>Riquelme, desde su palco, disfrut\u00f3 de una buena racha contra River. (MARCELO CARROLL)<\/span><\/div>\n<div class=\"sc-489cef11-0 jHGTKj\" readability=\"6\">\n<section readability=\"2\"><picture><img class=\"img\" src=\"http:\/\/hoycordobaweb.com\/wp-content\/uploads\/2023\/02\/como-y-cuando-ven-en-boca-la-final-contra-river-3.jpg\" alt=\"Las cuatro decisiones bomba de Hugo Ibarra en el 11 de Boca\" height=\"290\" width=\"290\" loading=\"lazy\"><\/picture>\n<p><span>Mir\u00e1 tambi\u00e9n<\/span><\/p>\n<hr>\n<h3>Las cuatro decisiones bomba de Hugo Ibarra en el 11 de Boca<\/h3>\n<\/p>\n<\/section>\n<\/div>\n<div class=\"custom-text \" readability=\"44\">\n<p>En ese sentido, con el vice en el palco,<strong> el Xeneize le gan\u00f3 a River dos veces, perdi\u00f3 una y de los otros cuatro partidos empatados, en dos venci\u00f3 por penales<\/strong>, eliminando a su rival de la Copa de Liga y de la Copa Argentina, ambas en 2021. Incluso, en el 2022, logr\u00f3 imponerse en los supercl\u00e1sicos que se disputaron, ambos por 1 a 0.<\/p>\n<\/div>\n<p><h2><strong>\u00bfCu\u00e1ndo?<\/strong><\/h2>\n<\/p>\n<div class=\"custom-text \" readability=\"41\">\n<p>Ahora bien, en Boca no comen vidrio. <strong>Y tambi\u00e9n entienden cu\u00e1les son los riesgos y los costos de estos partidos, capaces de bendecir o enterrar un ciclo o de cambiar justamente esa \u00abpaternidad\u00bb instalada en la era Rom\u00e1n. De todos modos, la reacci\u00f3n, por lo pronto, es \u00abjugar el partido lo antes que se pueda\u00bb.<\/strong> Ese fue el mensaje que baj\u00f3 Riquelme y su Consejo. Y lo que el Xeneize ir\u00eda a negociar, cuando las partes se sienten con la Liga a definir la fecha.<\/p>\n<\/div>\n<div class=\"sc-e6588e40-0 jMZSMl\">\n<div class=\"sc-e6588e40-1 ghdCia videoText\" id=\"contentTitleundefinedrV2R3b3e\" readability=\"56\"><svg fill=\"#ffffff\"><symbol id=\"play\" viewBox=\"0 0 512 512\"><path d=\"M512 256C512 397.4 397.4 512 256 512C114.6 512 0 397.4 0 256C0 114.6 114.6 0 256 0C397.4 0 512 114.6 512 256zM176 168V344C176 352.7 180.7 360.7 188.3 364.9C195.8 369.2 205.1 369 212.5 364.5L356.5 276.5C363.6 272.1 368 264.4 368 256C368 247.6 363.6 239.9 356.5 235.5L212.5 147.5C205.1 142.1 195.8 142.8 188.3 147.1C180.7 151.3 176 159.3 176 168V168z\" \/><\/symbol><use xlink:href=\"#play\" \/><\/svg><\/p>\n<div class=\"right\" readability=\"7\">\n<p>Dar\u00edo Benedetto<!-- --> &#8211;<!-- --> <span>23-2-2023<\/span><\/p>\n<h2 class=\"title-vid\">Cabezazo de Benedetto para el 1-0<\/h2>\n<\/div>\n<\/div>\n<p><span class=\"back\" id=\"spanBackundefinedrV2R3b3e\"><\/span><\/div>\n<div class=\"sc-489cef11-0 jHGTKj\" readability=\"7\">\n<section readability=\"4\"><picture><img class=\"img\" src=\"http:\/\/hoycordobaweb.com\/wp-content\/uploads\/2023\/02\/como-y-cuando-ven-en-boca-la-final-contra-river-4.jpg\" alt=\"&quot;Ven\u00ed a jugar, pueden ganar, no somos tan buenos&quot;\" height=\"290\" width=\"290\" loading=\"lazy\"><\/picture>\n<p><span>Mir\u00e1 tambi\u00e9n<\/span><\/p>\n<hr>\n<h3>\u00abVen\u00ed a jugar, pueden ganar, no somos tan buenos\u00bb<\/h3>\n<\/p>\n<\/section>\n<\/div>\n<div class=\"custom-text \" readability=\"41\">\n<p>En Boca tambi\u00e9n son conscientes de que el calendario empieza a ser cada vez m\u00e1s apretado. Porque adem\u00e1s del campeonato local, el Xeneize tiene ahora el pr\u00f3ximo mi\u00e9rcoles la final con Patronato por la Supercopa Argentina, luego tiene una fecha prevista para el 25 de marzo para su postergado debut en la Copa Argentina (ante Olimpo) y <strong>ya en abril arranca la fase de grupos de la Copa Libertadores.<\/strong> Pero a\u00fan as\u00ed, la idea en el Xeneize es intentar jugar apenas se genere un hueco<strong>. Incluso, aunque marzo venga movidito, no ven mal la fecha del mi\u00e9rcoles 15\/3, por ejemplo. A tomar nota&#8230;<\/strong><\/p>\n<\/div>\n<div class=\"sc-489cef11-0 jHGTKj\" readability=\"6\">\n<section readability=\"2\"><picture><img class=\"img\" src=\"http:\/\/hoycordobaweb.com\/wp-content\/uploads\/2023\/02\/como-y-cuando-ven-en-boca-la-final-contra-river-5.jpg\" alt=\"La agenda de Boca: una final y nuevas fechas confirmadas\" height=\"290\" width=\"290\" loading=\"lazy\"><\/picture>\n<p><span>Mir\u00e1 tambi\u00e9n<\/span><\/p>\n<hr>\n<h3>La agenda de Boca: una final y nuevas fechas confirmadas<\/h3>\n<\/p>\n<\/section>\n<\/div>\n<div class=\"custom-text \" readability=\"44\">\n<p>Despu\u00e9s, mayo tambi\u00e9n es un mes que podr\u00eda tener alguna ventana para que se pueda disputar el S\u00faper, a pesar de que ya tiene programado otro, el de la Liga, justamente para el domingo 7, en el Monumental, por la fecha 15. <strong>\u00bfEntonces, es posible soportar dos supercl\u00e1sicos en un mismo mes, con el costo que eso podr\u00eda tener (seg\u00fan los resultados) para los ciclos de ambos entrenadores?<\/strong> Es lo que deber\u00e1n resolver ambas dirigencias. Aunque en el Xeneize lo ver\u00edan como una posibilidad, porque el objetivo inicial es que esta final no pase de este semestre.<\/p>\n<\/div>\n<div class=\"custom-text \">\n<p>Continuar\u00e1&#8230;<\/p>\n<\/div>\n","protected":false},"excerpt":{"rendered":"<p>\u00abNosotros no tenemos las finales que les dan a los dem\u00e1s\u00bb. Juan Rom\u00e1n Riquelme las pidi\u00f3 all\u00e1 por diciembre del 2021 y, de a poco, esas definiciones van llegando. Ya pasaron dos, contra Racing, que el equipo de Hugo Ibarra dej\u00f3 pasar. Pero ya hay revancha. Ahora, a la vuelta de la esquina, hay otra [&hellip;]<\/p>\n","protected":false},"author":1,"featured_media":55871,"comment_status":"open","ping_status":"closed","sticky":false,"template":"","format":"standard","meta":[],"categories":[16],"tags":[],"_links":{"self":[{"href":"http:\/\/hoycordobaweb.com\/index.php\/wp-json\/wp\/v2\/posts\/55870"}],"collection":[{"href":"http:\/\/hoycordobaweb.com\/index.php\/wp-json\/wp\/v2\/posts"}],"about":[{"href":"http:\/\/hoycordobaweb.com\/index.php\/wp-json\/wp\/v2\/types\/post"}],"author":[{"embeddable":true,"href":"http:\/\/hoycordobaweb.com\/index.php\/wp-json\/wp\/v2\/users\/1"}],"replies":[{"embeddable":true,"href":"http:\/\/hoycordobaweb.com\/index.php\/wp-json\/wp\/v2\/comments?post=55870"}],"version-history":[{"count":0,"href":"http:\/\/hoycordobaweb.com\/index.php\/wp-json\/wp\/v2\/posts\/55870\/revisions"}],"wp:featuredmedia":[{"embeddable":true,"href":"http:\/\/hoycordobaweb.com\/index.php\/wp-json\/wp\/v2\/media\/55871"}],"wp:attachment":[{"href":"http:\/\/hoycordobaweb.com\/index.php\/wp-json\/wp\/v2\/media?parent=55870"}],"wp:term":[{"taxonomy":"category","embeddable":true,"href":"http:\/\/hoycordobaweb.com\/index.php\/wp-json\/wp\/v2\/categories?post=55870"},{"taxonomy":"post_tag","embeddable":true,"href":"http:\/\/hoycordobaweb.com\/index.php\/wp-json\/wp\/v2\/tags?post=55870"}],"curies":[{"name":"wp","href":"https:\/\/api.w.org\/{rel}","templated":true}]}}