{"id":55864,"date":"2023-02-20T22:51:57","date_gmt":"2023-02-20T22:51:57","guid":{"rendered":"https:\/\/ladecimaweb.com\/?p=16015"},"modified":"2023-02-20T22:51:57","modified_gmt":"2023-02-20T22:51:57","slug":"mas-de-350-mil-personas-disfrutaron-de-la-temporada-de-verano-en-la-ciudad","status":"publish","type":"post","link":"http:\/\/hoycordobaweb.com\/index.php\/2023\/02\/20\/mas-de-350-mil-personas-disfrutaron-de-la-temporada-de-verano-en-la-ciudad\/","title":{"rendered":"M\u00e1s de 350 mil personas disfrutaron de la temporada de verano en la ciudad"},"content":{"rendered":"<div class=\"boldgrid-section\">\n<div class=\"container\">\n<div class=\"row\">\n<div class=\"col-md-12 col-xs-12 col-sm-12\">\n<p class=\"\">En el marco del cierre de temporada de verano, m\u00e1s de 350.000 personas disfrutaron del calor en la ciudad junto a las numerosas y diversas propuestas en los espacios p\u00fablicos.<\/p>\n<p class=\"\">Hasta el domingo 19 de febrero, los 11 natatorios de la Municipalidad de C\u00f3rdoba fueron una excelente alternativa para el encuentro de los vecinos, las familias y compartir con amigos.<\/p>\n<p class=\"\">Miguel Siciliano, secretario de Gobierno y Gesti\u00f3n General de Gabinete, destac\u00f3 la satisfacci\u00f3n del municipio al observar la gran convocatoria en las piletas municipales: \u201cTuvimos una temporada de verano espectacular en la ciudad. Sentimos que la gente empieza a apropiarse del espacio p\u00fablico cuando est\u00e1 cuidado y eso, para nosotros, es saber que estamos cumpliendo con aquella promesa de recuperar y devolver a los vecinos lo que les corresponde.\u201d<\/p>\n<p class=\"\">A las piletas de los polideportivos municipales se les sumaron la de los Parques Educativos Este y Norte y los Centros de Desarrollo Deportivo de Villa El Libertador, Centro Mart\u00edn G\u00fcemes, Centro Deportivo Rafael N\u00fa\u00f1ez, Natatorio Provincial Mercantil, Centro Deportivo Talleres Oeste y Centro Deportivo Villa Allende.<\/p>\n<p>Las actividades en los natatorios durante toda la temporada estuvieron a cargo de los profesores y guardavidas, adem\u00e1s de contar con m\u00e9dicos y personal para la atenci\u00f3n de los concurrentes.<\/p>\n<p class=\"\"><img loading=\"lazy\" class=\"alignnone wp-image-16017\" src=\"http:\/\/hoycordobaweb.com\/wp-content\/uploads\/2023\/02\/mas-de-350-mil-personas-disfrutaron-de-la-temporada-de-verano-en-la-ciudad.jpg\" alt=\"\" width=\"585\" height=\"390\" srcset=\"http:\/\/hoycordobaweb.com\/wp-content\/uploads\/2023\/02\/mas-de-350-mil-personas-disfrutaron-de-la-temporada-de-verano-en-la-ciudad.jpg 1500w, http:\/\/hoycordobaweb.com\/wp-content\/uploads\/2023\/02\/mas-de-350-mil-personas-disfrutaron-de-la-temporada-de-verano-en-la-ciudad-1.jpg 666w, http:\/\/hoycordobaweb.com\/wp-content\/uploads\/2023\/02\/mas-de-350-mil-personas-disfrutaron-de-la-temporada-de-verano-en-la-ciudad-2.jpg 768w\" sizes=\"(max-width: 585px) 100vw, 585px\" \/><\/p>\n<p class=\"\">Los costos por persona part\u00edan desde los 70 pesos, seg\u00fan el predio elegido y las actividades. Las personas mayores de 60 a\u00f1os, con discapacidad y ni\u00f1os menores de cinco a\u00f1os tuvieron acceso gratuito.<\/p>\n<p>Ubicados en diferentes puntos de la ciudad, los natatorios estuvieron acondicionados y preparados para el programa \u201cDerecho al Verano\u201d, una pol\u00edtica conjunta entre el gobierno municipal y provincial, para que todos los vecinos puedan acceder a m\u00faltiples actividades dentro del agua.<\/p>\n<p class=\"\">Entre las variadas opciones, se propuso como cada a\u00f1o, las escuelas de verano, actividades para adultos mayores y personas con discapacidad, como as\u00ed tambi\u00e9n de manera recreativa o libre.<\/p>\n<p class=\"\">Medardo Ligorria expres\u00f3 su satisfacci\u00f3n por la oferta brindada a los vecinos: &#8220;Estamos muy contentos por la respuesta de los cordobeses y de los extranjeros que visitaron nuestra ciudad. Llegamos a la conclusi\u00f3n que estamos ante una de las temporadas m\u00e1s exitosas que ha tenido la Municipalidad. Los invito a continuar a las actividades de los polideportivos durante el invierno &#8220;.<\/p>\n<p class=\"\">\n<div class=\"ubm_banner\"><a href=\"https:\/\/www.cba.gov.ar\" target=\"_blank\" rel=\"dofollow noopener noreferrer\"><img src=\"http:\/\/hoycordobaweb.com\/wp-content\/uploads\/2023\/02\/mas-de-350-mil-personas-disfrutaron-de-la-temporada-de-verano-en-la-ciudad.gif\" alt=\"\"><\/a><\/div>\n<\/div>\n<\/div>\n<\/div>\n<\/div>\n<p>La entrada <a rel=\"nofollow\" href=\"https:\/\/ladecimaweb.com\/mas-de-350-mil-personas-disfrutaron-de-la-temporada-de-verano-en-la-ciudad\/\">M\u00e1s de 350 mil personas disfrutaron de la temporada de verano en la ciudad<\/a> se public\u00f3 primero en <a rel=\"nofollow\" href=\"https:\/\/ladecimaweb.com\">LaDecima<\/a>.<\/p>\n","protected":false},"excerpt":{"rendered":"<p>En el marco del cierre de temporada de verano, m\u00e1s de 350.000 personas disfrutaron del calor en la ciudad junto a las numerosas y diversas propuestas en los espacios p\u00fablicos. Hasta el domingo 19 de febrero, los 11 natatorios de la Municipalidad de C\u00f3rdoba fueron una excelente alternativa para el encuentro de los vecinos, las [&hellip;]<\/p>\n","protected":false},"author":1,"featured_media":55865,"comment_status":"closed","ping_status":"closed","sticky":false,"template":"","format":"standard","meta":[],"categories":[19],"tags":[],"_links":{"self":[{"href":"http:\/\/hoycordobaweb.com\/index.php\/wp-json\/wp\/v2\/posts\/55864"}],"collection":[{"href":"http:\/\/hoycordobaweb.com\/index.php\/wp-json\/wp\/v2\/posts"}],"about":[{"href":"http:\/\/hoycordobaweb.com\/index.php\/wp-json\/wp\/v2\/types\/post"}],"author":[{"embeddable":true,"href":"http:\/\/hoycordobaweb.com\/index.php\/wp-json\/wp\/v2\/users\/1"}],"replies":[{"embeddable":true,"href":"http:\/\/hoycordobaweb.com\/index.php\/wp-json\/wp\/v2\/comments?post=55864"}],"version-history":[{"count":0,"href":"http:\/\/hoycordobaweb.com\/index.php\/wp-json\/wp\/v2\/posts\/55864\/revisions"}],"wp:featuredmedia":[{"embeddable":true,"href":"http:\/\/hoycordobaweb.com\/index.php\/wp-json\/wp\/v2\/media\/55865"}],"wp:attachment":[{"href":"http:\/\/hoycordobaweb.com\/index.php\/wp-json\/wp\/v2\/media?parent=55864"}],"wp:term":[{"taxonomy":"category","embeddable":true,"href":"http:\/\/hoycordobaweb.com\/index.php\/wp-json\/wp\/v2\/categories?post=55864"},{"taxonomy":"post_tag","embeddable":true,"href":"http:\/\/hoycordobaweb.com\/index.php\/wp-json\/wp\/v2\/tags?post=55864"}],"curies":[{"name":"wp","href":"https:\/\/api.w.org\/{rel}","templated":true}]}}